{"id":2542,"date":"2020-05-09T15:31:00","date_gmt":"2020-05-09T15:31:00","guid":{"rendered":"http:\/\/colegiolourdes.es\/?p=2542"},"modified":"2025-05-05T11:45:29","modified_gmt":"2025-05-05T09:45:29","slug":"graduacion-virtual-de-2o-de-bachillerato","status":"publish","type":"post","link":"https:\/\/colegiolourdes.es\/index.php\/2020\/05\/graduacion-virtual-de-2o-de-bachillerato\/","title":{"rendered":"Graduaci\u00f3n virtual de 2\u00ba de Bachillerato"},"content":{"rendered":"<div class=\"brz-root__container brz-reset-all brz brz-root__container-page\">\n<section id=\"_yrvsfvlogiajavdycwhmcjjjxqqsgknzujmj\" class=\"brz-section brz-css-zru93u brz-css-rlhc9q\">\n<div class=\"brz-section__content brz-section--fullWidth brz-css-hkidmw brz-css-1qvvxhv\" data-brz-custom-id=\"xvulwemrintftpyxnalowtqrdztcyhukfycq\">\n<div class=\"brz-bg\">\n<div class=\"brz-bg-image\"><\/div>\n<\/div>\n<div class=\"brz-container brz-css-1rw7276 brz-css-7of9c2\"><\/div>\n<\/div>\n<\/section>\n<section id=\"_usvxkzznfouchmprmxelmqghismnvqthksoj\" class=\"brz-section brz-css-zru93u\">\n<div class=\"brz-section__content brz-section--boxed brz-css-hkidmw brz-css-1j44glc\" data-brz-custom-id=\"ttcwciacelltcqvptvmlsqtkdickkdcmvvpz\">\n<div class=\"brz-bg\">\n<div class=\"brz-bg-color\"><\/div>\n<\/div>\n<div class=\"brz-container brz-css-1rw7276\">\n<div class=\"brz-row__container brz-css-b5ll7h\" data-brz-custom-id=\"odnhniqlksgvpuoaagadxmcihwjtzfotqhdn\">\n<div class=\"brz-bg\"><\/div>\n<div class=\"brz-row brz-css-145hcnu\">\n<div class=\"brz-columns brz-css-1c6rpqq brz-css-x4hln3\" data-brz-custom-id=\"fwjlktqbiqluxcovurfuatvbywkxyfhogwlo\">\n<div class=\"brz-bg\"><\/div>\n<div class=\"brz-column__items brz-css-1jk733q brz-css-ux5ml5\">\n<div id=\"\" class=\"brz-css-ihn7qa brz-css-1nzcg02 brz-wrapper\">\n<div class=\"brz-video brz-youtube-video brz-video-on-controls-hidden brz-css-7mjxk2\" data-brz-custom-id=\"iiojqbtnvnryhybklxsuonmzlvzigyhbskuo\">\n<div class=\"brz-video-content\" data-loop=\"false\" data-muted=\"false\" data-autoplay=\"off\">\n<div class=\"video-wrapper brz-image-fix-16-9\">\n<div class=\"brz-video-data brz-hidden\" data-src=\"https:\/\/www.youtube.com\/embed\/fvGD0D1MacE?autoplay=0&amp;controls=1&amp;start=0&amp;end=0&amp;modestbranding=0&amp;wmode=transparent&amp;enablejsapi=1&amp;loop=0&amp;rel=0&amp;mute=0\" data-population=\"\" data-controls=\"true\" data-branding=\"true\" data-intro=\"true\" data-start=\"0\" data-end=\"0\" data-loop=\"false\" data-autoplay=\"off\"><\/div>\n<\/div>\n<\/div>\n<\/div>\n<\/div>\n<div id=\"\" class=\"brz-css-ihn7qa brz-css-1n6qxx0 brz-wrapper\">\n<div class=\"brz-line brz-line-default brz-css-xe4005 brz-css-6ccfhr\" data-brz-custom-id=\"vliuesgdrevykahxptxxfedszejwzktdmzho\">\n<hr class=\"brz-hr\"><\/div>\n<\/div>\n<div id=\"\" class=\"brz-css-ihn7qa brz-wrapper\">\n<div class=\"brz-rich-text brz-rich-text__custom brz-css-cy8uoy\" data-brz-custom-id=\"litswwyhdelxjbxxfwfmspoghslvezeazwff\">\n<div data-brz-translate-text=\"1\">\n<p class=\"brz-tp-paragraph brz-text-lg-justify brz-css-b3JsL\"><span class=\"brz-cp-color7\">Los compa\u00f1eros de 2\u00ba de Bachillerato no hemos podido contener las ganas y la ilusi\u00f3n por prepararnos para lo que hoy ser\u00eda nuestra graduaci\u00f3n.Ya que no ha sido posible hacerlo en directo, hemos preparado este v\u00eddeo en el que os tenemos presentes a todos los que hab\u00e9is formado parte de nuestra vida, crecimiento y educaci\u00f3n, tambi\u00e9n a los compa\u00f1eros con quienes pas\u00e1bamos cada d\u00eda en el colegio.Ah\u00ed va, desde una distancia muy cercana: bonitos recuerdos, la emoci\u00f3n pertinente de una fecha tan se\u00f1alada y nuestro mensaje sincero y puro, sin duda cargado de Sentimiento Lourdes. \u00a1Que lo disfrut\u00e9is!<\/span><\/p>\n<\/div>\n<\/div>\n<\/div>\n<\/div>\n<\/div>\n<div class=\"brz-columns brz-css-1c6rpqq brz-css-sczqj9\" data-brz-custom-id=\"nnjareluuchlwlnntdambikoxqnembvzwtha\">\n<div class=\"brz-bg\"><\/div>\n<div class=\"brz-column__items brz-css-1jk733q brz-css-145wvhf\">\n<div id=\"\" class=\"brz-css-ihn7qa brz-css-b8p1kz brz-wrapper\">\n<div class=\"brz-rich-text brz-rich-text__custom brz-css-cy8uoy\" data-brz-custom-id=\"jfvvmyqvwcwefqtohxvaohefzmyvfrnmollf\">\n<div data-brz-translate-text=\"1\">\n<p class=\"brz-fs-sm-30 brz-ls-lg-m_1_5 brz-ff-montserrat brz-fs-lg-99 brz-fw-lg-400 brz-lh-lg-1 brz-text-lg-left brz-fs-xs-30 brz-css-f2ACn\"><span class=\"brz-cp-color1\">Mayo2020<\/span><\/p>\n<\/div>\n<\/div>\n<\/div>\n<div id=\"\" class=\"brz-css-ihn7qa brz-css-kxafcz brz-wrapper\">\n<div class=\"brz-line brz-line-default brz-css-xe4005 brz-css-2bggrw\" data-brz-custom-id=\"obpomlrxvicsgmxkadacgnbezwwcushdouje\">\n<hr class=\"brz-hr\"><\/div>\n<\/div>\n<div id=\"\" class=\"brz-css-ihn7qa brz-wrapper\">\n<div class=\"brz-rich-text brz-rich-text__custom brz-css-cy8uoy\" data-brz-custom-id=\"ibuozhewvxqopfoqqiatgizsnreoosabiyer\">\n<div data-brz-translate-text=\"1\">\n<p class=\"brz-text-lg-left brz-tp-button brz-css-usUsY\"><strong class=\"brz-cp-color1\">BACHILLERATO<\/strong><\/p>\n<\/div>\n<\/div>\n<\/div>\n<\/div>\n<\/div>\n<\/div>\n<\/div>\n<div id=\"\" class=\"brz-css-ihn7qa brz-css-yzbm86 brz-css-g2q6v1 brz-wrapper\">\n<div class=\"brz-spacer brz-css-vjd5u4\"><\/div>\n<\/div>\n<div id=\"\" class=\"brz-css-ihn7qa brz-wrapper\">\n<div class=\"brz-image brz-css-1qbk4fj\" data-brz-custom-id=\"pcuklbsgbmcpplxzqsbwifnjqokewpybmdty\"><a class=\"brz-a\" href=\"https:\/\/colegiolourdes.es\/wp-content\/uploads\/2021\/02\/Bachillerato-3.png\" target=\"_self\" rel=\"noopener\" data-brz-link-type=\"lightBox\"><img decoding=\"async\" class=\"brz-img\" src=\"https:\/\/colegiolourdes.es\/wp-content\/uploads\/brizy\/imgs\/Bachillerato-3-1170x457x0x0x1170x457x1614267399.png\" alt=\"\" loading=\"lazy\"><\/a><\/div>\n<\/div>\n<\/div>\n<\/div>\n<\/section>\n<\/div>\n<p>    <!-- version:1736989573 --><\/p>\n","protected":false},"excerpt":{"rendered":"<p>Recogida de t\u00edtulos de los ex\u00e1menes del First y Advanced celebrados durante el curso pasado&#8230;<\/p>\n","protected":false},"author":1,"featured_media":2565,"comment_status":"closed","ping_status":"closed","sticky":false,"template":"brizy-blank-template.php","format":"standard","meta":{"footnotes":""},"categories":[7,3],"tags":[],"class_list":["post-2542","post","type-post","status-publish","format-standard","has-post-thumbnail","hentry","category-bachillerato","category-noticias","entry"],"yoast_head":"<!-- This site is optimized with the Yoast SEO plugin v27.5 - https:\/\/yoast.com\/product\/yoast-seo-wordpress\/ -->\n<title>Graduaci\u00f3n virtual de 2\u00ba de Bachillerato - Colegio Lourdes<\/title>\n<meta name=\"robots\" content=\"index, follow, max-snippet:-1, max-image-preview:large, max-video-preview:-1\" \/>\n<link rel=\"canonical\" href=\"https:\/\/colegiolourdes.es\/index.php\/2020\/05\/graduacion-virtual-de-2o-de-bachillerato\/\" \/>\n<meta property=\"og:locale\" content=\"es_ES\" \/>\n<meta property=\"og:type\" content=\"article\" \/>\n<meta property=\"og:title\" content=\"Graduaci\u00f3n virtual de 2\u00ba de Bachillerato - Colegio Lourdes\" \/>\n<meta property=\"og:description\" content=\"Recogida de t\u00edtulos de los ex\u00e1menes del First y Advanced celebrados durante el curso pasado...\" \/>\n<meta property=\"og:url\" content=\"https:\/\/colegiolourdes.es\/index.php\/2020\/05\/graduacion-virtual-de-2o-de-bachillerato\/\" \/>\n<meta property=\"og:site_name\" content=\"Colegio Lourdes\" \/>\n<meta property=\"article:publisher\" content=\"https:\/\/www.facebook.com\/colegiolourdesva\" \/>\n<meta property=\"article:published_time\" content=\"2020-05-09T15:31:00+00:00\" \/>\n<meta property=\"article:modified_time\" content=\"2025-05-05T09:45:29+00:00\" \/>\n<meta property=\"og:image\" content=\"https:\/\/colegiolourdes.es\/wp-content\/uploads\/2021\/02\/Bachillerato-3.png\" \/>\n\t<meta property=\"og:image:width\" content=\"640\" \/>\n\t<meta property=\"og:image:height\" content=\"250\" \/>\n\t<meta property=\"og:image:type\" content=\"image\/png\" \/>\n<meta name=\"author\" content=\"ociomercado\" \/>\n<meta name=\"twitter:card\" content=\"summary_large_image\" \/>\n<meta name=\"twitter:creator\" content=\"@ColeLourdesVa\" \/>\n<meta name=\"twitter:site\" content=\"@ColeLourdesVa\" \/>\n<meta name=\"twitter:label1\" content=\"Escrito por\" \/>\n\t<meta name=\"twitter:data1\" content=\"ociomercado\" \/>\n\t<meta name=\"twitter:label2\" content=\"Tiempo de lectura\" \/>\n\t<meta name=\"twitter:data2\" content=\"3 minutos\" \/>\n<script type=\"application\/ld+json\" class=\"yoast-schema-graph\">{\"@context\":\"https:\\\/\\\/schema.org\",\"@graph\":[{\"@type\":\"Article\",\"@id\":\"https:\\\/\\\/colegiolourdes.es\\\/index.php\\\/2020\\\/05\\\/graduacion-virtual-de-2o-de-bachillerato\\\/#article\",\"isPartOf\":{\"@id\":\"https:\\\/\\\/colegiolourdes.es\\\/index.php\\\/2020\\\/05\\\/graduacion-virtual-de-2o-de-bachillerato\\\/\"},\"author\":{\"name\":\"ociomercado\",\"@id\":\"https:\\\/\\\/colegiolourdes.es\\\/#\\\/schema\\\/person\\\/7d2ddf6d36f4cb53caaf9482f6fcfd32\"},\"headline\":\"Graduaci\u00f3n virtual de 2\u00ba de Bachillerato\",\"datePublished\":\"2020-05-09T15:31:00+00:00\",\"dateModified\":\"2025-05-05T09:45:29+00:00\",\"mainEntityOfPage\":{\"@id\":\"https:\\\/\\\/colegiolourdes.es\\\/index.php\\\/2020\\\/05\\\/graduacion-virtual-de-2o-de-bachillerato\\\/\"},\"wordCount\":121,\"publisher\":{\"@id\":\"https:\\\/\\\/colegiolourdes.es\\\/#organization\"},\"image\":{\"@id\":\"https:\\\/\\\/colegiolourdes.es\\\/index.php\\\/2020\\\/05\\\/graduacion-virtual-de-2o-de-bachillerato\\\/#primaryimage\"},\"thumbnailUrl\":\"https:\\\/\\\/colegiolourdes.es\\\/wp-content\\\/uploads\\\/2021\\\/02\\\/Bachillerato-3.png\",\"articleSection\":[\"Bachillerato\",\"Noticias\"],\"inLanguage\":\"es\"},{\"@type\":\"WebPage\",\"@id\":\"https:\\\/\\\/colegiolourdes.es\\\/index.php\\\/2020\\\/05\\\/graduacion-virtual-de-2o-de-bachillerato\\\/\",\"url\":\"https:\\\/\\\/colegiolourdes.es\\\/index.php\\\/2020\\\/05\\\/graduacion-virtual-de-2o-de-bachillerato\\\/\",\"name\":\"Graduaci\u00f3n virtual de 2\u00ba de Bachillerato - Colegio Lourdes\",\"isPartOf\":{\"@id\":\"https:\\\/\\\/colegiolourdes.es\\\/#website\"},\"primaryImageOfPage\":{\"@id\":\"https:\\\/\\\/colegiolourdes.es\\\/index.php\\\/2020\\\/05\\\/graduacion-virtual-de-2o-de-bachillerato\\\/#primaryimage\"},\"image\":{\"@id\":\"https:\\\/\\\/colegiolourdes.es\\\/index.php\\\/2020\\\/05\\\/graduacion-virtual-de-2o-de-bachillerato\\\/#primaryimage\"},\"thumbnailUrl\":\"https:\\\/\\\/colegiolourdes.es\\\/wp-content\\\/uploads\\\/2021\\\/02\\\/Bachillerato-3.png\",\"datePublished\":\"2020-05-09T15:31:00+00:00\",\"dateModified\":\"2025-05-05T09:45:29+00:00\",\"inLanguage\":\"es\",\"potentialAction\":[{\"@type\":\"ReadAction\",\"target\":[\"https:\\\/\\\/colegiolourdes.es\\\/index.php\\\/2020\\\/05\\\/graduacion-virtual-de-2o-de-bachillerato\\\/\"]}]},{\"@type\":\"ImageObject\",\"inLanguage\":\"es\",\"@id\":\"https:\\\/\\\/colegiolourdes.es\\\/index.php\\\/2020\\\/05\\\/graduacion-virtual-de-2o-de-bachillerato\\\/#primaryimage\",\"url\":\"https:\\\/\\\/colegiolourdes.es\\\/wp-content\\\/uploads\\\/2021\\\/02\\\/Bachillerato-3.png\",\"contentUrl\":\"https:\\\/\\\/colegiolourdes.es\\\/wp-content\\\/uploads\\\/2021\\\/02\\\/Bachillerato-3.png\",\"width\":640,\"height\":250},{\"@type\":\"WebSite\",\"@id\":\"https:\\\/\\\/colegiolourdes.es\\\/#website\",\"url\":\"https:\\\/\\\/colegiolourdes.es\\\/\",\"name\":\"Colegio Lourdes\",\"description\":\"Web del Colegio Nuestra Se\u00f1ora de Lourdes de Valladolid.\",\"publisher\":{\"@id\":\"https:\\\/\\\/colegiolourdes.es\\\/#organization\"},\"alternateName\":\"Colegio Nuestra Se\u00f1ora de Lourdes\",\"potentialAction\":[{\"@type\":\"SearchAction\",\"target\":{\"@type\":\"EntryPoint\",\"urlTemplate\":\"https:\\\/\\\/colegiolourdes.es\\\/?s={search_term_string}\"},\"query-input\":{\"@type\":\"PropertyValueSpecification\",\"valueRequired\":true,\"valueName\":\"search_term_string\"}}],\"inLanguage\":\"es\"},{\"@type\":\"Organization\",\"@id\":\"https:\\\/\\\/colegiolourdes.es\\\/#organization\",\"name\":\"Colegio Nuestra Se\u00f1ora de Lourdes\",\"alternateName\":\"Colegio Lourdes Valladolid\",\"url\":\"https:\\\/\\\/colegiolourdes.es\\\/\",\"logo\":{\"@type\":\"ImageObject\",\"inLanguage\":\"es\",\"@id\":\"https:\\\/\\\/colegiolourdes.es\\\/#\\\/schema\\\/logo\\\/image\\\/\",\"url\":\"https:\\\/\\\/colegiolourdes.es\\\/wp-content\\\/uploads\\\/2021\\\/11\\\/cropped-Escudo.png\",\"contentUrl\":\"https:\\\/\\\/colegiolourdes.es\\\/wp-content\\\/uploads\\\/2021\\\/11\\\/cropped-Escudo.png\",\"width\":85,\"height\":105,\"caption\":\"Colegio Nuestra Se\u00f1ora de Lourdes\"},\"image\":{\"@id\":\"https:\\\/\\\/colegiolourdes.es\\\/#\\\/schema\\\/logo\\\/image\\\/\"},\"sameAs\":[\"https:\\\/\\\/www.facebook.com\\\/colegiolourdesva\",\"https:\\\/\\\/x.com\\\/ColeLourdesVa\",\"https:\\\/\\\/www.instagram.com\\\/colegio_lourdes_valladolid\\\/\"]},{\"@type\":\"Person\",\"@id\":\"https:\\\/\\\/colegiolourdes.es\\\/#\\\/schema\\\/person\\\/7d2ddf6d36f4cb53caaf9482f6fcfd32\",\"name\":\"ociomercado\",\"image\":{\"@type\":\"ImageObject\",\"inLanguage\":\"es\",\"@id\":\"https:\\\/\\\/secure.gravatar.com\\\/avatar\\\/eadb443b315fbf172000c136c9d3a7337c5b82e8fe624343d920486186f2fb0b?s=96&d=mm&r=g\",\"url\":\"https:\\\/\\\/secure.gravatar.com\\\/avatar\\\/eadb443b315fbf172000c136c9d3a7337c5b82e8fe624343d920486186f2fb0b?s=96&d=mm&r=g\",\"contentUrl\":\"https:\\\/\\\/secure.gravatar.com\\\/avatar\\\/eadb443b315fbf172000c136c9d3a7337c5b82e8fe624343d920486186f2fb0b?s=96&d=mm&r=g\",\"caption\":\"ociomercado\"},\"sameAs\":[\"http:\\\/\\\/colegiolourdes.es\"],\"url\":\"https:\\\/\\\/colegiolourdes.es\\\/index.php\\\/author\\\/ociomercado\\\/\"}]}<\/script>\n<!-- \/ Yoast SEO plugin. -->","yoast_head_json":{"title":"Graduaci\u00f3n virtual de 2\u00ba de Bachillerato - Colegio Lourdes","robots":{"index":"index","follow":"follow","max-snippet":"max-snippet:-1","max-image-preview":"max-image-preview:large","max-video-preview":"max-video-preview:-1"},"canonical":"https:\/\/colegiolourdes.es\/index.php\/2020\/05\/graduacion-virtual-de-2o-de-bachillerato\/","og_locale":"es_ES","og_type":"article","og_title":"Graduaci\u00f3n virtual de 2\u00ba de Bachillerato - Colegio Lourdes","og_description":"Recogida de t\u00edtulos de los ex\u00e1menes del First y Advanced celebrados durante el curso pasado...","og_url":"https:\/\/colegiolourdes.es\/index.php\/2020\/05\/graduacion-virtual-de-2o-de-bachillerato\/","og_site_name":"Colegio Lourdes","article_publisher":"https:\/\/www.facebook.com\/colegiolourdesva","article_published_time":"2020-05-09T15:31:00+00:00","article_modified_time":"2025-05-05T09:45:29+00:00","og_image":[{"width":640,"height":250,"url":"https:\/\/colegiolourdes.es\/wp-content\/uploads\/2021\/02\/Bachillerato-3.png","type":"image\/png"}],"author":"ociomercado","twitter_card":"summary_large_image","twitter_creator":"@ColeLourdesVa","twitter_site":"@ColeLourdesVa","twitter_misc":{"Escrito por":"ociomercado","Tiempo de lectura":"3 minutos"},"schema":{"@context":"https:\/\/schema.org","@graph":[{"@type":"Article","@id":"https:\/\/colegiolourdes.es\/index.php\/2020\/05\/graduacion-virtual-de-2o-de-bachillerato\/#article","isPartOf":{"@id":"https:\/\/colegiolourdes.es\/index.php\/2020\/05\/graduacion-virtual-de-2o-de-bachillerato\/"},"author":{"name":"ociomercado","@id":"https:\/\/colegiolourdes.es\/#\/schema\/person\/7d2ddf6d36f4cb53caaf9482f6fcfd32"},"headline":"Graduaci\u00f3n virtual de 2\u00ba de Bachillerato","datePublished":"2020-05-09T15:31:00+00:00","dateModified":"2025-05-05T09:45:29+00:00","mainEntityOfPage":{"@id":"https:\/\/colegiolourdes.es\/index.php\/2020\/05\/graduacion-virtual-de-2o-de-bachillerato\/"},"wordCount":121,"publisher":{"@id":"https:\/\/colegiolourdes.es\/#organization"},"image":{"@id":"https:\/\/colegiolourdes.es\/index.php\/2020\/05\/graduacion-virtual-de-2o-de-bachillerato\/#primaryimage"},"thumbnailUrl":"https:\/\/colegiolourdes.es\/wp-content\/uploads\/2021\/02\/Bachillerato-3.png","articleSection":["Bachillerato","Noticias"],"inLanguage":"es"},{"@type":"WebPage","@id":"https:\/\/colegiolourdes.es\/index.php\/2020\/05\/graduacion-virtual-de-2o-de-bachillerato\/","url":"https:\/\/colegiolourdes.es\/index.php\/2020\/05\/graduacion-virtual-de-2o-de-bachillerato\/","name":"Graduaci\u00f3n virtual de 2\u00ba de Bachillerato - Colegio Lourdes","isPartOf":{"@id":"https:\/\/colegiolourdes.es\/#website"},"primaryImageOfPage":{"@id":"https:\/\/colegiolourdes.es\/index.php\/2020\/05\/graduacion-virtual-de-2o-de-bachillerato\/#primaryimage"},"image":{"@id":"https:\/\/colegiolourdes.es\/index.php\/2020\/05\/graduacion-virtual-de-2o-de-bachillerato\/#primaryimage"},"thumbnailUrl":"https:\/\/colegiolourdes.es\/wp-content\/uploads\/2021\/02\/Bachillerato-3.png","datePublished":"2020-05-09T15:31:00+00:00","dateModified":"2025-05-05T09:45:29+00:00","inLanguage":"es","potentialAction":[{"@type":"ReadAction","target":["https:\/\/colegiolourdes.es\/index.php\/2020\/05\/graduacion-virtual-de-2o-de-bachillerato\/"]}]},{"@type":"ImageObject","inLanguage":"es","@id":"https:\/\/colegiolourdes.es\/index.php\/2020\/05\/graduacion-virtual-de-2o-de-bachillerato\/#primaryimage","url":"https:\/\/colegiolourdes.es\/wp-content\/uploads\/2021\/02\/Bachillerato-3.png","contentUrl":"https:\/\/colegiolourdes.es\/wp-content\/uploads\/2021\/02\/Bachillerato-3.png","width":640,"height":250},{"@type":"WebSite","@id":"https:\/\/colegiolourdes.es\/#website","url":"https:\/\/colegiolourdes.es\/","name":"Colegio Lourdes","description":"Web del Colegio Nuestra Se\u00f1ora de Lourdes de Valladolid.","publisher":{"@id":"https:\/\/colegiolourdes.es\/#organization"},"alternateName":"Colegio Nuestra Se\u00f1ora de Lourdes","potentialAction":[{"@type":"SearchAction","target":{"@type":"EntryPoint","urlTemplate":"https:\/\/colegiolourdes.es\/?s={search_term_string}"},"query-input":{"@type":"PropertyValueSpecification","valueRequired":true,"valueName":"search_term_string"}}],"inLanguage":"es"},{"@type":"Organization","@id":"https:\/\/colegiolourdes.es\/#organization","name":"Colegio Nuestra Se\u00f1ora de Lourdes","alternateName":"Colegio Lourdes Valladolid","url":"https:\/\/colegiolourdes.es\/","logo":{"@type":"ImageObject","inLanguage":"es","@id":"https:\/\/colegiolourdes.es\/#\/schema\/logo\/image\/","url":"https:\/\/colegiolourdes.es\/wp-content\/uploads\/2021\/11\/cropped-Escudo.png","contentUrl":"https:\/\/colegiolourdes.es\/wp-content\/uploads\/2021\/11\/cropped-Escudo.png","width":85,"height":105,"caption":"Colegio Nuestra Se\u00f1ora de Lourdes"},"image":{"@id":"https:\/\/colegiolourdes.es\/#\/schema\/logo\/image\/"},"sameAs":["https:\/\/www.facebook.com\/colegiolourdesva","https:\/\/x.com\/ColeLourdesVa","https:\/\/www.instagram.com\/colegio_lourdes_valladolid\/"]},{"@type":"Person","@id":"https:\/\/colegiolourdes.es\/#\/schema\/person\/7d2ddf6d36f4cb53caaf9482f6fcfd32","name":"ociomercado","image":{"@type":"ImageObject","inLanguage":"es","@id":"https:\/\/secure.gravatar.com\/avatar\/eadb443b315fbf172000c136c9d3a7337c5b82e8fe624343d920486186f2fb0b?s=96&d=mm&r=g","url":"https:\/\/secure.gravatar.com\/avatar\/eadb443b315fbf172000c136c9d3a7337c5b82e8fe624343d920486186f2fb0b?s=96&d=mm&r=g","contentUrl":"https:\/\/secure.gravatar.com\/avatar\/eadb443b315fbf172000c136c9d3a7337c5b82e8fe624343d920486186f2fb0b?s=96&d=mm&r=g","caption":"ociomercado"},"sameAs":["http:\/\/colegiolourdes.es"],"url":"https:\/\/colegiolourdes.es\/index.php\/author\/ociomercado\/"}]}},"_links":{"self":[{"href":"https:\/\/colegiolourdes.es\/index.php\/wp-json\/wp\/v2\/posts\/2542","targetHints":{"allow":["GET"]}}],"collection":[{"href":"https:\/\/colegiolourdes.es\/index.php\/wp-json\/wp\/v2\/posts"}],"about":[{"href":"https:\/\/colegiolourdes.es\/index.php\/wp-json\/wp\/v2\/types\/post"}],"author":[{"embeddable":true,"href":"https:\/\/colegiolourdes.es\/index.php\/wp-json\/wp\/v2\/users\/1"}],"replies":[{"embeddable":true,"href":"https:\/\/colegiolourdes.es\/index.php\/wp-json\/wp\/v2\/comments?post=2542"}],"version-history":[{"count":18,"href":"https:\/\/colegiolourdes.es\/index.php\/wp-json\/wp\/v2\/posts\/2542\/revisions"}],"predecessor-version":[{"id":10424,"href":"https:\/\/colegiolourdes.es\/index.php\/wp-json\/wp\/v2\/posts\/2542\/revisions\/10424"}],"wp:featuredmedia":[{"embeddable":true,"href":"https:\/\/colegiolourdes.es\/index.php\/wp-json\/wp\/v2\/media\/2565"}],"wp:attachment":[{"href":"https:\/\/colegiolourdes.es\/index.php\/wp-json\/wp\/v2\/media?parent=2542"}],"wp:term":[{"taxonomy":"category","embeddable":true,"href":"https:\/\/colegiolourdes.es\/index.php\/wp-json\/wp\/v2\/categories?post=2542"},{"taxonomy":"post_tag","embeddable":true,"href":"https:\/\/colegiolourdes.es\/index.php\/wp-json\/wp\/v2\/tags?post=2542"}],"curies":[{"name":"wp","href":"https:\/\/api.w.org\/{rel}","templated":true}]}}