{"id":33119,"date":"2022-03-13T13:52:23","date_gmt":"2022-03-13T12:52:23","guid":{"rendered":"https:\/\/colegiolourdes.es\/?p=33119"},"modified":"2025-05-05T11:58:12","modified_gmt":"2025-05-05T09:58:12","slug":"xii-homenaje-a-miguel-delibes","status":"publish","type":"post","link":"https:\/\/colegiolourdes.es\/index.php\/2022\/03\/xii-homenaje-a-miguel-delibes\/","title":{"rendered":"XII homenaje a Miguel Delibes"},"content":{"rendered":"<div class=\"brz-root__container brz-reset-all brz brz-root__container-page\">\n<section id=\"_cunuwnmrpdohnmpgxnfxupywzbrwlsanfykk\" class=\"brz-section brz-css-3r0tby\">\n<div class=\"brz-section__content brz-section--boxed brz-css-126f97s brz-css-17ozvb0\" data-brz-custom-id=\"scdcklwupwwfpedvajhrycojluciefhiicge\">\n<div class=\"brz-container brz-css-120a05r\">\n<div class=\"brz-row__container brz-css-29wr3v\" data-brz-custom-id=\"embxvubmivzswozcqmydjebpgmzvgavprjlv\">\n<div class=\"brz-bg\"><\/div>\n<div class=\"brz-row brz-css-e1r92g\">\n<div class=\"brz-columns brz-css-7kaatv brz-css-1awkqtq\" data-brz-custom-id=\"nnffhdybjhxuiueehupygowpjboeqvmxahbl\">\n<div class=\"brz-bg\"><\/div>\n<div class=\"brz-column__items brz-css-wqaaeh brz-css-t1ecl8\">\n<div id=\"\" class=\"brz-css-1fveusq brz-css-6tyq96 brz-wrapper\">\n<div class=\"brz-rich-text brz-rich-text__custom brz-css-sabl1g\" data-brz-custom-id=\"wbqlnnnwklkddbyijcfnzsqzpuzoommgaxqd\">\n<div data-brz-translate-text=\"1\">\n<p class=\"brz-fs-xs-60 brz-text-xs-left brz-text-lg-right brz-fs-sm-50 brz-fss-lg-px brz-fw-lg-400 brz-ls-lg-m_1_5 brz-lh-lg-1 brz-tp-lg-empty brz-ff-montserrat brz-ft-google brz-fs-lg-92 brz-css-qETf2\" data-uniq-id=\"eblqr\" data-generated-css=\"brz-css-wfsse\">Mar<\/p>\n<p class=\"brz-fs-xs-60 brz-text-xs-left brz-text-lg-right brz-fs-sm-50 brz-ff-montserrat brz-ft-google brz-fs-lg-90 brz-fss-lg-px brz-fw-lg-400 brz-ls-lg-m_1_5 brz-lh-lg-1 brz-tp-lg-empty brz-css-jSN61\" data-uniq-id=\"tdrgr\" data-generated-css=\"brz-css-drdel\"><span class=\"brz-cp-color1\">2022<\/span><\/p>\n<\/div>\n<\/div>\n<\/div>\n<div id=\"\" class=\"brz-css-1fveusq brz-css-1gpim73 brz-wrapper\">\n<div class=\"brz-line brz-line-default brz-css-z87758 brz-css-1g6n150\" data-brz-custom-id=\"ezhgiygxkslygnenaroyzqlutvnkdpzabzik\">\n<hr class=\"brz-hr\"><\/div>\n<\/div>\n<div id=\"\" class=\"brz-css-1fveusq brz-wrapper\">\n<div class=\"brz-rich-text brz-rich-text__custom brz-css-sabl1g\" data-brz-custom-id=\"lkvlbzbhpesmfuocywyyjomxpyrcibldgukc\">\n<div data-brz-translate-text=\"1\">\n<p class=\"brz-text-xs-left brz-tp-lg-button brz-text-lg-right brz-css-oj9i6\" data-uniq-id=\"bduay\" data-generated-css=\"brz-css-wgpxh\">COLEGIO<\/p>\n<\/div>\n<\/div>\n<\/div>\n<\/div>\n<\/div>\n<div class=\"brz-columns brz-css-7kaatv brz-css-9q9tjf\" data-brz-custom-id=\"rmgzbebfbgblgbzwbzyqlbybcivekprvafxi\">\n<div class=\"brz-bg\"><\/div>\n<div class=\"brz-column__items brz-css-wqaaeh brz-css-6zw8ef\">\n<div id=\"\" class=\"brz-css-1fveusq brz-css-30xt4e brz-wrapper\">\n<div class=\"brz-rich-text brz-rich-text__custom brz-css-sabl1g\" data-brz-custom-id=\"mpryxqttznpabjhlttawbhonmiulgrxvjtta\">\n<div data-brz-translate-text=\"1\">\n<h2 class=\"brz-tp-lg-heading2 brz-css-pBL3m\" data-generated-css=\"brz-css-prqfu\" data-uniq-id=\"hhamm\">XII homenaje a Miguel Delibes <\/h2>\n<\/div>\n<\/div>\n<\/div>\n<div id=\"\" class=\"brz-css-1fveusq brz-css-loa1dc brz-css-1ftbvmx brz-wrapper\">\n<div class=\"brz-spacer brz-css-18r9hnr brz-css-670zkd\"><\/div>\n<\/div>\n<div class=\"brz-row__container brz-css-29wr3v\" data-brz-custom-id=\"rsgsvgjbhngaulaxhpkqsubjshzqdjttualx\">\n<div class=\"brz-bg\"><\/div>\n<div class=\"brz-row brz-row--inner brz-css-e1r92g brz-css-45i2ia\">\n<div class=\"brz-columns brz-css-7kaatv brz-css-1l0vqd0\" data-brz-custom-id=\"rznyzzsvieuycuhwxvzzobwwakglopikwnwc\">\n<div class=\"brz-bg\"><\/div>\n<div class=\"brz-column__items brz-css-wqaaeh\">\n<div id=\"\" class=\"brz-css-1fveusq brz-css-1lm3tsn brz-wrapper\">\n<div class=\"brz-image brz-css-103pfhs\" data-brz-custom-id=\"lueznlyykomyghpzubdasjtaizgjpoxvfrso\"><img decoding=\"async\" class=\"brz-img\" src=\"https:\/\/colegiolourdes.es\/wp-content\/uploads\/brizy\/imgs\/Delibes-2022-798x598x0x9x798x521x1647175491.jpg\" alt=\"\" loading=\"lazy\"><\/div>\n<\/div>\n<div id=\"\" class=\"brz-css-1fveusq brz-wrapper\">\n<div class=\"brz-rich-text brz-rich-text__custom brz-css-sabl1g\" data-brz-custom-id=\"rjmyggnagvcdlulyeiputrgeivojhzesewqs\">\n<div data-brz-translate-text=\"1\">\n<p class=\"brz-tp-lg-paragraph brz-css-jP__4\" data-uniq-id=\"hdhli\" data-generated-css=\"brz-css-dwbol\"><a class=\"link--external\" href=\"https:\/\/lasallelourdes.sallenet.org\/mod\/lightboxgallery\/view.php?id=62925\" data-brz-link-type=\"external\" target=\"_blank\">Ver galer\u00eda de im\u00e1genes <\/a><\/p>\n<\/div>\n<\/div>\n<\/div>\n<\/div>\n<\/div>\n<\/div>\n<\/div>\n<div class=\"brz-row__container brz-css-29wr3v\" data-brz-custom-id=\"meqwysuaiudiiznlnruzmwsebqncounpzvdz\">\n<div class=\"brz-bg\"><\/div>\n<div class=\"brz-row brz-row--inner brz-css-e1r92g brz-css-45i2ia\">\n<div class=\"brz-columns brz-css-7kaatv brz-css-17z6i5t\" data-brz-custom-id=\"xtbzmlndkzqikwzbfxjimiwktukbzudrzgyw\">\n<div class=\"brz-bg\"><\/div>\n<div class=\"brz-column__items brz-css-wqaaeh\">\n<div id=\"\" class=\"brz-css-1fveusq brz-wrapper\">\n<div class=\"brz-rich-text brz-rich-text__custom brz-css-sabl1g\" data-brz-custom-id=\"hbutqhpnqehalvpksqlxpnasdbepiqdadnzf\">\n<div data-brz-translate-text=\"1\">\n<p class=\"brz-tp-lg-paragraph brz-lh-lg-1_3 brz-ls-lg-0 brz-fw-lg-400 brz-fss-lg-px brz-fs-lg-16 brz-ft-upload brz-ff-wzboxjsqgqhchaabqhhwkjnsysfnjiaknuki brz-text-lg-justify brz-css-cNE_f\" data-generated-css=\"brz-css-yfyqj\" data-uniq-id=\"puuol\">Un a\u00f1o m\u00e1s, el Colegio Lourdes, en el aniversario del fallecimiento de D. Miguel Delibes (12 de marzo de 2010), rinde homenaje a nuestro insigne antiguo alumno y c\u00e9lebre escritor. El Colegio se suma al objetivo de difundir la obra de Delibes entre los m\u00e1s j\u00f3venes con actividades el viernes 11 de marzo. En las secciones de Infantil y Primaria se realizar\u00e1n diferentes actividades educativas en la \u00abSemana de Delibes\u00bb que ayuden a los peque\u00f1os a conocer mejor la vida y la obra del escritor.&nbsp;<\/p>\n<p class=\"brz-tp-lg-paragraph brz-lh-lg-1_3 brz-ls-lg-0 brz-fw-lg-400 brz-fss-lg-px brz-fs-lg-16 brz-ft-upload brz-ff-wzboxjsqgqhchaabqhhwkjnsysfnjiaknuki brz-text-lg-justify brz-css-zA9uW\" data-generated-css=\"brz-css-ooscd\" data-uniq-id=\"wpdzv\"><\/p>\n<p class=\"brz-tp-lg-paragraph brz-lh-lg-1_3 brz-ls-lg-0 brz-fw-lg-400 brz-fss-lg-px brz-fs-lg-16 brz-ft-upload brz-ff-wzboxjsqgqhchaabqhhwkjnsysfnjiaknuki brz-text-lg-justify brz-css-xTXJH\" data-generated-css=\"brz-css-ihxyd\" data-uniq-id=\"stvre\">En el caso de Secundaria y Bachillerato, los alumnos de 2\u00ba de Bachillerato son los encargados de presentar, de manera l\u00fadica, la figura y obras de D. Miguel a los alumnos de la ESO. Mediante diversidad de juegos, charlas, teatralizaciones o concursos, presentan \u00abMi querida bicicleta\u00bb a los alumnos de 1\u00ba; \u00abEl Camino\u00bb, a los de 2\u00ba; \u00abLos santos inocentes\u00bb, a los de 3\u00ba y 1\u00ba de Bach; y Cinco horas con Mario\u00bb, a los de 4\u00ba de Secundaria.<\/p>\n<p class=\"brz-tp-lg-paragraph brz-lh-lg-1_3 brz-ls-lg-0 brz-fw-lg-400 brz-fss-lg-px brz-fs-lg-16 brz-ft-upload brz-ff-wzboxjsqgqhchaabqhhwkjnsysfnjiaknuki brz-text-lg-justify brz-css-yrK_M\" data-generated-css=\"brz-css-vrvit\" data-uniq-id=\"argnh\"><\/p>\n<p class=\"brz-tp-lg-paragraph brz-lh-lg-1_3 brz-ls-lg-0 brz-fw-lg-400 brz-fss-lg-px brz-fs-lg-16 brz-ft-upload brz-ff-wzboxjsqgqhchaabqhhwkjnsysfnjiaknuki brz-text-lg-justify brz-css-vM0wD\" data-generated-css=\"brz-css-uaypz\" data-uniq-id=\"xcrde\">Este recuerdo continuar\u00e1 con una pr\u00f3xima conferencia, tambi\u00e9n para los alumnos de 2o de Bachillerato, a cargo de Elisa Delibes, hija del autor vallisoletano. En esta ocasi\u00f3n, la charla-coloquio versar\u00e1 sobre los temas fundamentales en la obra de Delibes: muerte, infancia, naturaleza y pr\u00f3jimo.&nbsp;<\/p>\n<p class=\"brz-tp-lg-paragraph brz-lh-lg-1_3 brz-ls-lg-0 brz-fw-lg-400 brz-fss-lg-px brz-fs-lg-16 brz-ft-upload brz-ff-wzboxjsqgqhchaabqhhwkjnsysfnjiaknuki brz-text-lg-justify brz-css-oTH81\" data-generated-css=\"brz-css-krerm\" data-uniq-id=\"kembj\">Si el a\u00f1o pasado el plato fuerte fue la exposici\u00f3n de libros gigantes titulada: \u00abEl camino de los libros de Delibes\u201d, este a\u00f1o vamos a hacer hincapi\u00e9 en la lectura de fragmentos escogidos y explicados o libros adecuados a la edad de los lectores y que se ofrecer\u00e1n en una biblioteca ambulante llamada \u201cBibliolibes\u201d. Esta experiencia de peque\u00f1a biblioteca ambulante pretende acercar los libros de Delibes a las aulas, pasillos y patios. Se facilitar\u00e1n pr\u00e9stamos de cualquier libro del escritor, pero especialmente de \u00abEl Camino\u00bb o \u00abMi querida bicicleta\u00bb&#8230; El homenaje consiste en conocer qui\u00e9n fue, pero tambi\u00e9n en leer su obra.&nbsp;<\/p>\n<p class=\"brz-tp-lg-paragraph brz-lh-lg-1_3 brz-ls-lg-0 brz-fw-lg-400 brz-fss-lg-px brz-fs-lg-16 brz-ft-upload brz-ff-wzboxjsqgqhchaabqhhwkjnsysfnjiaknuki brz-text-lg-justify brz-css-zHXNG\" data-generated-css=\"brz-css-vwcfb\" data-uniq-id=\"gqkjv\"><\/p>\n<p class=\"brz-tp-lg-paragraph brz-lh-lg-1_3 brz-ls-lg-0 brz-fw-lg-400 brz-fss-lg-px brz-fs-lg-16 brz-ft-upload brz-ff-wzboxjsqgqhchaabqhhwkjnsysfnjiaknuki brz-text-lg-justify brz-css-r4wR6\" data-generated-css=\"brz-css-ewlzm\" data-uniq-id=\"gbzpe\">Los que quieran visitar la Biblioteca del colegio, saben que all\u00ed tienen la oportunidad de ver, si todav\u00eda no lo han hecho, \u201cEl rinc\u00f3n de Delibes\u201d exposici\u00f3n interesant\u00edsima con multitud de recuerdos de la vida colegial de Delibes as\u00ed como de su vida personal y de escritor ya adulto. Bajo un cartel con el lema \u201cDelibes: mi querida Biblioteca\u201d tambi\u00e9n se encontrar\u00e1n con la exposici\u00f3n de libros gigantes hechos por todos los alumnos del colegio que todav\u00eda continuar\u00e1 unos d\u00edas para los m\u00e1s peque\u00f1os.&nbsp;<\/p>\n<\/div>\n<\/div>\n<\/div>\n<\/div>\n<\/div>\n<\/div>\n<\/div>\n<\/div>\n<\/div>\n<\/div>\n<\/div>\n<\/div>\n<\/div>\n<\/section>\n<\/div>\n<p>    <!-- version:1736998989 --><\/p>\n","protected":false},"excerpt":{"rendered":"<p>Un a\u00f1o m\u00e1s, el Colegio Lourdes, en el aniversario del fallecimiento de D. Miguel Delibes (12 de marzo de 2010), rinde homenaje a nuestro insigne antiguo alumno y c\u00e9lebre escritor.<\/p>\n","protected":false},"author":5,"featured_media":33120,"comment_status":"closed","ping_status":"closed","sticky":false,"template":"brizy-blank-template.php","format":"standard","meta":{"footnotes":""},"categories":[38,3],"tags":[42,15,36,45,17,18],"class_list":["post-33119","post","type-post","status-publish","format-standard","has-post-thumbnail","hentry","category-curso-2021-22","category-noticias","tag-sentimientolourdes","tag-colegio-lourdes","tag-educacion","tag-estas-en-casa","tag-mira-mas-alla","tag-somos-la-salle","entry"],"yoast_head":"<!-- This site is optimized with the Yoast SEO plugin v27.4 - https:\/\/yoast.com\/product\/yoast-seo-wordpress\/ -->\n<title>XII homenaje a Miguel Delibes - Colegio Lourdes<\/title>\n<meta name=\"robots\" content=\"index, follow, max-snippet:-1, max-image-preview:large, max-video-preview:-1\" \/>\n<link rel=\"canonical\" href=\"https:\/\/colegiolourdes.es\/index.php\/2022\/03\/xii-homenaje-a-miguel-delibes\/\" \/>\n<meta property=\"og:locale\" content=\"es_ES\" \/>\n<meta property=\"og:type\" content=\"article\" \/>\n<meta property=\"og:title\" content=\"XII homenaje a Miguel Delibes - Colegio Lourdes\" \/>\n<meta property=\"og:description\" content=\"Un a\u00f1o m\u00e1s, el Colegio Lourdes, en el aniversario del fallecimiento de D. Miguel Delibes (12 de marzo de 2010), rinde homenaje a nuestro insigne antiguo alumno y c\u00e9lebre escritor.\" \/>\n<meta property=\"og:url\" content=\"https:\/\/colegiolourdes.es\/index.php\/2022\/03\/xii-homenaje-a-miguel-delibes\/\" \/>\n<meta property=\"og:site_name\" content=\"Colegio Lourdes\" \/>\n<meta property=\"article:publisher\" content=\"https:\/\/www.facebook.com\/colegiolourdesva\" \/>\n<meta property=\"article:published_time\" content=\"2022-03-13T12:52:23+00:00\" \/>\n<meta property=\"article:modified_time\" content=\"2025-05-05T09:58:12+00:00\" \/>\n<meta property=\"og:image\" content=\"https:\/\/colegiolourdes.es\/wp-content\/uploads\/2022\/03\/Delibes-2022.jpg\" \/>\n\t<meta property=\"og:image:width\" content=\"800\" \/>\n\t<meta property=\"og:image:height\" content=\"600\" \/>\n\t<meta property=\"og:image:type\" content=\"image\/jpeg\" \/>\n<meta name=\"author\" content=\"Santiago de Frutos\" \/>\n<meta name=\"twitter:card\" content=\"summary_large_image\" \/>\n<meta name=\"twitter:creator\" content=\"@ColeLourdesVa\" \/>\n<meta name=\"twitter:site\" content=\"@ColeLourdesVa\" \/>\n<meta name=\"twitter:label1\" content=\"Escrito por\" \/>\n\t<meta name=\"twitter:data1\" content=\"Santiago de Frutos\" \/>\n\t<meta name=\"twitter:label2\" content=\"Tiempo de lectura\" \/>\n\t<meta name=\"twitter:data2\" content=\"3 minutos\" \/>\n<script type=\"application\/ld+json\" class=\"yoast-schema-graph\">{\"@context\":\"https:\\\/\\\/schema.org\",\"@graph\":[{\"@type\":\"Article\",\"@id\":\"https:\\\/\\\/colegiolourdes.es\\\/index.php\\\/2022\\\/03\\\/xii-homenaje-a-miguel-delibes\\\/#article\",\"isPartOf\":{\"@id\":\"https:\\\/\\\/colegiolourdes.es\\\/index.php\\\/2022\\\/03\\\/xii-homenaje-a-miguel-delibes\\\/\"},\"author\":{\"name\":\"Santiago de Frutos\",\"@id\":\"https:\\\/\\\/colegiolourdes.es\\\/#\\\/schema\\\/person\\\/fc68a6813395da4c795f5103ba1f53b6\"},\"headline\":\"XII homenaje a Miguel Delibes\",\"datePublished\":\"2022-03-13T12:52:23+00:00\",\"dateModified\":\"2025-05-05T09:58:12+00:00\",\"mainEntityOfPage\":{\"@id\":\"https:\\\/\\\/colegiolourdes.es\\\/index.php\\\/2022\\\/03\\\/xii-homenaje-a-miguel-delibes\\\/\"},\"wordCount\":439,\"publisher\":{\"@id\":\"https:\\\/\\\/colegiolourdes.es\\\/#organization\"},\"image\":{\"@id\":\"https:\\\/\\\/colegiolourdes.es\\\/index.php\\\/2022\\\/03\\\/xii-homenaje-a-miguel-delibes\\\/#primaryimage\"},\"thumbnailUrl\":\"https:\\\/\\\/colegiolourdes.es\\\/wp-content\\\/uploads\\\/2022\\\/03\\\/Delibes-2022.jpg\",\"keywords\":[\"#sentimientolourdes\",\"colegio lourdes\",\"Educaci\u00f3n\",\"Est\u00e1s en Casa\",\"Mira m\u00e1s all\u00e1\",\"Somos La Salle\"],\"articleSection\":[\"Curso 2021-22\",\"Noticias\"],\"inLanguage\":\"es\"},{\"@type\":\"WebPage\",\"@id\":\"https:\\\/\\\/colegiolourdes.es\\\/index.php\\\/2022\\\/03\\\/xii-homenaje-a-miguel-delibes\\\/\",\"url\":\"https:\\\/\\\/colegiolourdes.es\\\/index.php\\\/2022\\\/03\\\/xii-homenaje-a-miguel-delibes\\\/\",\"name\":\"XII homenaje a Miguel Delibes - Colegio Lourdes\",\"isPartOf\":{\"@id\":\"https:\\\/\\\/colegiolourdes.es\\\/#website\"},\"primaryImageOfPage\":{\"@id\":\"https:\\\/\\\/colegiolourdes.es\\\/index.php\\\/2022\\\/03\\\/xii-homenaje-a-miguel-delibes\\\/#primaryimage\"},\"image\":{\"@id\":\"https:\\\/\\\/colegiolourdes.es\\\/index.php\\\/2022\\\/03\\\/xii-homenaje-a-miguel-delibes\\\/#primaryimage\"},\"thumbnailUrl\":\"https:\\\/\\\/colegiolourdes.es\\\/wp-content\\\/uploads\\\/2022\\\/03\\\/Delibes-2022.jpg\",\"datePublished\":\"2022-03-13T12:52:23+00:00\",\"dateModified\":\"2025-05-05T09:58:12+00:00\",\"inLanguage\":\"es\",\"potentialAction\":[{\"@type\":\"ReadAction\",\"target\":[\"https:\\\/\\\/colegiolourdes.es\\\/index.php\\\/2022\\\/03\\\/xii-homenaje-a-miguel-delibes\\\/\"]}]},{\"@type\":\"ImageObject\",\"inLanguage\":\"es\",\"@id\":\"https:\\\/\\\/colegiolourdes.es\\\/index.php\\\/2022\\\/03\\\/xii-homenaje-a-miguel-delibes\\\/#primaryimage\",\"url\":\"https:\\\/\\\/colegiolourdes.es\\\/wp-content\\\/uploads\\\/2022\\\/03\\\/Delibes-2022.jpg\",\"contentUrl\":\"https:\\\/\\\/colegiolourdes.es\\\/wp-content\\\/uploads\\\/2022\\\/03\\\/Delibes-2022.jpg\",\"width\":800,\"height\":600},{\"@type\":\"WebSite\",\"@id\":\"https:\\\/\\\/colegiolourdes.es\\\/#website\",\"url\":\"https:\\\/\\\/colegiolourdes.es\\\/\",\"name\":\"Colegio Lourdes\",\"description\":\"Web del Colegio Nuestra Se\u00f1ora de Lourdes de Valladolid.\",\"publisher\":{\"@id\":\"https:\\\/\\\/colegiolourdes.es\\\/#organization\"},\"alternateName\":\"Colegio Nuestra Se\u00f1ora de Lourdes\",\"potentialAction\":[{\"@type\":\"SearchAction\",\"target\":{\"@type\":\"EntryPoint\",\"urlTemplate\":\"https:\\\/\\\/colegiolourdes.es\\\/?s={search_term_string}\"},\"query-input\":{\"@type\":\"PropertyValueSpecification\",\"valueRequired\":true,\"valueName\":\"search_term_string\"}}],\"inLanguage\":\"es\"},{\"@type\":\"Organization\",\"@id\":\"https:\\\/\\\/colegiolourdes.es\\\/#organization\",\"name\":\"Colegio Nuestra Se\u00f1ora de Lourdes\",\"alternateName\":\"Colegio Lourdes Valladolid\",\"url\":\"https:\\\/\\\/colegiolourdes.es\\\/\",\"logo\":{\"@type\":\"ImageObject\",\"inLanguage\":\"es\",\"@id\":\"https:\\\/\\\/colegiolourdes.es\\\/#\\\/schema\\\/logo\\\/image\\\/\",\"url\":\"https:\\\/\\\/colegiolourdes.es\\\/wp-content\\\/uploads\\\/2021\\\/11\\\/cropped-Escudo.png\",\"contentUrl\":\"https:\\\/\\\/colegiolourdes.es\\\/wp-content\\\/uploads\\\/2021\\\/11\\\/cropped-Escudo.png\",\"width\":85,\"height\":105,\"caption\":\"Colegio Nuestra Se\u00f1ora de Lourdes\"},\"image\":{\"@id\":\"https:\\\/\\\/colegiolourdes.es\\\/#\\\/schema\\\/logo\\\/image\\\/\"},\"sameAs\":[\"https:\\\/\\\/www.facebook.com\\\/colegiolourdesva\",\"https:\\\/\\\/x.com\\\/ColeLourdesVa\",\"https:\\\/\\\/www.instagram.com\\\/colegio_lourdes_valladolid\\\/\"]},{\"@type\":\"Person\",\"@id\":\"https:\\\/\\\/colegiolourdes.es\\\/#\\\/schema\\\/person\\\/fc68a6813395da4c795f5103ba1f53b6\",\"name\":\"Santiago de Frutos\",\"image\":{\"@type\":\"ImageObject\",\"inLanguage\":\"es\",\"@id\":\"https:\\\/\\\/secure.gravatar.com\\\/avatar\\\/70dada565ce0dc4d7bf0c790be8d5ba31c607451b0e237d399ecb7f01c923a50?s=96&d=mm&r=g\",\"url\":\"https:\\\/\\\/secure.gravatar.com\\\/avatar\\\/70dada565ce0dc4d7bf0c790be8d5ba31c607451b0e237d399ecb7f01c923a50?s=96&d=mm&r=g\",\"contentUrl\":\"https:\\\/\\\/secure.gravatar.com\\\/avatar\\\/70dada565ce0dc4d7bf0c790be8d5ba31c607451b0e237d399ecb7f01c923a50?s=96&d=mm&r=g\",\"caption\":\"Santiago de Frutos\"},\"url\":\"https:\\\/\\\/colegiolourdes.es\\\/index.php\\\/author\\\/santiago\\\/\"}]}<\/script>\n<!-- \/ Yoast SEO plugin. -->","yoast_head_json":{"title":"XII homenaje a Miguel Delibes - Colegio Lourdes","robots":{"index":"index","follow":"follow","max-snippet":"max-snippet:-1","max-image-preview":"max-image-preview:large","max-video-preview":"max-video-preview:-1"},"canonical":"https:\/\/colegiolourdes.es\/index.php\/2022\/03\/xii-homenaje-a-miguel-delibes\/","og_locale":"es_ES","og_type":"article","og_title":"XII homenaje a Miguel Delibes - Colegio Lourdes","og_description":"Un a\u00f1o m\u00e1s, el Colegio Lourdes, en el aniversario del fallecimiento de D. Miguel Delibes (12 de marzo de 2010), rinde homenaje a nuestro insigne antiguo alumno y c\u00e9lebre escritor.","og_url":"https:\/\/colegiolourdes.es\/index.php\/2022\/03\/xii-homenaje-a-miguel-delibes\/","og_site_name":"Colegio Lourdes","article_publisher":"https:\/\/www.facebook.com\/colegiolourdesva","article_published_time":"2022-03-13T12:52:23+00:00","article_modified_time":"2025-05-05T09:58:12+00:00","og_image":[{"width":800,"height":600,"url":"https:\/\/colegiolourdes.es\/wp-content\/uploads\/2022\/03\/Delibes-2022.jpg","type":"image\/jpeg"}],"author":"Santiago de Frutos","twitter_card":"summary_large_image","twitter_creator":"@ColeLourdesVa","twitter_site":"@ColeLourdesVa","twitter_misc":{"Escrito por":"Santiago de Frutos","Tiempo de lectura":"3 minutos"},"schema":{"@context":"https:\/\/schema.org","@graph":[{"@type":"Article","@id":"https:\/\/colegiolourdes.es\/index.php\/2022\/03\/xii-homenaje-a-miguel-delibes\/#article","isPartOf":{"@id":"https:\/\/colegiolourdes.es\/index.php\/2022\/03\/xii-homenaje-a-miguel-delibes\/"},"author":{"name":"Santiago de Frutos","@id":"https:\/\/colegiolourdes.es\/#\/schema\/person\/fc68a6813395da4c795f5103ba1f53b6"},"headline":"XII homenaje a Miguel Delibes","datePublished":"2022-03-13T12:52:23+00:00","dateModified":"2025-05-05T09:58:12+00:00","mainEntityOfPage":{"@id":"https:\/\/colegiolourdes.es\/index.php\/2022\/03\/xii-homenaje-a-miguel-delibes\/"},"wordCount":439,"publisher":{"@id":"https:\/\/colegiolourdes.es\/#organization"},"image":{"@id":"https:\/\/colegiolourdes.es\/index.php\/2022\/03\/xii-homenaje-a-miguel-delibes\/#primaryimage"},"thumbnailUrl":"https:\/\/colegiolourdes.es\/wp-content\/uploads\/2022\/03\/Delibes-2022.jpg","keywords":["#sentimientolourdes","colegio lourdes","Educaci\u00f3n","Est\u00e1s en Casa","Mira m\u00e1s all\u00e1","Somos La Salle"],"articleSection":["Curso 2021-22","Noticias"],"inLanguage":"es"},{"@type":"WebPage","@id":"https:\/\/colegiolourdes.es\/index.php\/2022\/03\/xii-homenaje-a-miguel-delibes\/","url":"https:\/\/colegiolourdes.es\/index.php\/2022\/03\/xii-homenaje-a-miguel-delibes\/","name":"XII homenaje a Miguel Delibes - Colegio Lourdes","isPartOf":{"@id":"https:\/\/colegiolourdes.es\/#website"},"primaryImageOfPage":{"@id":"https:\/\/colegiolourdes.es\/index.php\/2022\/03\/xii-homenaje-a-miguel-delibes\/#primaryimage"},"image":{"@id":"https:\/\/colegiolourdes.es\/index.php\/2022\/03\/xii-homenaje-a-miguel-delibes\/#primaryimage"},"thumbnailUrl":"https:\/\/colegiolourdes.es\/wp-content\/uploads\/2022\/03\/Delibes-2022.jpg","datePublished":"2022-03-13T12:52:23+00:00","dateModified":"2025-05-05T09:58:12+00:00","inLanguage":"es","potentialAction":[{"@type":"ReadAction","target":["https:\/\/colegiolourdes.es\/index.php\/2022\/03\/xii-homenaje-a-miguel-delibes\/"]}]},{"@type":"ImageObject","inLanguage":"es","@id":"https:\/\/colegiolourdes.es\/index.php\/2022\/03\/xii-homenaje-a-miguel-delibes\/#primaryimage","url":"https:\/\/colegiolourdes.es\/wp-content\/uploads\/2022\/03\/Delibes-2022.jpg","contentUrl":"https:\/\/colegiolourdes.es\/wp-content\/uploads\/2022\/03\/Delibes-2022.jpg","width":800,"height":600},{"@type":"WebSite","@id":"https:\/\/colegiolourdes.es\/#website","url":"https:\/\/colegiolourdes.es\/","name":"Colegio Lourdes","description":"Web del Colegio Nuestra Se\u00f1ora de Lourdes de Valladolid.","publisher":{"@id":"https:\/\/colegiolourdes.es\/#organization"},"alternateName":"Colegio Nuestra Se\u00f1ora de Lourdes","potentialAction":[{"@type":"SearchAction","target":{"@type":"EntryPoint","urlTemplate":"https:\/\/colegiolourdes.es\/?s={search_term_string}"},"query-input":{"@type":"PropertyValueSpecification","valueRequired":true,"valueName":"search_term_string"}}],"inLanguage":"es"},{"@type":"Organization","@id":"https:\/\/colegiolourdes.es\/#organization","name":"Colegio Nuestra Se\u00f1ora de Lourdes","alternateName":"Colegio Lourdes Valladolid","url":"https:\/\/colegiolourdes.es\/","logo":{"@type":"ImageObject","inLanguage":"es","@id":"https:\/\/colegiolourdes.es\/#\/schema\/logo\/image\/","url":"https:\/\/colegiolourdes.es\/wp-content\/uploads\/2021\/11\/cropped-Escudo.png","contentUrl":"https:\/\/colegiolourdes.es\/wp-content\/uploads\/2021\/11\/cropped-Escudo.png","width":85,"height":105,"caption":"Colegio Nuestra Se\u00f1ora de Lourdes"},"image":{"@id":"https:\/\/colegiolourdes.es\/#\/schema\/logo\/image\/"},"sameAs":["https:\/\/www.facebook.com\/colegiolourdesva","https:\/\/x.com\/ColeLourdesVa","https:\/\/www.instagram.com\/colegio_lourdes_valladolid\/"]},{"@type":"Person","@id":"https:\/\/colegiolourdes.es\/#\/schema\/person\/fc68a6813395da4c795f5103ba1f53b6","name":"Santiago de Frutos","image":{"@type":"ImageObject","inLanguage":"es","@id":"https:\/\/secure.gravatar.com\/avatar\/70dada565ce0dc4d7bf0c790be8d5ba31c607451b0e237d399ecb7f01c923a50?s=96&d=mm&r=g","url":"https:\/\/secure.gravatar.com\/avatar\/70dada565ce0dc4d7bf0c790be8d5ba31c607451b0e237d399ecb7f01c923a50?s=96&d=mm&r=g","contentUrl":"https:\/\/secure.gravatar.com\/avatar\/70dada565ce0dc4d7bf0c790be8d5ba31c607451b0e237d399ecb7f01c923a50?s=96&d=mm&r=g","caption":"Santiago de Frutos"},"url":"https:\/\/colegiolourdes.es\/index.php\/author\/santiago\/"}]}},"_links":{"self":[{"href":"https:\/\/colegiolourdes.es\/index.php\/wp-json\/wp\/v2\/posts\/33119","targetHints":{"allow":["GET"]}}],"collection":[{"href":"https:\/\/colegiolourdes.es\/index.php\/wp-json\/wp\/v2\/posts"}],"about":[{"href":"https:\/\/colegiolourdes.es\/index.php\/wp-json\/wp\/v2\/types\/post"}],"author":[{"embeddable":true,"href":"https:\/\/colegiolourdes.es\/index.php\/wp-json\/wp\/v2\/users\/5"}],"replies":[{"embeddable":true,"href":"https:\/\/colegiolourdes.es\/index.php\/wp-json\/wp\/v2\/comments?post=33119"}],"version-history":[{"count":5,"href":"https:\/\/colegiolourdes.es\/index.php\/wp-json\/wp\/v2\/posts\/33119\/revisions"}],"predecessor-version":[{"id":33508,"href":"https:\/\/colegiolourdes.es\/index.php\/wp-json\/wp\/v2\/posts\/33119\/revisions\/33508"}],"wp:featuredmedia":[{"embeddable":true,"href":"https:\/\/colegiolourdes.es\/index.php\/wp-json\/wp\/v2\/media\/33120"}],"wp:attachment":[{"href":"https:\/\/colegiolourdes.es\/index.php\/wp-json\/wp\/v2\/media?parent=33119"}],"wp:term":[{"taxonomy":"category","embeddable":true,"href":"https:\/\/colegiolourdes.es\/index.php\/wp-json\/wp\/v2\/categories?post=33119"},{"taxonomy":"post_tag","embeddable":true,"href":"https:\/\/colegiolourdes.es\/index.php\/wp-json\/wp\/v2\/tags?post=33119"}],"curies":[{"name":"wp","href":"https:\/\/api.w.org\/{rel}","templated":true}]}}