{"id":37906,"date":"2022-05-15T21:20:44","date_gmt":"2022-05-15T19:20:44","guid":{"rendered":"https:\/\/colegiolourdes.es\/?p=37906"},"modified":"2025-05-05T12:02:43","modified_gmt":"2025-05-05T10:02:43","slug":"picnic-en-el-cole","status":"publish","type":"post","link":"https:\/\/colegiolourdes.es\/index.php\/2022\/05\/picnic-en-el-cole\/","title":{"rendered":"Picnic en el cole"},"content":{"rendered":"<div class=\"brz-root__container brz-reset-all brz\">\n<section id=\"_cunuwnmrpdohnmpgxnfxupywzbrwlsanfykk\" class=\"brz-section brz-css-v2ko6\">\n<div class=\"brz-section__content brz-section--boxed brz-css-sJyY6 brz-css-vTFt3\" data-brz-custom-id=\"scdcklwupwwfpedvajhrycojluciefhiicge\">\n<div class=\"brz-container brz-css-xgtCN\">\n<div class=\"brz-row__container brz-css-zmShs\" data-brz-custom-id=\"embxvubmivzswozcqmydjebpgmzvgavprjlv\">\n<div class=\"brz-bg\"><\/div>\n<div class=\"brz-row brz-css-rKXe7\">\n<div class=\"brz-columns brz-css-yU2h2 brz-css-qgDAB\" data-brz-custom-id=\"nnffhdybjhxuiueehupygowpjboeqvmxahbl\">\n<div class=\"brz-bg\"><\/div>\n<div class=\"brz-column__items brz-css-sT0GS brz-css-laxLC\">\n<div id=\"\" class=\"brz-css-lRyYx brz-css-k5vIp brz-wrapper\">\n<div class=\"brz-rich-text brz-rich-text__custom brz-css-icxRi\" data-brz-custom-id=\"wbqlnnnwklkddbyijcfnzsqzpuzoommgaxqd\">\n<div data-brz-translate-text=\"1\">\n<p class=\"brz-fs-sm-50 brz-text-lg-right brz-text-xs-left brz-fs-xs-60 brz-ff-montserrat brz-ft-google brz-fs-lg-70 brz-fss-lg-px brz-fw-lg-400 brz-ls-lg-m_1_5 brz-lh-lg-1 brz-tp-lg-empty brz-css-oA7Uu\" data-generated-css=\"brz-css-aorvd\" data-uniq-id=\"faghs\">May<\/p>\n<p class=\"brz-tp-lg-empty brz-lh-lg-1 brz-ls-lg-m_1_5 brz-fw-lg-400 brz-fss-lg-px brz-fs-sm-50 brz-text-lg-right brz-text-xs-left brz-fs-xs-60 brz-ff-montserrat brz-ft-google brz-fs-lg-70 brz-css-u3PPP\" data-generated-css=\"brz-css-rfuui\" data-uniq-id=\"blraw\"><span class=\"brz-cp-color1\" style=\"opacity: 0.75\">2022<\/span><\/p>\n<\/div>\n<\/div>\n<\/div>\n<div id=\"\" class=\"brz-css-lRyYx brz-css-kSdlw brz-wrapper\">\n<div class=\"brz-line brz-line-default brz-css-qOzar brz-css-dtAMq\" data-brz-custom-id=\"ezhgiygxkslygnenaroyzqlutvnkdpzabzik\">\n<hr class=\"brz-hr\"><\/div>\n<\/div>\n<div id=\"\" class=\"brz-css-lRyYx brz-css-nX2Jf brz-wrapper\">\n<div class=\"brz-rich-text brz-rich-text__custom brz-css-icxRi\" data-brz-custom-id=\"lkvlbzbhpesmfuocywyyjomxpyrcibldgukc\">\n<div data-brz-translate-text=\"1\">\n<p class=\"brz-text-lg-right brz-tp-lg-button brz-text-xs-left brz-css-lPU3W\" data-generated-css=\"brz-css-abpvq\" data-uniq-id=\"kgpbg\">INFANTIL<\/p>\n<\/div>\n<\/div>\n<\/div>\n<\/div>\n<\/div>\n<div class=\"brz-columns brz-css-yU2h2 brz-css-eqvuA\" data-brz-custom-id=\"rmgzbebfbgblgbzwbzyqlbybcivekprvafxi\">\n<div class=\"brz-bg\"><\/div>\n<div class=\"brz-column__items brz-css-sT0GS brz-css-uPEAg\">\n<div id=\"\" class=\"brz-css-lRyYx brz-css-n9yR8 brz-wrapper\">\n<div class=\"brz-rich-text brz-rich-text__custom brz-css-icxRi\" data-brz-custom-id=\"mpryxqttznpabjhlttawbhonmiulgrxvjtta\">\n<div data-brz-translate-text=\"1\">\n<h2 class=\"brz-tp-lg-heading2 brz-css-rEz0k\" data-uniq-id=\"yopxs\" data-generated-css=\"brz-css-irdnd\">Picnic en el cole<\/h2>\n<\/div>\n<\/div>\n<\/div>\n<div id=\"\" class=\"brz-css-lRyYx brz-css-mwKij brz-css-zPCEK brz-wrapper\">\n<div class=\"brz-spacer brz-css-kV8v9 brz-css-cSR_S\"><\/div>\n<\/div>\n<div class=\"brz-row__container brz-css-zmShs\" data-brz-custom-id=\"meqwysuaiudiiznlnruzmwsebqncounpzvdz\">\n<div class=\"brz-bg\"><\/div>\n<div class=\"brz-row brz-row--inner brz-css-rKXe7 brz-css-p0SJ2\">\n<div class=\"brz-columns brz-css-yU2h2 brz-css-barkj\" data-brz-custom-id=\"tdkyqovvlfdhiidmywszxuxmpiodlhohadck\">\n<div class=\"brz-bg\"><\/div>\n<div class=\"brz-column__items brz-css-sT0GS\">\n<div id=\"\" class=\"brz-css-lRyYx brz-wrapper\">\n<div class=\"brz-image brz-css-yDoAx\" data-brz-custom-id=\"uotflvfagzvortueobofznnvznomgkwfnomz\"><img decoding=\"async\" class=\"brz-img\" src=\"https:\/\/colegiolourdes.es\/wp-content\/uploads\/brizy\/imgs\/Picnic-3-an\u0303os-401x301x26x0x350x301x1652642359.jpg\" alt=\"\" loading=\"lazy\"><\/div>\n<\/div>\n<\/div>\n<\/div>\n<div class=\"brz-columns brz-css-yU2h2 brz-css-s9GQh\" data-brz-custom-id=\"xtbzmlndkzqikwzbfxjimiwktukbzudrzgyw\">\n<div class=\"brz-bg\"><\/div>\n<div class=\"brz-column__items brz-css-sT0GS\">\n<div id=\"\" class=\"brz-css-lRyYx brz-css-e4e3a brz-wrapper\">\n<div class=\"brz-rich-text brz-rich-text__custom brz-css-icxRi\" data-brz-custom-id=\"hbutqhpnqehalvpksqlxpnasdbepiqdadnzf\">\n<div data-brz-translate-text=\"1\">\n<p class=\"ql-align-justify brz-ff-wzboxjsqgqhchaabqhhwkjnsysfnjiaknuki brz-ft-upload brz-fs-lg-16 brz-fss-lg-px brz-fw-lg-400 brz-ls-lg-0 brz-lh-lg-1_3 brz-tp-lg-paragraph brz-text-lg-justify brz-css-vClYH\" data-uniq-id=\"lmcfa\" data-generated-css=\"brz-css-eyijz\"><span>Los ni\u00f1os de 3 a\u00f1os hemos disfrutado de un d\u00eda en la naturaleza: hemos hecho un picnic por la ma\u00f1ana y por la tarde hemos jugado con el paraca\u00eddas, hemos hecho carreras de sacos y hemos pescado patitos.<\/span><\/p>\n<p class=\"ql-align-justify brz-ff-wzboxjsqgqhchaabqhhwkjnsysfnjiaknuki brz-ft-upload brz-fs-lg-16 brz-fss-lg-px brz-fw-lg-400 brz-ls-lg-0 brz-lh-lg-1_3 brz-tp-lg-paragraph brz-text-lg-justify brz-css-nsaDu\" data-uniq-id=\"fewiu\" data-generated-css=\"brz-css-ysodw\"><span> <\/span><\/p>\n<p class=\"ql-align-justify brz-ff-wzboxjsqgqhchaabqhhwkjnsysfnjiaknuki brz-ft-upload brz-fs-lg-16 brz-fss-lg-px brz-fw-lg-400 brz-ls-lg-0 brz-lh-lg-1_3 brz-tp-lg-paragraph brz-text-lg-justify brz-css-oKUep\" data-uniq-id=\"rcuzh\" data-generated-css=\"brz-css-knwzg\"><span>\u00a1Todo sin salir del cole!<\/span><\/p>\n<p class=\"ql-align-justify brz-ff-wzboxjsqgqhchaabqhhwkjnsysfnjiaknuki brz-ft-upload brz-fs-lg-16 brz-fss-lg-px brz-fw-lg-400 brz-ls-lg-0 brz-lh-lg-1_3 brz-tp-lg-paragraph brz-text-lg-justify brz-css-znEV3\" data-uniq-id=\"qwjbt\" data-generated-css=\"brz-css-qsihz\"><span>\u00a1Nos lo&nbsp;hemos&nbsp;pasado genial y ha sido un d\u00eda muy&nbsp;divertido!<\/span><\/p>\n<p class=\"brz-text-lg-right ql-align-justify brz-ff-wzboxjsqgqhchaabqhhwkjnsysfnjiaknuki brz-ft-upload brz-fs-lg-16 brz-fss-lg-px brz-fw-lg-400 brz-ls-lg-0 brz-lh-lg-1_3 brz-tp-lg-paragraph brz-css-pcy_G\" data-uniq-id=\"intlf\" data-generated-css=\"brz-css-lieog\"><a class=\"link--external brz-cp-color1\" href=\"https:\/\/lasallelourdes.sallenet.org\/mod\/lightboxgallery\/view.php?id=64854\" data-brz-link-type=\"external\" target=\"_blank\"><strong>Ver galer\u00eda de im\u00e1genes <\/strong><\/a><\/p>\n<\/div>\n<\/div>\n<\/div>\n<\/div>\n<\/div>\n<\/div>\n<\/div>\n<\/div>\n<\/div>\n<\/div>\n<\/div>\n<\/div>\n<\/div>\n<\/section>\n<\/div>\n<p>    <!-- version:1732355592 --><\/p>\n","protected":false},"excerpt":{"rendered":"<p>Los ni\u00f1os de 3 a\u00f1os hemos disfrutado de un d\u00eda en la naturaleza: hemos hecho un picnic por la ma\u00f1ana y por la tarde hemos jugado con el paraca\u00eddas&#8230;<\/p>\n","protected":false},"author":5,"featured_media":37908,"comment_status":"closed","ping_status":"closed","sticky":false,"template":"brizy-blank-template.php","format":"standard","meta":{"footnotes":""},"categories":[38,4,3],"tags":[42,15,36,45,17,18],"class_list":["post-37906","post","type-post","status-publish","format-standard","has-post-thumbnail","hentry","category-curso-2021-22","category-infantil","category-noticias","tag-sentimientolourdes","tag-colegio-lourdes","tag-educacion","tag-estas-en-casa","tag-mira-mas-alla","tag-somos-la-salle","entry"],"yoast_head":"<!-- This site is optimized with the Yoast SEO plugin v27.5 - https:\/\/yoast.com\/product\/yoast-seo-wordpress\/ -->\n<title>Picnic en el cole - Colegio Lourdes<\/title>\n<meta name=\"robots\" content=\"index, follow, max-snippet:-1, max-image-preview:large, max-video-preview:-1\" \/>\n<link rel=\"canonical\" href=\"https:\/\/colegiolourdes.es\/index.php\/2022\/05\/picnic-en-el-cole\/\" \/>\n<meta property=\"og:locale\" content=\"es_ES\" \/>\n<meta property=\"og:type\" content=\"article\" \/>\n<meta property=\"og:title\" content=\"Picnic en el cole - Colegio Lourdes\" \/>\n<meta property=\"og:description\" content=\"Los ni\u00f1os de 3 a\u00f1os hemos disfrutado de un d\u00eda en la naturaleza: hemos hecho un picnic por la ma\u00f1ana y por la tarde hemos jugado con el paraca\u00eddas...\" \/>\n<meta property=\"og:url\" content=\"https:\/\/colegiolourdes.es\/index.php\/2022\/05\/picnic-en-el-cole\/\" \/>\n<meta property=\"og:site_name\" content=\"Colegio Lourdes\" \/>\n<meta property=\"article:publisher\" content=\"https:\/\/www.facebook.com\/colegiolourdesva\" \/>\n<meta property=\"article:published_time\" content=\"2022-05-15T19:20:44+00:00\" \/>\n<meta property=\"article:modified_time\" content=\"2025-05-05T10:02:43+00:00\" \/>\n<meta property=\"og:image\" content=\"https:\/\/colegiolourdes.es\/wp-content\/uploads\/2022\/05\/Picnic-3-an\u0303os.jpg\" \/>\n\t<meta property=\"og:image:width\" content=\"1200\" \/>\n\t<meta property=\"og:image:height\" content=\"900\" \/>\n\t<meta property=\"og:image:type\" content=\"image\/jpeg\" \/>\n<meta name=\"author\" content=\"Santiago de Frutos\" \/>\n<meta name=\"twitter:card\" content=\"summary_large_image\" \/>\n<meta name=\"twitter:creator\" content=\"@ColeLourdesVa\" \/>\n<meta name=\"twitter:site\" content=\"@ColeLourdesVa\" \/>\n<meta name=\"twitter:label1\" content=\"Escrito por\" \/>\n\t<meta name=\"twitter:data1\" content=\"Santiago de Frutos\" \/>\n\t<meta name=\"twitter:label2\" content=\"Tiempo de lectura\" \/>\n\t<meta name=\"twitter:data2\" content=\"2 minutos\" \/>\n<script type=\"application\/ld+json\" class=\"yoast-schema-graph\">{\"@context\":\"https:\\\/\\\/schema.org\",\"@graph\":[{\"@type\":\"Article\",\"@id\":\"https:\\\/\\\/colegiolourdes.es\\\/index.php\\\/2022\\\/05\\\/picnic-en-el-cole\\\/#article\",\"isPartOf\":{\"@id\":\"https:\\\/\\\/colegiolourdes.es\\\/index.php\\\/2022\\\/05\\\/picnic-en-el-cole\\\/\"},\"author\":{\"name\":\"Santiago de Frutos\",\"@id\":\"https:\\\/\\\/colegiolourdes.es\\\/#\\\/schema\\\/person\\\/cd04676edc59cac8a30f15eb98eb4908\"},\"headline\":\"Picnic en el cole\",\"datePublished\":\"2022-05-15T19:20:44+00:00\",\"dateModified\":\"2025-05-05T10:02:43+00:00\",\"mainEntityOfPage\":{\"@id\":\"https:\\\/\\\/colegiolourdes.es\\\/index.php\\\/2022\\\/05\\\/picnic-en-el-cole\\\/\"},\"wordCount\":79,\"publisher\":{\"@id\":\"https:\\\/\\\/colegiolourdes.es\\\/#organization\"},\"image\":{\"@id\":\"https:\\\/\\\/colegiolourdes.es\\\/index.php\\\/2022\\\/05\\\/picnic-en-el-cole\\\/#primaryimage\"},\"thumbnailUrl\":\"https:\\\/\\\/colegiolourdes.es\\\/wp-content\\\/uploads\\\/2022\\\/05\\\/Picnic-3-an\u0303os.jpg\",\"keywords\":[\"#sentimientolourdes\",\"colegio lourdes\",\"Educaci\u00f3n\",\"Est\u00e1s en Casa\",\"Mira m\u00e1s all\u00e1\",\"Somos La Salle\"],\"articleSection\":[\"Curso 2021-22\",\"Infantil\",\"Noticias\"],\"inLanguage\":\"es\"},{\"@type\":\"WebPage\",\"@id\":\"https:\\\/\\\/colegiolourdes.es\\\/index.php\\\/2022\\\/05\\\/picnic-en-el-cole\\\/\",\"url\":\"https:\\\/\\\/colegiolourdes.es\\\/index.php\\\/2022\\\/05\\\/picnic-en-el-cole\\\/\",\"name\":\"Picnic en el cole - Colegio Lourdes\",\"isPartOf\":{\"@id\":\"https:\\\/\\\/colegiolourdes.es\\\/#website\"},\"primaryImageOfPage\":{\"@id\":\"https:\\\/\\\/colegiolourdes.es\\\/index.php\\\/2022\\\/05\\\/picnic-en-el-cole\\\/#primaryimage\"},\"image\":{\"@id\":\"https:\\\/\\\/colegiolourdes.es\\\/index.php\\\/2022\\\/05\\\/picnic-en-el-cole\\\/#primaryimage\"},\"thumbnailUrl\":\"https:\\\/\\\/colegiolourdes.es\\\/wp-content\\\/uploads\\\/2022\\\/05\\\/Picnic-3-an\u0303os.jpg\",\"datePublished\":\"2022-05-15T19:20:44+00:00\",\"dateModified\":\"2025-05-05T10:02:43+00:00\",\"inLanguage\":\"es\",\"potentialAction\":[{\"@type\":\"ReadAction\",\"target\":[\"https:\\\/\\\/colegiolourdes.es\\\/index.php\\\/2022\\\/05\\\/picnic-en-el-cole\\\/\"]}]},{\"@type\":\"ImageObject\",\"inLanguage\":\"es\",\"@id\":\"https:\\\/\\\/colegiolourdes.es\\\/index.php\\\/2022\\\/05\\\/picnic-en-el-cole\\\/#primaryimage\",\"url\":\"https:\\\/\\\/colegiolourdes.es\\\/wp-content\\\/uploads\\\/2022\\\/05\\\/Picnic-3-an\u0303os.jpg\",\"contentUrl\":\"https:\\\/\\\/colegiolourdes.es\\\/wp-content\\\/uploads\\\/2022\\\/05\\\/Picnic-3-an\u0303os.jpg\",\"width\":1200,\"height\":900},{\"@type\":\"WebSite\",\"@id\":\"https:\\\/\\\/colegiolourdes.es\\\/#website\",\"url\":\"https:\\\/\\\/colegiolourdes.es\\\/\",\"name\":\"Colegio Lourdes\",\"description\":\"Web del Colegio Nuestra Se\u00f1ora de Lourdes de Valladolid.\",\"publisher\":{\"@id\":\"https:\\\/\\\/colegiolourdes.es\\\/#organization\"},\"alternateName\":\"Colegio Nuestra Se\u00f1ora de Lourdes\",\"potentialAction\":[{\"@type\":\"SearchAction\",\"target\":{\"@type\":\"EntryPoint\",\"urlTemplate\":\"https:\\\/\\\/colegiolourdes.es\\\/?s={search_term_string}\"},\"query-input\":{\"@type\":\"PropertyValueSpecification\",\"valueRequired\":true,\"valueName\":\"search_term_string\"}}],\"inLanguage\":\"es\"},{\"@type\":\"Organization\",\"@id\":\"https:\\\/\\\/colegiolourdes.es\\\/#organization\",\"name\":\"Colegio Nuestra Se\u00f1ora de Lourdes\",\"alternateName\":\"Colegio Lourdes Valladolid\",\"url\":\"https:\\\/\\\/colegiolourdes.es\\\/\",\"logo\":{\"@type\":\"ImageObject\",\"inLanguage\":\"es\",\"@id\":\"https:\\\/\\\/colegiolourdes.es\\\/#\\\/schema\\\/logo\\\/image\\\/\",\"url\":\"https:\\\/\\\/colegiolourdes.es\\\/wp-content\\\/uploads\\\/2021\\\/11\\\/cropped-Escudo.png\",\"contentUrl\":\"https:\\\/\\\/colegiolourdes.es\\\/wp-content\\\/uploads\\\/2021\\\/11\\\/cropped-Escudo.png\",\"width\":85,\"height\":105,\"caption\":\"Colegio Nuestra Se\u00f1ora de Lourdes\"},\"image\":{\"@id\":\"https:\\\/\\\/colegiolourdes.es\\\/#\\\/schema\\\/logo\\\/image\\\/\"},\"sameAs\":[\"https:\\\/\\\/www.facebook.com\\\/colegiolourdesva\",\"https:\\\/\\\/x.com\\\/ColeLourdesVa\",\"https:\\\/\\\/www.instagram.com\\\/colegio_lourdes_valladolid\\\/\"]},{\"@type\":\"Person\",\"@id\":\"https:\\\/\\\/colegiolourdes.es\\\/#\\\/schema\\\/person\\\/cd04676edc59cac8a30f15eb98eb4908\",\"name\":\"Santiago de Frutos\",\"image\":{\"@type\":\"ImageObject\",\"inLanguage\":\"es\",\"@id\":\"https:\\\/\\\/secure.gravatar.com\\\/avatar\\\/70dada565ce0dc4d7bf0c790be8d5ba31c607451b0e237d399ecb7f01c923a50?s=96&d=mm&r=g\",\"url\":\"https:\\\/\\\/secure.gravatar.com\\\/avatar\\\/70dada565ce0dc4d7bf0c790be8d5ba31c607451b0e237d399ecb7f01c923a50?s=96&d=mm&r=g\",\"contentUrl\":\"https:\\\/\\\/secure.gravatar.com\\\/avatar\\\/70dada565ce0dc4d7bf0c790be8d5ba31c607451b0e237d399ecb7f01c923a50?s=96&d=mm&r=g\",\"caption\":\"Santiago de Frutos\"},\"url\":\"https:\\\/\\\/colegiolourdes.es\\\/index.php\\\/author\\\/santiago\\\/\"}]}<\/script>\n<!-- \/ Yoast SEO plugin. -->","yoast_head_json":{"title":"Picnic en el cole - Colegio Lourdes","robots":{"index":"index","follow":"follow","max-snippet":"max-snippet:-1","max-image-preview":"max-image-preview:large","max-video-preview":"max-video-preview:-1"},"canonical":"https:\/\/colegiolourdes.es\/index.php\/2022\/05\/picnic-en-el-cole\/","og_locale":"es_ES","og_type":"article","og_title":"Picnic en el cole - Colegio Lourdes","og_description":"Los ni\u00f1os de 3 a\u00f1os hemos disfrutado de un d\u00eda en la naturaleza: hemos hecho un picnic por la ma\u00f1ana y por la tarde hemos jugado con el paraca\u00eddas...","og_url":"https:\/\/colegiolourdes.es\/index.php\/2022\/05\/picnic-en-el-cole\/","og_site_name":"Colegio Lourdes","article_publisher":"https:\/\/www.facebook.com\/colegiolourdesva","article_published_time":"2022-05-15T19:20:44+00:00","article_modified_time":"2025-05-05T10:02:43+00:00","og_image":[{"width":1200,"height":900,"url":"https:\/\/colegiolourdes.es\/wp-content\/uploads\/2022\/05\/Picnic-3-an\u0303os.jpg","type":"image\/jpeg"}],"author":"Santiago de Frutos","twitter_card":"summary_large_image","twitter_creator":"@ColeLourdesVa","twitter_site":"@ColeLourdesVa","twitter_misc":{"Escrito por":"Santiago de Frutos","Tiempo de lectura":"2 minutos"},"schema":{"@context":"https:\/\/schema.org","@graph":[{"@type":"Article","@id":"https:\/\/colegiolourdes.es\/index.php\/2022\/05\/picnic-en-el-cole\/#article","isPartOf":{"@id":"https:\/\/colegiolourdes.es\/index.php\/2022\/05\/picnic-en-el-cole\/"},"author":{"name":"Santiago de Frutos","@id":"https:\/\/colegiolourdes.es\/#\/schema\/person\/cd04676edc59cac8a30f15eb98eb4908"},"headline":"Picnic en el cole","datePublished":"2022-05-15T19:20:44+00:00","dateModified":"2025-05-05T10:02:43+00:00","mainEntityOfPage":{"@id":"https:\/\/colegiolourdes.es\/index.php\/2022\/05\/picnic-en-el-cole\/"},"wordCount":79,"publisher":{"@id":"https:\/\/colegiolourdes.es\/#organization"},"image":{"@id":"https:\/\/colegiolourdes.es\/index.php\/2022\/05\/picnic-en-el-cole\/#primaryimage"},"thumbnailUrl":"https:\/\/colegiolourdes.es\/wp-content\/uploads\/2022\/05\/Picnic-3-an\u0303os.jpg","keywords":["#sentimientolourdes","colegio lourdes","Educaci\u00f3n","Est\u00e1s en Casa","Mira m\u00e1s all\u00e1","Somos La Salle"],"articleSection":["Curso 2021-22","Infantil","Noticias"],"inLanguage":"es"},{"@type":"WebPage","@id":"https:\/\/colegiolourdes.es\/index.php\/2022\/05\/picnic-en-el-cole\/","url":"https:\/\/colegiolourdes.es\/index.php\/2022\/05\/picnic-en-el-cole\/","name":"Picnic en el cole - Colegio Lourdes","isPartOf":{"@id":"https:\/\/colegiolourdes.es\/#website"},"primaryImageOfPage":{"@id":"https:\/\/colegiolourdes.es\/index.php\/2022\/05\/picnic-en-el-cole\/#primaryimage"},"image":{"@id":"https:\/\/colegiolourdes.es\/index.php\/2022\/05\/picnic-en-el-cole\/#primaryimage"},"thumbnailUrl":"https:\/\/colegiolourdes.es\/wp-content\/uploads\/2022\/05\/Picnic-3-an\u0303os.jpg","datePublished":"2022-05-15T19:20:44+00:00","dateModified":"2025-05-05T10:02:43+00:00","inLanguage":"es","potentialAction":[{"@type":"ReadAction","target":["https:\/\/colegiolourdes.es\/index.php\/2022\/05\/picnic-en-el-cole\/"]}]},{"@type":"ImageObject","inLanguage":"es","@id":"https:\/\/colegiolourdes.es\/index.php\/2022\/05\/picnic-en-el-cole\/#primaryimage","url":"https:\/\/colegiolourdes.es\/wp-content\/uploads\/2022\/05\/Picnic-3-an\u0303os.jpg","contentUrl":"https:\/\/colegiolourdes.es\/wp-content\/uploads\/2022\/05\/Picnic-3-an\u0303os.jpg","width":1200,"height":900},{"@type":"WebSite","@id":"https:\/\/colegiolourdes.es\/#website","url":"https:\/\/colegiolourdes.es\/","name":"Colegio Lourdes","description":"Web del Colegio Nuestra Se\u00f1ora de Lourdes de Valladolid.","publisher":{"@id":"https:\/\/colegiolourdes.es\/#organization"},"alternateName":"Colegio Nuestra Se\u00f1ora de Lourdes","potentialAction":[{"@type":"SearchAction","target":{"@type":"EntryPoint","urlTemplate":"https:\/\/colegiolourdes.es\/?s={search_term_string}"},"query-input":{"@type":"PropertyValueSpecification","valueRequired":true,"valueName":"search_term_string"}}],"inLanguage":"es"},{"@type":"Organization","@id":"https:\/\/colegiolourdes.es\/#organization","name":"Colegio Nuestra Se\u00f1ora de Lourdes","alternateName":"Colegio Lourdes Valladolid","url":"https:\/\/colegiolourdes.es\/","logo":{"@type":"ImageObject","inLanguage":"es","@id":"https:\/\/colegiolourdes.es\/#\/schema\/logo\/image\/","url":"https:\/\/colegiolourdes.es\/wp-content\/uploads\/2021\/11\/cropped-Escudo.png","contentUrl":"https:\/\/colegiolourdes.es\/wp-content\/uploads\/2021\/11\/cropped-Escudo.png","width":85,"height":105,"caption":"Colegio Nuestra Se\u00f1ora de Lourdes"},"image":{"@id":"https:\/\/colegiolourdes.es\/#\/schema\/logo\/image\/"},"sameAs":["https:\/\/www.facebook.com\/colegiolourdesva","https:\/\/x.com\/ColeLourdesVa","https:\/\/www.instagram.com\/colegio_lourdes_valladolid\/"]},{"@type":"Person","@id":"https:\/\/colegiolourdes.es\/#\/schema\/person\/cd04676edc59cac8a30f15eb98eb4908","name":"Santiago de Frutos","image":{"@type":"ImageObject","inLanguage":"es","@id":"https:\/\/secure.gravatar.com\/avatar\/70dada565ce0dc4d7bf0c790be8d5ba31c607451b0e237d399ecb7f01c923a50?s=96&d=mm&r=g","url":"https:\/\/secure.gravatar.com\/avatar\/70dada565ce0dc4d7bf0c790be8d5ba31c607451b0e237d399ecb7f01c923a50?s=96&d=mm&r=g","contentUrl":"https:\/\/secure.gravatar.com\/avatar\/70dada565ce0dc4d7bf0c790be8d5ba31c607451b0e237d399ecb7f01c923a50?s=96&d=mm&r=g","caption":"Santiago de Frutos"},"url":"https:\/\/colegiolourdes.es\/index.php\/author\/santiago\/"}]}},"_links":{"self":[{"href":"https:\/\/colegiolourdes.es\/index.php\/wp-json\/wp\/v2\/posts\/37906","targetHints":{"allow":["GET"]}}],"collection":[{"href":"https:\/\/colegiolourdes.es\/index.php\/wp-json\/wp\/v2\/posts"}],"about":[{"href":"https:\/\/colegiolourdes.es\/index.php\/wp-json\/wp\/v2\/types\/post"}],"author":[{"embeddable":true,"href":"https:\/\/colegiolourdes.es\/index.php\/wp-json\/wp\/v2\/users\/5"}],"replies":[{"embeddable":true,"href":"https:\/\/colegiolourdes.es\/index.php\/wp-json\/wp\/v2\/comments?post=37906"}],"version-history":[{"count":5,"href":"https:\/\/colegiolourdes.es\/index.php\/wp-json\/wp\/v2\/posts\/37906\/revisions"}],"predecessor-version":[{"id":37952,"href":"https:\/\/colegiolourdes.es\/index.php\/wp-json\/wp\/v2\/posts\/37906\/revisions\/37952"}],"wp:featuredmedia":[{"embeddable":true,"href":"https:\/\/colegiolourdes.es\/index.php\/wp-json\/wp\/v2\/media\/37908"}],"wp:attachment":[{"href":"https:\/\/colegiolourdes.es\/index.php\/wp-json\/wp\/v2\/media?parent=37906"}],"wp:term":[{"taxonomy":"category","embeddable":true,"href":"https:\/\/colegiolourdes.es\/index.php\/wp-json\/wp\/v2\/categories?post=37906"},{"taxonomy":"post_tag","embeddable":true,"href":"https:\/\/colegiolourdes.es\/index.php\/wp-json\/wp\/v2\/tags?post=37906"}],"curies":[{"name":"wp","href":"https:\/\/api.w.org\/{rel}","templated":true}]}}