{"id":38096,"date":"2022-05-20T10:57:23","date_gmt":"2022-05-20T08:57:23","guid":{"rendered":"https:\/\/colegiolourdes.es\/?p=38096"},"modified":"2025-05-05T12:02:59","modified_gmt":"2025-05-05T10:02:59","slug":"homenaje-deportivo","status":"publish","type":"post","link":"https:\/\/colegiolourdes.es\/index.php\/2022\/05\/homenaje-deportivo\/","title":{"rendered":"Homenaje deportivo"},"content":{"rendered":"<div class=\"brz-root__container brz-reset-all brz\">\n<section id=\"_cunuwnmrpdohnmpgxnfxupywzbrwlsanfykk\" class=\"brz-section brz-css-x8tl5\">\n<div class=\"brz-section__content brz-section--boxed brz-css-pgHUm brz-css-yIQxf\" data-brz-custom-id=\"scdcklwupwwfpedvajhrycojluciefhiicge\">\n<div class=\"brz-container brz-css-uMrxw\">\n<div class=\"brz-row__container brz-css-e0uPu\" data-brz-custom-id=\"embxvubmivzswozcqmydjebpgmzvgavprjlv\">\n<div class=\"brz-bg\"><\/div>\n<div class=\"brz-row brz-css-x1QKS\">\n<div class=\"brz-columns brz-css-jvN7K brz-css-ffLMC\" data-brz-custom-id=\"nnffhdybjhxuiueehupygowpjboeqvmxahbl\">\n<div class=\"brz-bg\"><\/div>\n<div class=\"brz-column__items brz-css-rPChR brz-css-nvihZ\">\n<div id=\"\" class=\"brz-css-eIimJ brz-css-sIx4T brz-wrapper\">\n<div class=\"brz-rich-text brz-rich-text__custom brz-css-a9ydP\" data-brz-custom-id=\"wbqlnnnwklkddbyijcfnzsqzpuzoommgaxqd\">\n<div data-brz-translate-text=\"1\">\n<p class=\"brz-fs-sm-50 brz-text-lg-right brz-text-xs-left brz-fs-xs-60 brz-ff-montserrat brz-ft-google brz-fs-lg-70 brz-fss-lg-px brz-fw-lg-400 brz-ls-lg-m_1_5 brz-lh-lg-1 brz-tp-lg-empty brz-css-siytK\" data-generated-css=\"brz-css-aorvd\" data-uniq-id=\"faghs\">May<\/p>\n<p class=\"brz-tp-lg-empty brz-lh-lg-1 brz-ls-lg-m_1_5 brz-fw-lg-400 brz-fss-lg-px brz-fs-sm-50 brz-text-lg-right brz-text-xs-left brz-fs-xs-60 brz-ff-montserrat brz-ft-google brz-fs-lg-70 brz-css-qW9AW\" data-generated-css=\"brz-css-rfuui\" data-uniq-id=\"blraw\"><span class=\"brz-cp-color1\" style=\"opacity: 0.75\">2022<\/span><\/p>\n<\/div>\n<\/div>\n<\/div>\n<div id=\"\" class=\"brz-css-eIimJ brz-css-hkSvO brz-wrapper\">\n<div class=\"brz-line brz-line-default brz-css-bBdwt brz-css-vsCyN\" data-brz-custom-id=\"ezhgiygxkslygnenaroyzqlutvnkdpzabzik\">\n<hr class=\"brz-hr\"><\/div>\n<\/div>\n<div id=\"\" class=\"brz-css-eIimJ brz-css-fFMRZ brz-wrapper\">\n<div class=\"brz-rich-text brz-rich-text__custom brz-css-a9ydP\" data-brz-custom-id=\"lkvlbzbhpesmfuocywyyjomxpyrcibldgukc\">\n<div data-brz-translate-text=\"1\">\n<p class=\"brz-text-xs-left brz-tp-lg-button brz-text-lg-right brz-css-bHYJx\" data-uniq-id=\"usbcj\" data-generated-css=\"brz-css-kgtnf\">DEPORTES<\/p>\n<\/div>\n<\/div>\n<\/div>\n<\/div>\n<\/div>\n<div class=\"brz-columns brz-css-jvN7K brz-css-l630v\" data-brz-custom-id=\"rmgzbebfbgblgbzwbzyqlbybcivekprvafxi\">\n<div class=\"brz-bg\"><\/div>\n<div class=\"brz-column__items brz-css-rPChR brz-css-cDCi8\">\n<div id=\"\" class=\"brz-css-eIimJ brz-css-uYCqk brz-wrapper\">\n<div class=\"brz-rich-text brz-rich-text__custom brz-css-a9ydP\" data-brz-custom-id=\"mpryxqttznpabjhlttawbhonmiulgrxvjtta\">\n<div data-brz-translate-text=\"1\">\n<h2 class=\"brz-tp-lg-heading2 brz-css-l5TLS\" data-generated-css=\"brz-css-snsif\" data-uniq-id=\"wnhyy\">Homenaje deportivo<\/h2>\n<\/div>\n<\/div>\n<\/div>\n<div id=\"\" class=\"brz-css-eIimJ brz-css-lxpZf brz-css-hkPZ4 brz-wrapper\">\n<div class=\"brz-spacer brz-css-utl8o brz-css-zKxBo\"><\/div>\n<\/div>\n<div id=\"\" class=\"brz-css-eIimJ brz-wrapper\">\n<div class=\"brz-carousel brz-css-qf9_7\" data-brz-custom-id=\"hqzvqhwtfnwyxzpoaildpqlqjuauhyykptez\">\n<div class=\"brz-carousel__slider\" data-slides-to-show=\"2\" data-slides-to-scroll=\"1\" data-arrows=\"true\" data-dots=\"true\" data-dots-class=\"brz-slick-slider__dots brz-slick-slider__dots--circle\" data-auto-play=\"true\" data-auto-play-speed=\"4000\" data-swipe=\"true\" data-fade=\"false\" data-transition-speed=\"3.5\" data-responsive=\"%5B%7B%22breakpoint%22%3A991%2C%22settings%22%3A%7B%22slidesToShow%22%3A2%2C%22slidesToScroll%22%3A1%7D%7D%2C%7B%22breakpoint%22%3A767%2C%22settings%22%3A%7B%22slidesToShow%22%3A1%2C%22slidesToScroll%22%3A1%7D%7D%5D\">\n<div class=\"brz-carousel__item\">\n<div class=\"brz-columns brz-css-jvN7K brz-css-tX7Pa\" data-brz-custom-id=\"kychaetaryysmessabieozuxhxyxpqfcxkxy\">\n<div class=\"brz-bg\"><\/div>\n<div class=\"brz-column__items brz-css-rPChR\">\n<div id=\"\" class=\"brz-css-eIimJ brz-wrapper\">\n<div class=\"brz-image brz-css-q7N5k\" data-brz-custom-id=\"swwszrljlydoneevwmzthbnimcxjhccotagf\"><img decoding=\"async\" class=\"brz-img\" src=\"https:\/\/colegiolourdes.es\/wp-content\/uploads\/brizy\/imgs\/Homenaje-Pepe-Moratinos-1-314x419x0x92x314x236x1653036329.jpg\" alt=\"\" loading=\"lazy\"><\/div>\n<\/div>\n<\/div>\n<\/div>\n<\/div>\n<div class=\"brz-carousel__item\">\n<div class=\"brz-columns brz-css-jvN7K brz-css-tX7Pa\" data-brz-custom-id=\"fmfgbdziwwatrtfyclxqolbcmezsibysflny\">\n<div class=\"brz-bg\"><\/div>\n<div class=\"brz-column__items brz-css-rPChR\">\n<div id=\"\" class=\"brz-css-eIimJ brz-wrapper\">\n<div class=\"brz-image brz-css-tUo7a\" data-brz-custom-id=\"oaqcsmrnnqhvebpzkkjlczoxsfypjpucjcrs\"><img decoding=\"async\" class=\"brz-img\" src=\"https:\/\/colegiolourdes.es\/wp-content\/uploads\/brizy\/imgs\/Homenaje-Pepe-Moratinos-3-314x236x0x0x314x236x1653036328.jpg\" alt=\"\" loading=\"lazy\"><\/div>\n<\/div>\n<\/div>\n<\/div>\n<\/div>\n<div class=\"brz-carousel__item\">\n<div class=\"brz-columns brz-css-jvN7K brz-css-tX7Pa\" data-brz-custom-id=\"tugsxmsxyiqtppdzouttowxjtekymhvmcxdu\">\n<div class=\"brz-bg\"><\/div>\n<div class=\"brz-column__items brz-css-rPChR\">\n<div id=\"\" class=\"brz-css-eIimJ brz-wrapper\">\n<div class=\"brz-image brz-css-vPp7F\" data-brz-custom-id=\"baqhzipnwqsyfijqvwrfaiaquxjsykbwvdtv\"><img decoding=\"async\" class=\"brz-img\" src=\"https:\/\/colegiolourdes.es\/wp-content\/uploads\/brizy\/imgs\/Homenaje-Pepe-Moratinos-2-314x419x0x92x314x236x1653036326.jpg\" alt=\"\" loading=\"lazy\"><\/div>\n<\/div>\n<\/div>\n<\/div>\n<\/div>\n<\/div>\n<\/div>\n<\/div>\n<div class=\"brz-row__container brz-css-e0uPu\" data-brz-custom-id=\"meqwysuaiudiiznlnruzmwsebqncounpzvdz\">\n<div class=\"brz-bg\"><\/div>\n<div class=\"brz-row brz-row--inner brz-css-x1QKS brz-css-xLz1z\">\n<div class=\"brz-columns brz-css-jvN7K brz-css-wcXgO\" data-brz-custom-id=\"xtbzmlndkzqikwzbfxjimiwktukbzudrzgyw\">\n<div class=\"brz-bg\"><\/div>\n<div class=\"brz-column__items brz-css-rPChR\">\n<div id=\"\" class=\"brz-css-eIimJ brz-css-ay72P brz-wrapper\">\n<div class=\"brz-rich-text brz-rich-text__custom brz-css-a9ydP\" data-brz-custom-id=\"hbutqhpnqehalvpksqlxpnasdbepiqdadnzf\">\n<div data-brz-translate-text=\"1\">\n<p class=\"brz-lh-lg-1_4 brz-ls-lg-0 brz-fw-lg-700 brz-fss-lg-px brz-fs-lg-19 brz-ft-upload brz-ff-eeouoedigzcdltpavajhdsubdzsrcvcydeon brz-tp-lg-empty brz-text-lg-center ql-align-center brz-css-eVsx1\" data-uniq-id=\"cmjqm\" data-generated-css=\"brz-css-aofij\"><strong style=\"background-color: transparent\">El Colegio Ntra. Sra. De Lourdes rindi\u00f3 un emotivo homenaje a \u201cPepe\u201d Moratinos.<\/strong><\/p>\n<p class=\"ql-align-justify brz-ff-wzboxjsqgqhchaabqhhwkjnsysfnjiaknuki brz-ft-upload brz-fs-lg-16 brz-fss-lg-px brz-fw-lg-400 brz-ls-lg-0 brz-lh-lg-1_3 brz-tp-lg-paragraph brz-text-lg-justify brz-css-tWlGf\" data-uniq-id=\"dcmad\" data-generated-css=\"brz-css-uebdd\"><span style=\"background-color: transparent\"> <\/span><\/p>\n<p class=\"ql-align-justify brz-ff-wzboxjsqgqhchaabqhhwkjnsysfnjiaknuki brz-ft-upload brz-fs-lg-16 brz-fss-lg-px brz-fw-lg-400 brz-ls-lg-0 brz-lh-lg-1_3 brz-tp-lg-paragraph brz-text-lg-justify brz-css-twmEJ\" data-uniq-id=\"dcmad\" data-generated-css=\"brz-css-uebdd\"><span style=\"background-color: transparent\">El escenario no pod\u00eda estar mejor elegido, final de la Copa Colegial entre Lourdes y San Agust\u00edn con el pabell\u00f3n del Colegio lleno hasta la bandera. El descanso aguardaba una sorpresa bien tramada en secreto durante las \u00faltimas semanas con un protagonista, D. Jos\u00e9 Luis Mart\u00edn Moratinos, nuestro ilustre \u201cPepe\u201d.<\/span><\/p>\n<p class=\"ql-align-justify brz-ff-wzboxjsqgqhchaabqhhwkjnsysfnjiaknuki brz-ft-upload brz-fs-lg-16 brz-fss-lg-px brz-fw-lg-400 brz-ls-lg-0 brz-lh-lg-1_3 brz-tp-lg-paragraph brz-text-lg-justify brz-css-gdHTL\" data-uniq-id=\"vuvgy\" data-generated-css=\"brz-css-smniw\"><span style=\"background-color: transparent\"> <\/span><\/p>\n<p class=\"ql-align-justify brz-ff-wzboxjsqgqhchaabqhhwkjnsysfnjiaknuki brz-ft-upload brz-fs-lg-16 brz-fss-lg-px brz-fw-lg-400 brz-ls-lg-0 brz-lh-lg-1_3 brz-tp-lg-paragraph brz-text-lg-justify brz-css-lqbyS\" data-uniq-id=\"vuvgy\" data-generated-css=\"brz-css-smniw\"><span style=\"background-color: transparent\">Entre los invitados especiales no pod\u00edan faltar familiares, amigos, antiguos compa\u00f1eros de pupitre y colegas de trabajo, todos ellos ilusionados con compartir uno de los homenajes m\u00e1s emotivos de todos los recibidos este a\u00f1o y que no han sido pocos, con motivo de poner fin a su etapa como Delegado Provincial de Valladolid. Una vida dedicada al deporte del baloncesto y, m\u00e1s en concreto, al denominado baloncesto de formaci\u00f3n, deja un largo listado de personas que en alg\u00fan momento de sus vidas tuvieron en Pepe un ejemplo de dedicaci\u00f3n, profesionalidad y apoyo para desarrollar sus sue\u00f1os e ilusiones.<\/span><\/p>\n<p class=\"ql-align-justify brz-ff-wzboxjsqgqhchaabqhhwkjnsysfnjiaknuki brz-ft-upload brz-fs-lg-16 brz-fss-lg-px brz-fw-lg-400 brz-ls-lg-0 brz-lh-lg-1_3 brz-tp-lg-paragraph brz-text-lg-justify brz-css-khrG_\" data-uniq-id=\"wjhjj\" data-generated-css=\"brz-css-yuoyh\"><span style=\"background-color: transparent\"> <\/span><\/p>\n<p class=\"ql-align-justify brz-ff-wzboxjsqgqhchaabqhhwkjnsysfnjiaknuki brz-ft-upload brz-fs-lg-16 brz-fss-lg-px brz-fw-lg-400 brz-ls-lg-0 brz-lh-lg-1_3 brz-tp-lg-paragraph brz-text-lg-justify brz-css-zpFXL\" data-uniq-id=\"wjhjj\" data-generated-css=\"brz-css-yuoyh\"><span style=\"background-color: transparent\">De las manos del Director del centro, D. Jorge Meneses, el homenajeado recibi\u00f3 la escultura que representa la fachada del colegio, uno de esos recuerdos que, quien ha vivido desde dentro lo que significa pertenecer al Colegio de Lourdes, sabe apreciar en su debida manera. Posteriormente, y esta vez con dos protagonistas de nombres Claudia y Andrea, nietas de Pepe, se le hizo entrega de las fotos de los cursos 47-48 y 48-49, a\u00f1os en los que Moratinos estudio 2\u00ba y 3\u00ba de elemental en el colegio.<\/span><\/p>\n<p class=\"ql-align-justify brz-ff-wzboxjsqgqhchaabqhhwkjnsysfnjiaknuki brz-ft-upload brz-fs-lg-16 brz-fss-lg-px brz-fw-lg-400 brz-ls-lg-0 brz-lh-lg-1_3 brz-tp-lg-paragraph brz-text-lg-justify brz-css-bjRJZ\" data-uniq-id=\"qqokc\" data-generated-css=\"brz-css-bfnlq\"><\/p>\n<\/div>\n<\/div>\n<\/div>\n<\/div>\n<\/div>\n<\/div>\n<\/div>\n<\/div>\n<\/div>\n<\/div>\n<\/div>\n<\/div>\n<\/div>\n<\/section>\n<\/div>\n<p>    <!-- version:1731925318 --><\/p>\n","protected":false},"excerpt":{"rendered":"<p>Durante el descanso de la final de la Copa Colegial, aguardaba una sorpresa con un protagonista, D. Jos\u00e9 Luis Mart\u00edn Moratinos, nuestro ilustre \u201cPepe\u201d. <\/p>\n","protected":false},"author":5,"featured_media":38099,"comment_status":"closed","ping_status":"closed","sticky":false,"template":"brizy-blank-template.php","format":"standard","meta":{"footnotes":""},"categories":[38,9,3],"tags":[42,15,36,45,17,18],"class_list":["post-38096","post","type-post","status-publish","format-standard","has-post-thumbnail","hentry","category-curso-2021-22","category-deportes","category-noticias","tag-sentimientolourdes","tag-colegio-lourdes","tag-educacion","tag-estas-en-casa","tag-mira-mas-alla","tag-somos-la-salle","entry"],"yoast_head":"<!-- This site is optimized with the Yoast SEO plugin v27.5 - https:\/\/yoast.com\/product\/yoast-seo-wordpress\/ -->\n<title>Homenaje deportivo - Colegio Lourdes<\/title>\n<meta name=\"robots\" content=\"index, follow, max-snippet:-1, max-image-preview:large, max-video-preview:-1\" \/>\n<link rel=\"canonical\" href=\"https:\/\/colegiolourdes.es\/index.php\/2022\/05\/homenaje-deportivo\/\" \/>\n<meta property=\"og:locale\" content=\"es_ES\" \/>\n<meta property=\"og:type\" content=\"article\" \/>\n<meta property=\"og:title\" content=\"Homenaje deportivo - Colegio Lourdes\" \/>\n<meta property=\"og:description\" content=\"Durante el descanso de la final de la Copa Colegial, aguardaba una sorpresa con un protagonista, D. Jos\u00e9 Luis Mart\u00edn Moratinos, nuestro ilustre \u201cPepe\u201d.\" \/>\n<meta property=\"og:url\" content=\"https:\/\/colegiolourdes.es\/index.php\/2022\/05\/homenaje-deportivo\/\" \/>\n<meta property=\"og:site_name\" content=\"Colegio Lourdes\" \/>\n<meta property=\"article:publisher\" content=\"https:\/\/www.facebook.com\/colegiolourdesva\" \/>\n<meta property=\"article:published_time\" content=\"2022-05-20T08:57:23+00:00\" \/>\n<meta property=\"article:modified_time\" content=\"2025-05-05T10:02:59+00:00\" \/>\n<meta property=\"og:image\" content=\"https:\/\/colegiolourdes.es\/wp-content\/uploads\/2022\/05\/Homenaje-Pepe-Moratinos-1.jpg\" \/>\n\t<meta property=\"og:image:width\" content=\"480\" \/>\n\t<meta property=\"og:image:height\" content=\"640\" \/>\n\t<meta property=\"og:image:type\" content=\"image\/jpeg\" \/>\n<meta name=\"author\" content=\"Santiago de Frutos\" \/>\n<meta name=\"twitter:card\" content=\"summary_large_image\" \/>\n<meta name=\"twitter:creator\" content=\"@ColeLourdesVa\" \/>\n<meta name=\"twitter:site\" content=\"@ColeLourdesVa\" \/>\n<meta name=\"twitter:label1\" content=\"Escrito por\" \/>\n\t<meta name=\"twitter:data1\" content=\"Santiago de Frutos\" \/>\n\t<meta name=\"twitter:label2\" content=\"Tiempo de lectura\" \/>\n\t<meta name=\"twitter:data2\" content=\"4 minutos\" \/>\n<script type=\"application\/ld+json\" class=\"yoast-schema-graph\">{\"@context\":\"https:\\\/\\\/schema.org\",\"@graph\":[{\"@type\":\"Article\",\"@id\":\"https:\\\/\\\/colegiolourdes.es\\\/index.php\\\/2022\\\/05\\\/homenaje-deportivo\\\/#article\",\"isPartOf\":{\"@id\":\"https:\\\/\\\/colegiolourdes.es\\\/index.php\\\/2022\\\/05\\\/homenaje-deportivo\\\/\"},\"author\":{\"name\":\"Santiago de Frutos\",\"@id\":\"https:\\\/\\\/colegiolourdes.es\\\/#\\\/schema\\\/person\\\/cd04676edc59cac8a30f15eb98eb4908\"},\"headline\":\"Homenaje deportivo\",\"datePublished\":\"2022-05-20T08:57:23+00:00\",\"dateModified\":\"2025-05-05T10:02:59+00:00\",\"mainEntityOfPage\":{\"@id\":\"https:\\\/\\\/colegiolourdes.es\\\/index.php\\\/2022\\\/05\\\/homenaje-deportivo\\\/\"},\"wordCount\":266,\"publisher\":{\"@id\":\"https:\\\/\\\/colegiolourdes.es\\\/#organization\"},\"image\":{\"@id\":\"https:\\\/\\\/colegiolourdes.es\\\/index.php\\\/2022\\\/05\\\/homenaje-deportivo\\\/#primaryimage\"},\"thumbnailUrl\":\"https:\\\/\\\/colegiolourdes.es\\\/wp-content\\\/uploads\\\/2022\\\/05\\\/Homenaje-Pepe-Moratinos-1.jpg\",\"keywords\":[\"#sentimientolourdes\",\"colegio lourdes\",\"Educaci\u00f3n\",\"Est\u00e1s en Casa\",\"Mira m\u00e1s all\u00e1\",\"Somos La Salle\"],\"articleSection\":[\"Curso 2021-22\",\"Deportes\",\"Noticias\"],\"inLanguage\":\"es\"},{\"@type\":\"WebPage\",\"@id\":\"https:\\\/\\\/colegiolourdes.es\\\/index.php\\\/2022\\\/05\\\/homenaje-deportivo\\\/\",\"url\":\"https:\\\/\\\/colegiolourdes.es\\\/index.php\\\/2022\\\/05\\\/homenaje-deportivo\\\/\",\"name\":\"Homenaje deportivo - Colegio Lourdes\",\"isPartOf\":{\"@id\":\"https:\\\/\\\/colegiolourdes.es\\\/#website\"},\"primaryImageOfPage\":{\"@id\":\"https:\\\/\\\/colegiolourdes.es\\\/index.php\\\/2022\\\/05\\\/homenaje-deportivo\\\/#primaryimage\"},\"image\":{\"@id\":\"https:\\\/\\\/colegiolourdes.es\\\/index.php\\\/2022\\\/05\\\/homenaje-deportivo\\\/#primaryimage\"},\"thumbnailUrl\":\"https:\\\/\\\/colegiolourdes.es\\\/wp-content\\\/uploads\\\/2022\\\/05\\\/Homenaje-Pepe-Moratinos-1.jpg\",\"datePublished\":\"2022-05-20T08:57:23+00:00\",\"dateModified\":\"2025-05-05T10:02:59+00:00\",\"inLanguage\":\"es\",\"potentialAction\":[{\"@type\":\"ReadAction\",\"target\":[\"https:\\\/\\\/colegiolourdes.es\\\/index.php\\\/2022\\\/05\\\/homenaje-deportivo\\\/\"]}]},{\"@type\":\"ImageObject\",\"inLanguage\":\"es\",\"@id\":\"https:\\\/\\\/colegiolourdes.es\\\/index.php\\\/2022\\\/05\\\/homenaje-deportivo\\\/#primaryimage\",\"url\":\"https:\\\/\\\/colegiolourdes.es\\\/wp-content\\\/uploads\\\/2022\\\/05\\\/Homenaje-Pepe-Moratinos-1.jpg\",\"contentUrl\":\"https:\\\/\\\/colegiolourdes.es\\\/wp-content\\\/uploads\\\/2022\\\/05\\\/Homenaje-Pepe-Moratinos-1.jpg\",\"width\":480,\"height\":640},{\"@type\":\"WebSite\",\"@id\":\"https:\\\/\\\/colegiolourdes.es\\\/#website\",\"url\":\"https:\\\/\\\/colegiolourdes.es\\\/\",\"name\":\"Colegio Lourdes\",\"description\":\"Web del Colegio Nuestra Se\u00f1ora de Lourdes de Valladolid.\",\"publisher\":{\"@id\":\"https:\\\/\\\/colegiolourdes.es\\\/#organization\"},\"alternateName\":\"Colegio Nuestra Se\u00f1ora de Lourdes\",\"potentialAction\":[{\"@type\":\"SearchAction\",\"target\":{\"@type\":\"EntryPoint\",\"urlTemplate\":\"https:\\\/\\\/colegiolourdes.es\\\/?s={search_term_string}\"},\"query-input\":{\"@type\":\"PropertyValueSpecification\",\"valueRequired\":true,\"valueName\":\"search_term_string\"}}],\"inLanguage\":\"es\"},{\"@type\":\"Organization\",\"@id\":\"https:\\\/\\\/colegiolourdes.es\\\/#organization\",\"name\":\"Colegio Nuestra Se\u00f1ora de Lourdes\",\"alternateName\":\"Colegio Lourdes Valladolid\",\"url\":\"https:\\\/\\\/colegiolourdes.es\\\/\",\"logo\":{\"@type\":\"ImageObject\",\"inLanguage\":\"es\",\"@id\":\"https:\\\/\\\/colegiolourdes.es\\\/#\\\/schema\\\/logo\\\/image\\\/\",\"url\":\"https:\\\/\\\/colegiolourdes.es\\\/wp-content\\\/uploads\\\/2021\\\/11\\\/cropped-Escudo.png\",\"contentUrl\":\"https:\\\/\\\/colegiolourdes.es\\\/wp-content\\\/uploads\\\/2021\\\/11\\\/cropped-Escudo.png\",\"width\":85,\"height\":105,\"caption\":\"Colegio Nuestra Se\u00f1ora de Lourdes\"},\"image\":{\"@id\":\"https:\\\/\\\/colegiolourdes.es\\\/#\\\/schema\\\/logo\\\/image\\\/\"},\"sameAs\":[\"https:\\\/\\\/www.facebook.com\\\/colegiolourdesva\",\"https:\\\/\\\/x.com\\\/ColeLourdesVa\",\"https:\\\/\\\/www.instagram.com\\\/colegio_lourdes_valladolid\\\/\"]},{\"@type\":\"Person\",\"@id\":\"https:\\\/\\\/colegiolourdes.es\\\/#\\\/schema\\\/person\\\/cd04676edc59cac8a30f15eb98eb4908\",\"name\":\"Santiago de Frutos\",\"image\":{\"@type\":\"ImageObject\",\"inLanguage\":\"es\",\"@id\":\"https:\\\/\\\/secure.gravatar.com\\\/avatar\\\/70dada565ce0dc4d7bf0c790be8d5ba31c607451b0e237d399ecb7f01c923a50?s=96&d=mm&r=g\",\"url\":\"https:\\\/\\\/secure.gravatar.com\\\/avatar\\\/70dada565ce0dc4d7bf0c790be8d5ba31c607451b0e237d399ecb7f01c923a50?s=96&d=mm&r=g\",\"contentUrl\":\"https:\\\/\\\/secure.gravatar.com\\\/avatar\\\/70dada565ce0dc4d7bf0c790be8d5ba31c607451b0e237d399ecb7f01c923a50?s=96&d=mm&r=g\",\"caption\":\"Santiago de Frutos\"},\"url\":\"https:\\\/\\\/colegiolourdes.es\\\/index.php\\\/author\\\/santiago\\\/\"}]}<\/script>\n<!-- \/ Yoast SEO plugin. -->","yoast_head_json":{"title":"Homenaje deportivo - Colegio Lourdes","robots":{"index":"index","follow":"follow","max-snippet":"max-snippet:-1","max-image-preview":"max-image-preview:large","max-video-preview":"max-video-preview:-1"},"canonical":"https:\/\/colegiolourdes.es\/index.php\/2022\/05\/homenaje-deportivo\/","og_locale":"es_ES","og_type":"article","og_title":"Homenaje deportivo - Colegio Lourdes","og_description":"Durante el descanso de la final de la Copa Colegial, aguardaba una sorpresa con un protagonista, D. Jos\u00e9 Luis Mart\u00edn Moratinos, nuestro ilustre \u201cPepe\u201d.","og_url":"https:\/\/colegiolourdes.es\/index.php\/2022\/05\/homenaje-deportivo\/","og_site_name":"Colegio Lourdes","article_publisher":"https:\/\/www.facebook.com\/colegiolourdesva","article_published_time":"2022-05-20T08:57:23+00:00","article_modified_time":"2025-05-05T10:02:59+00:00","og_image":[{"width":480,"height":640,"url":"https:\/\/colegiolourdes.es\/wp-content\/uploads\/2022\/05\/Homenaje-Pepe-Moratinos-1.jpg","type":"image\/jpeg"}],"author":"Santiago de Frutos","twitter_card":"summary_large_image","twitter_creator":"@ColeLourdesVa","twitter_site":"@ColeLourdesVa","twitter_misc":{"Escrito por":"Santiago de Frutos","Tiempo de lectura":"4 minutos"},"schema":{"@context":"https:\/\/schema.org","@graph":[{"@type":"Article","@id":"https:\/\/colegiolourdes.es\/index.php\/2022\/05\/homenaje-deportivo\/#article","isPartOf":{"@id":"https:\/\/colegiolourdes.es\/index.php\/2022\/05\/homenaje-deportivo\/"},"author":{"name":"Santiago de Frutos","@id":"https:\/\/colegiolourdes.es\/#\/schema\/person\/cd04676edc59cac8a30f15eb98eb4908"},"headline":"Homenaje deportivo","datePublished":"2022-05-20T08:57:23+00:00","dateModified":"2025-05-05T10:02:59+00:00","mainEntityOfPage":{"@id":"https:\/\/colegiolourdes.es\/index.php\/2022\/05\/homenaje-deportivo\/"},"wordCount":266,"publisher":{"@id":"https:\/\/colegiolourdes.es\/#organization"},"image":{"@id":"https:\/\/colegiolourdes.es\/index.php\/2022\/05\/homenaje-deportivo\/#primaryimage"},"thumbnailUrl":"https:\/\/colegiolourdes.es\/wp-content\/uploads\/2022\/05\/Homenaje-Pepe-Moratinos-1.jpg","keywords":["#sentimientolourdes","colegio lourdes","Educaci\u00f3n","Est\u00e1s en Casa","Mira m\u00e1s all\u00e1","Somos La Salle"],"articleSection":["Curso 2021-22","Deportes","Noticias"],"inLanguage":"es"},{"@type":"WebPage","@id":"https:\/\/colegiolourdes.es\/index.php\/2022\/05\/homenaje-deportivo\/","url":"https:\/\/colegiolourdes.es\/index.php\/2022\/05\/homenaje-deportivo\/","name":"Homenaje deportivo - Colegio Lourdes","isPartOf":{"@id":"https:\/\/colegiolourdes.es\/#website"},"primaryImageOfPage":{"@id":"https:\/\/colegiolourdes.es\/index.php\/2022\/05\/homenaje-deportivo\/#primaryimage"},"image":{"@id":"https:\/\/colegiolourdes.es\/index.php\/2022\/05\/homenaje-deportivo\/#primaryimage"},"thumbnailUrl":"https:\/\/colegiolourdes.es\/wp-content\/uploads\/2022\/05\/Homenaje-Pepe-Moratinos-1.jpg","datePublished":"2022-05-20T08:57:23+00:00","dateModified":"2025-05-05T10:02:59+00:00","inLanguage":"es","potentialAction":[{"@type":"ReadAction","target":["https:\/\/colegiolourdes.es\/index.php\/2022\/05\/homenaje-deportivo\/"]}]},{"@type":"ImageObject","inLanguage":"es","@id":"https:\/\/colegiolourdes.es\/index.php\/2022\/05\/homenaje-deportivo\/#primaryimage","url":"https:\/\/colegiolourdes.es\/wp-content\/uploads\/2022\/05\/Homenaje-Pepe-Moratinos-1.jpg","contentUrl":"https:\/\/colegiolourdes.es\/wp-content\/uploads\/2022\/05\/Homenaje-Pepe-Moratinos-1.jpg","width":480,"height":640},{"@type":"WebSite","@id":"https:\/\/colegiolourdes.es\/#website","url":"https:\/\/colegiolourdes.es\/","name":"Colegio Lourdes","description":"Web del Colegio Nuestra Se\u00f1ora de Lourdes de Valladolid.","publisher":{"@id":"https:\/\/colegiolourdes.es\/#organization"},"alternateName":"Colegio Nuestra Se\u00f1ora de Lourdes","potentialAction":[{"@type":"SearchAction","target":{"@type":"EntryPoint","urlTemplate":"https:\/\/colegiolourdes.es\/?s={search_term_string}"},"query-input":{"@type":"PropertyValueSpecification","valueRequired":true,"valueName":"search_term_string"}}],"inLanguage":"es"},{"@type":"Organization","@id":"https:\/\/colegiolourdes.es\/#organization","name":"Colegio Nuestra Se\u00f1ora de Lourdes","alternateName":"Colegio Lourdes Valladolid","url":"https:\/\/colegiolourdes.es\/","logo":{"@type":"ImageObject","inLanguage":"es","@id":"https:\/\/colegiolourdes.es\/#\/schema\/logo\/image\/","url":"https:\/\/colegiolourdes.es\/wp-content\/uploads\/2021\/11\/cropped-Escudo.png","contentUrl":"https:\/\/colegiolourdes.es\/wp-content\/uploads\/2021\/11\/cropped-Escudo.png","width":85,"height":105,"caption":"Colegio Nuestra Se\u00f1ora de Lourdes"},"image":{"@id":"https:\/\/colegiolourdes.es\/#\/schema\/logo\/image\/"},"sameAs":["https:\/\/www.facebook.com\/colegiolourdesva","https:\/\/x.com\/ColeLourdesVa","https:\/\/www.instagram.com\/colegio_lourdes_valladolid\/"]},{"@type":"Person","@id":"https:\/\/colegiolourdes.es\/#\/schema\/person\/cd04676edc59cac8a30f15eb98eb4908","name":"Santiago de Frutos","image":{"@type":"ImageObject","inLanguage":"es","@id":"https:\/\/secure.gravatar.com\/avatar\/70dada565ce0dc4d7bf0c790be8d5ba31c607451b0e237d399ecb7f01c923a50?s=96&d=mm&r=g","url":"https:\/\/secure.gravatar.com\/avatar\/70dada565ce0dc4d7bf0c790be8d5ba31c607451b0e237d399ecb7f01c923a50?s=96&d=mm&r=g","contentUrl":"https:\/\/secure.gravatar.com\/avatar\/70dada565ce0dc4d7bf0c790be8d5ba31c607451b0e237d399ecb7f01c923a50?s=96&d=mm&r=g","caption":"Santiago de Frutos"},"url":"https:\/\/colegiolourdes.es\/index.php\/author\/santiago\/"}]}},"_links":{"self":[{"href":"https:\/\/colegiolourdes.es\/index.php\/wp-json\/wp\/v2\/posts\/38096","targetHints":{"allow":["GET"]}}],"collection":[{"href":"https:\/\/colegiolourdes.es\/index.php\/wp-json\/wp\/v2\/posts"}],"about":[{"href":"https:\/\/colegiolourdes.es\/index.php\/wp-json\/wp\/v2\/types\/post"}],"author":[{"embeddable":true,"href":"https:\/\/colegiolourdes.es\/index.php\/wp-json\/wp\/v2\/users\/5"}],"replies":[{"embeddable":true,"href":"https:\/\/colegiolourdes.es\/index.php\/wp-json\/wp\/v2\/comments?post=38096"}],"version-history":[{"count":4,"href":"https:\/\/colegiolourdes.es\/index.php\/wp-json\/wp\/v2\/posts\/38096\/revisions"}],"predecessor-version":[{"id":38125,"href":"https:\/\/colegiolourdes.es\/index.php\/wp-json\/wp\/v2\/posts\/38096\/revisions\/38125"}],"wp:featuredmedia":[{"embeddable":true,"href":"https:\/\/colegiolourdes.es\/index.php\/wp-json\/wp\/v2\/media\/38099"}],"wp:attachment":[{"href":"https:\/\/colegiolourdes.es\/index.php\/wp-json\/wp\/v2\/media?parent=38096"}],"wp:term":[{"taxonomy":"category","embeddable":true,"href":"https:\/\/colegiolourdes.es\/index.php\/wp-json\/wp\/v2\/categories?post=38096"},{"taxonomy":"post_tag","embeddable":true,"href":"https:\/\/colegiolourdes.es\/index.php\/wp-json\/wp\/v2\/tags?post=38096"}],"curies":[{"name":"wp","href":"https:\/\/api.w.org\/{rel}","templated":true}]}}