{"id":50849,"date":"2022-12-15T19:56:51","date_gmt":"2022-12-15T18:56:51","guid":{"rendered":"https:\/\/colegiolourdes.es\/?p=50849"},"modified":"2025-05-05T12:13:18","modified_gmt":"2025-05-05T10:13:18","slug":"primer-premio-de-dibujo","status":"publish","type":"post","link":"https:\/\/colegiolourdes.es\/index.php\/2022\/12\/primer-premio-de-dibujo\/","title":{"rendered":"Primer Premio de dibujo"},"content":{"rendered":"<div class=\"brz-root__container brz-reset-all brz brz-root__container-page\">\n<section id=\"_cunuwnmrpdohnmpgxnfxupywzbrwlsanfykk\" class=\"brz-section brz-css-3r0tby\">\n<div class=\"brz-section__content brz-section--boxed brz-css-126f97s brz-css-17ozvb0\" data-brz-custom-id=\"scdcklwupwwfpedvajhrycojluciefhiicge\">\n<div class=\"brz-container brz-css-120a05r\">\n<div class=\"brz-row__container brz-css-29wr3v\" data-brz-custom-id=\"embxvubmivzswozcqmydjebpgmzvgavprjlv\">\n<div class=\"brz-bg\"><\/div>\n<div class=\"brz-row brz-css-e1r92g\">\n<div class=\"brz-columns brz-css-7kaatv brz-css-1awkqtq\" data-brz-custom-id=\"nnffhdybjhxuiueehupygowpjboeqvmxahbl\">\n<div class=\"brz-bg\"><\/div>\n<div class=\"brz-column__items brz-css-wqaaeh brz-css-t1ecl8\">\n<div id=\"\" class=\"brz-css-1fveusq brz-css-6tyq96 brz-wrapper\">\n<div class=\"brz-rich-text brz-rich-text__custom brz-css-sabl1g\" data-brz-custom-id=\"wbqlnnnwklkddbyijcfnzsqzpuzoommgaxqd\">\n<div data-brz-translate-text=\"1\">\n<p class=\"brz-tp-lg-empty brz-lh-lg-1 brz-ls-lg-m_1_5 brz-fw-lg-400 brz-fss-lg-px brz-fs-lg-70 brz-ft-google brz-ff-montserrat brz-fs-xs-60 brz-text-xs-left brz-text-lg-right brz-fs-sm-50 brz-css-h8iDr\" data-uniq-id=\"mogvc\" data-generated-css=\"brz-css-jmizy\">Dic<\/p>\n<p class=\"brz-fs-lg-70 brz-ft-google brz-ff-montserrat brz-fs-xs-60 brz-text-xs-left brz-text-lg-right brz-fs-sm-50 brz-fss-lg-px brz-fw-lg-400 brz-ls-lg-m_1_5 brz-lh-lg-1 brz-tp-lg-empty brz-css-kb4mK\" data-uniq-id=\"rqulo\" data-generated-css=\"brz-css-nkoov\"><span class=\"brz-cp-color1\">2022<\/span><\/p>\n<\/div>\n<\/div>\n<\/div>\n<div id=\"\" class=\"brz-css-1fveusq brz-css-1gpim73 brz-wrapper\">\n<div class=\"brz-line brz-line-default brz-css-z87758 brz-css-1g6n150\" data-brz-custom-id=\"ezhgiygxkslygnenaroyzqlutvnkdpzabzik\">\n<hr class=\"brz-hr\"><\/div>\n<\/div>\n<div id=\"\" class=\"brz-css-1fveusq brz-css-pqv5bs brz-wrapper\">\n<div class=\"brz-rich-text brz-rich-text__custom brz-css-sabl1g\" data-brz-custom-id=\"lkvlbzbhpesmfuocywyyjomxpyrcibldgukc\">\n<div data-brz-translate-text=\"1\">\n<p class=\"brz-text-xs-left brz-tp-lg-button brz-text-lg-right brz-css-eBGdL\" data-uniq-id=\"rtztc\" data-generated-css=\"brz-css-iayue\">PRIMARIA<\/p>\n<\/div>\n<\/div>\n<\/div>\n<\/div>\n<\/div>\n<div class=\"brz-columns brz-css-7kaatv brz-css-9q9tjf\" data-brz-custom-id=\"rmgzbebfbgblgbzwbzyqlbybcivekprvafxi\">\n<div class=\"brz-bg\"><\/div>\n<div class=\"brz-column__items brz-css-wqaaeh brz-css-6zw8ef\">\n<div id=\"\" class=\"brz-css-1fveusq brz-css-30xt4e brz-wrapper\">\n<div class=\"brz-rich-text brz-rich-text__custom brz-css-sabl1g\" data-brz-custom-id=\"mpryxqttznpabjhlttawbhonmiulgrxvjtta\">\n<div data-brz-translate-text=\"1\">\n<h2 class=\"brz-tp-lg-heading2 brz-css-kMihL\" data-uniq-id=\"cpzlo\" data-generated-css=\"brz-css-mlmlb\">Primer Premio de dibujo<\/h2>\n<\/div>\n<\/div>\n<\/div>\n<div id=\"\" class=\"brz-css-1fveusq brz-css-loa1dc brz-css-1ftbvmx brz-wrapper\">\n<div class=\"brz-spacer brz-css-18r9hnr brz-css-670zkd\"><\/div>\n<\/div>\n<div class=\"brz-row__container brz-css-29wr3v\" data-brz-custom-id=\"tgvrmhxcfczemzvpwltsvwozyfallxthnxsk\">\n<div class=\"brz-bg\"><\/div>\n<div class=\"brz-row brz-row--inner brz-css-e1r92g brz-css-1cgdpc2\">\n<div class=\"brz-columns brz-css-7kaatv brz-css-socelb\" data-brz-custom-id=\"hunwgxwpjjvsmnqxbsjpapyiiaspusgykybg\">\n<div class=\"brz-bg\"><\/div>\n<div class=\"brz-column__items brz-css-wqaaeh\">\n<div id=\"\" class=\"brz-css-1fveusq brz-wrapper\">\n<div class=\"brz-carousel brz-css-1cyn7md\" data-brz-custom-id=\"xxlwdpvfdweycifjwdiqesugqfkzedpmgvdw\">\n<div class=\"brz-carousel__slider\" data-slides-to-show=\"1\" data-slides-to-scroll=\"1\" data-arrows=\"true\" data-dots=\"true\" data-dots-class=\"brz-slick-slider__dots brz-slick-slider__dots--circle\" data-auto-play=\"false\" data-auto-play-speed=\"3000\" data-swipe=\"true\" data-fade=\"false\" data-transition-speed=\"3.5\" data-responsive=\"%5B%7B%22breakpoint%22%3A991%2C%22settings%22%3A%7B%22slidesToShow%22%3A2%2C%22slidesToScroll%22%3A1%7D%7D%2C%7B%22breakpoint%22%3A767%2C%22settings%22%3A%7B%22slidesToShow%22%3A1%2C%22slidesToScroll%22%3A1%7D%7D%5D\">\n<div class=\"brz-carousel__item\">\n<div class=\"brz-columns brz-css-7kaatv brz-css-fepjuh\" data-brz-custom-id=\"tniisteaagvxunpkwaguzkiydldpkjnlpmyo\">\n<div class=\"brz-bg\"><\/div>\n<div class=\"brz-column__items brz-css-wqaaeh\">\n<div id=\"\" class=\"brz-css-1fveusq brz-wrapper\">\n<div class=\"brz-image brz-css-1tvanqr\" data-brz-custom-id=\"bosqgbniwmtydaudzttgymrqnjutjwpadymt\"><img decoding=\"async\" class=\"brz-img\" src=\"https:\/\/colegiolourdes.es\/wp-content\/uploads\/brizy\/imgs\/Primer-Premio-de-dibujo-1-628x471x0x0x628x471x1671130473.jpg\" alt=\"\" loading=\"lazy\"><\/div>\n<\/div>\n<\/div>\n<\/div>\n<\/div>\n<div class=\"brz-carousel__item\">\n<div class=\"brz-columns brz-css-7kaatv brz-css-fepjuh\" data-brz-custom-id=\"vthnwbbmxbxeatrebwcdrhmbrwglwfpykyee\">\n<div class=\"brz-bg\"><\/div>\n<div class=\"brz-column__items brz-css-wqaaeh\">\n<div id=\"\" class=\"brz-css-1fveusq brz-wrapper\">\n<div class=\"brz-image brz-css-151j97z\" data-brz-custom-id=\"fvvskonmhtfjlahnuvskpsurmwlreamihtkm\"><img decoding=\"async\" class=\"brz-img\" src=\"https:\/\/colegiolourdes.es\/wp-content\/uploads\/brizy\/imgs\/Primer-Premio-de-dibujo-2-628x471x0x0x628x471x1671130481.jpg\" alt=\"\" loading=\"lazy\"><\/div>\n<\/div>\n<\/div>\n<\/div>\n<\/div>\n<div class=\"brz-carousel__item\">\n<div class=\"brz-columns brz-css-7kaatv brz-css-fepjuh\" data-brz-custom-id=\"hwdiiwoqhovxmnmzctohoewqzsenppgqemor\">\n<div class=\"brz-bg\"><\/div>\n<div class=\"brz-column__items brz-css-wqaaeh\">\n<div id=\"\" class=\"brz-css-1fveusq brz-wrapper\">\n<div class=\"brz-image brz-css-pu750j\" data-brz-custom-id=\"ycmmcxkrqleuslfiqwuoehezxlwecrophxgr\"><img decoding=\"async\" class=\"brz-img\" src=\"https:\/\/colegiolourdes.es\/wp-content\/uploads\/brizy\/imgs\/Primer-Premio-de-dibujo-3-628x837x0x192x628x471x1671131117.jpg\" alt=\"\" loading=\"lazy\"><\/div>\n<\/div>\n<\/div>\n<\/div>\n<\/div>\n<\/div>\n<\/div>\n<\/div>\n<\/div>\n<\/div>\n<\/div>\n<\/div>\n<div class=\"brz-row__container brz-css-29wr3v\" data-brz-custom-id=\"jtbhkmgbdquwcwzrpslkkxgqcduphpsbdipj\">\n<div class=\"brz-bg\"><\/div>\n<div class=\"brz-row brz-row--inner brz-css-e1r92g brz-css-1cgdpc2\">\n<div class=\"brz-columns brz-css-7kaatv brz-css-11bc9dd\" data-brz-custom-id=\"myfefadkxgumclbcsbrqgvyudxuhffynkzgw\">\n<div class=\"brz-bg\"><\/div>\n<div class=\"brz-column__items brz-css-wqaaeh\">\n<div id=\"\" class=\"brz-css-1fveusq brz-wrapper\">\n<div class=\"brz-rich-text brz-rich-text__custom brz-css-sabl1g\" data-brz-custom-id=\"cmgespphkfyubyljuxvrgzjapeucuprgpokm\">\n<div data-brz-translate-text=\"1\">\n<p class=\"brz-lh-lg-1_6 ql-align-justify brz-fss-lg-px brz-fw-lg-400 brz-ls-lg-0 brz-tp-lg-empty brz-ff-wzboxjsqgqhchaabqhhwkjnsysfnjiaknuki brz-ft-upload brz-fs-lg-14 brz-text-lg-justify brz-css-d0VWr\" data-generated-css=\"brz-css-kuqsm\" data-uniq-id=\"zqcdx\">Arranc\u00f3 la segunda edici\u00f3n del concurso anual de dibujo de la Escuela Internacional de Cocina (C\u00e1mara de Comercio de Valladolid) y estuvo dirigido a alumnos de entre 5 y 11 a\u00f1os de edad de centros concertados ubicados dentro de la provincia de Valladolid.<\/p>\n<p class=\"brz-lh-lg-1_6 ql-align-justify brz-fss-lg-px brz-fw-lg-400 brz-ls-lg-0 brz-tp-lg-empty brz-ff-wzboxjsqgqhchaabqhhwkjnsysfnjiaknuki brz-ft-upload brz-fs-lg-14 brz-text-lg-justify brz-css-vp54x\" data-generated-css=\"brz-css-kuqsm\" data-uniq-id=\"zqcdx\">\n<p class=\"brz-lh-lg-1_6 ql-align-justify brz-fss-lg-px brz-fw-lg-400 brz-ls-lg-0 brz-tp-lg-empty brz-ff-wzboxjsqgqhchaabqhhwkjnsysfnjiaknuki brz-ft-upload brz-fs-lg-14 brz-text-lg-justify brz-css-guQ6Z\" data-generated-css=\"brz-css-ebcvq\" data-uniq-id=\"vfthn\">Hoy mismo, jueves 25 de diciembre, se fall\u00f3 el premio y al jurado no se lo pusieron f\u00e1cil, pues se presentaron m\u00e1s de 530 dibujos. La Navidad fue el motivo del certamen infantil y el dibujo ganador es ya la tarjeta de felicitaci\u00f3n que la Entidad enviar\u00e1 a sus clientes, empleados y socios para estas Navidades.<\/p>\n<p class=\"brz-lh-lg-1_6 ql-align-justify brz-fss-lg-px brz-fw-lg-400 brz-ls-lg-0 brz-tp-lg-empty brz-ff-wzboxjsqgqhchaabqhhwkjnsysfnjiaknuki brz-ft-upload brz-fs-lg-14 brz-text-lg-justify brz-css-gocr3\" data-generated-css=\"brz-css-hvnyd\" data-uniq-id=\"jkuuq\">\n<p class=\"brz-lh-lg-1_6 ql-align-justify brz-fss-lg-px brz-fw-lg-400 brz-ls-lg-0 brz-tp-lg-empty brz-ff-wzboxjsqgqhchaabqhhwkjnsysfnjiaknuki brz-ft-upload brz-fs-lg-14 brz-text-lg-justify brz-css-okc_z\" data-generated-css=\"brz-css-hvnyd\" data-uniq-id=\"jkuuq\">Desde aqu\u00ed felicitamos y damos la enhorabuena a la alumna Paula de Pedro Mart\u00edn, de 5\u00b0C de Primaria por su fabuloso y creativo dise\u00f1o que le ha llegado a conseguir el primer premio (Taller de cocina para toda la clase del ganador en La Escuela Internacional de Cocina). Acudi\u00f3 a recoger el diploma junto con su madre y hermanita, su tutor y su profesora de Pl\u00e1stica en la C\u00e1mara de Comercio e Industria de Valladolid.<\/p>\n<p class=\"brz-lh-lg-1_6 ql-align-justify brz-fss-lg-px brz-fw-lg-400 brz-ls-lg-0 brz-tp-lg-empty brz-ff-wzboxjsqgqhchaabqhhwkjnsysfnjiaknuki brz-ft-upload brz-fs-lg-14 brz-text-lg-right brz-css-e3bxe\" data-generated-css=\"brz-css-vnwxv\" data-uniq-id=\"tdwqy\"><\/p>\n<\/div>\n<\/div>\n<\/div>\n<\/div>\n<\/div>\n<\/div>\n<\/div>\n<\/div>\n<\/div>\n<\/div>\n<\/div>\n<\/div>\n<\/div>\n<\/section>\n<\/div>\n<p>    <!-- version:1737025459 --><\/p>\n","protected":false},"excerpt":{"rendered":"<p>Desde aqu\u00ed felicitamos y damos la enhorabuena a la alumna Paula de 5\u00b0C por su fabuloso y creativo dise\u00f1o que le ha llegado a conseguir el primer premio.<\/p>\n","protected":false},"author":5,"featured_media":50851,"comment_status":"closed","ping_status":"closed","sticky":false,"template":"brizy-blank-template.php","format":"standard","meta":{"footnotes":""},"categories":[79,3,5],"tags":[78,42,15,36,17,18],"class_list":["post-50849","post","type-post","status-publish","format-standard","has-post-thumbnail","hentry","category-curso-2022-23","category-noticias","category-primaria","tag-juntosmejor","tag-sentimientolourdes","tag-colegio-lourdes","tag-educacion","tag-mira-mas-alla","tag-somos-la-salle","entry"],"yoast_head":"<!-- This site is optimized with the Yoast SEO plugin v27.5 - https:\/\/yoast.com\/product\/yoast-seo-wordpress\/ -->\n<title>Primer Premio de dibujo - Colegio Lourdes<\/title>\n<meta name=\"robots\" content=\"index, follow, max-snippet:-1, max-image-preview:large, max-video-preview:-1\" \/>\n<link rel=\"canonical\" href=\"https:\/\/colegiolourdes.es\/index.php\/2022\/12\/primer-premio-de-dibujo\/\" \/>\n<meta property=\"og:locale\" content=\"es_ES\" \/>\n<meta property=\"og:type\" content=\"article\" \/>\n<meta property=\"og:title\" content=\"Primer Premio de dibujo - Colegio Lourdes\" \/>\n<meta property=\"og:description\" content=\"Desde aqu\u00ed felicitamos y damos la enhorabuena a la alumna Paula de 5\u00b0C por su fabuloso y creativo dise\u00f1o que le ha llegado a conseguir el primer premio.\" \/>\n<meta property=\"og:url\" content=\"https:\/\/colegiolourdes.es\/index.php\/2022\/12\/primer-premio-de-dibujo\/\" \/>\n<meta property=\"og:site_name\" content=\"Colegio Lourdes\" \/>\n<meta property=\"article:publisher\" content=\"https:\/\/www.facebook.com\/colegiolourdesva\" \/>\n<meta property=\"article:published_time\" content=\"2022-12-15T18:56:51+00:00\" \/>\n<meta property=\"article:modified_time\" content=\"2025-05-05T10:13:18+00:00\" \/>\n<meta property=\"og:image\" content=\"https:\/\/colegiolourdes.es\/wp-content\/uploads\/2022\/12\/Primer-Premio-de-dibujo-1.jpg\" \/>\n\t<meta property=\"og:image:width\" content=\"800\" \/>\n\t<meta property=\"og:image:height\" content=\"600\" \/>\n\t<meta property=\"og:image:type\" content=\"image\/jpeg\" \/>\n<meta name=\"author\" content=\"Santiago de Frutos\" \/>\n<meta name=\"twitter:card\" content=\"summary_large_image\" \/>\n<meta name=\"twitter:creator\" content=\"@ColeLourdesVa\" \/>\n<meta name=\"twitter:site\" content=\"@ColeLourdesVa\" \/>\n<meta name=\"twitter:label1\" content=\"Escrito por\" \/>\n\t<meta name=\"twitter:data1\" content=\"Santiago de Frutos\" \/>\n\t<meta name=\"twitter:label2\" content=\"Tiempo de lectura\" \/>\n\t<meta name=\"twitter:data2\" content=\"2 minutos\" \/>\n<script type=\"application\/ld+json\" class=\"yoast-schema-graph\">{\"@context\":\"https:\\\/\\\/schema.org\",\"@graph\":[{\"@type\":\"Article\",\"@id\":\"https:\\\/\\\/colegiolourdes.es\\\/index.php\\\/2022\\\/12\\\/primer-premio-de-dibujo\\\/#article\",\"isPartOf\":{\"@id\":\"https:\\\/\\\/colegiolourdes.es\\\/index.php\\\/2022\\\/12\\\/primer-premio-de-dibujo\\\/\"},\"author\":{\"name\":\"Santiago de Frutos\",\"@id\":\"https:\\\/\\\/colegiolourdes.es\\\/#\\\/schema\\\/person\\\/cd04676edc59cac8a30f15eb98eb4908\"},\"headline\":\"Primer Premio de dibujo\",\"datePublished\":\"2022-12-15T18:56:51+00:00\",\"dateModified\":\"2025-05-05T10:13:18+00:00\",\"mainEntityOfPage\":{\"@id\":\"https:\\\/\\\/colegiolourdes.es\\\/index.php\\\/2022\\\/12\\\/primer-premio-de-dibujo\\\/\"},\"wordCount\":190,\"publisher\":{\"@id\":\"https:\\\/\\\/colegiolourdes.es\\\/#organization\"},\"image\":{\"@id\":\"https:\\\/\\\/colegiolourdes.es\\\/index.php\\\/2022\\\/12\\\/primer-premio-de-dibujo\\\/#primaryimage\"},\"thumbnailUrl\":\"https:\\\/\\\/colegiolourdes.es\\\/wp-content\\\/uploads\\\/2022\\\/12\\\/Primer-Premio-de-dibujo-1.jpg\",\"keywords\":[\"#juntosmejor\",\"#sentimientolourdes\",\"colegio lourdes\",\"Educaci\u00f3n\",\"Mira m\u00e1s all\u00e1\",\"Somos La Salle\"],\"articleSection\":[\"Curso 2022-23\",\"Noticias\",\"Primaria\"],\"inLanguage\":\"es\"},{\"@type\":\"WebPage\",\"@id\":\"https:\\\/\\\/colegiolourdes.es\\\/index.php\\\/2022\\\/12\\\/primer-premio-de-dibujo\\\/\",\"url\":\"https:\\\/\\\/colegiolourdes.es\\\/index.php\\\/2022\\\/12\\\/primer-premio-de-dibujo\\\/\",\"name\":\"Primer Premio de dibujo - Colegio Lourdes\",\"isPartOf\":{\"@id\":\"https:\\\/\\\/colegiolourdes.es\\\/#website\"},\"primaryImageOfPage\":{\"@id\":\"https:\\\/\\\/colegiolourdes.es\\\/index.php\\\/2022\\\/12\\\/primer-premio-de-dibujo\\\/#primaryimage\"},\"image\":{\"@id\":\"https:\\\/\\\/colegiolourdes.es\\\/index.php\\\/2022\\\/12\\\/primer-premio-de-dibujo\\\/#primaryimage\"},\"thumbnailUrl\":\"https:\\\/\\\/colegiolourdes.es\\\/wp-content\\\/uploads\\\/2022\\\/12\\\/Primer-Premio-de-dibujo-1.jpg\",\"datePublished\":\"2022-12-15T18:56:51+00:00\",\"dateModified\":\"2025-05-05T10:13:18+00:00\",\"inLanguage\":\"es\",\"potentialAction\":[{\"@type\":\"ReadAction\",\"target\":[\"https:\\\/\\\/colegiolourdes.es\\\/index.php\\\/2022\\\/12\\\/primer-premio-de-dibujo\\\/\"]}]},{\"@type\":\"ImageObject\",\"inLanguage\":\"es\",\"@id\":\"https:\\\/\\\/colegiolourdes.es\\\/index.php\\\/2022\\\/12\\\/primer-premio-de-dibujo\\\/#primaryimage\",\"url\":\"https:\\\/\\\/colegiolourdes.es\\\/wp-content\\\/uploads\\\/2022\\\/12\\\/Primer-Premio-de-dibujo-1.jpg\",\"contentUrl\":\"https:\\\/\\\/colegiolourdes.es\\\/wp-content\\\/uploads\\\/2022\\\/12\\\/Primer-Premio-de-dibujo-1.jpg\",\"width\":800,\"height\":600},{\"@type\":\"WebSite\",\"@id\":\"https:\\\/\\\/colegiolourdes.es\\\/#website\",\"url\":\"https:\\\/\\\/colegiolourdes.es\\\/\",\"name\":\"Colegio Lourdes\",\"description\":\"Web del Colegio Nuestra Se\u00f1ora de Lourdes de Valladolid.\",\"publisher\":{\"@id\":\"https:\\\/\\\/colegiolourdes.es\\\/#organization\"},\"alternateName\":\"Colegio Nuestra Se\u00f1ora de Lourdes\",\"potentialAction\":[{\"@type\":\"SearchAction\",\"target\":{\"@type\":\"EntryPoint\",\"urlTemplate\":\"https:\\\/\\\/colegiolourdes.es\\\/?s={search_term_string}\"},\"query-input\":{\"@type\":\"PropertyValueSpecification\",\"valueRequired\":true,\"valueName\":\"search_term_string\"}}],\"inLanguage\":\"es\"},{\"@type\":\"Organization\",\"@id\":\"https:\\\/\\\/colegiolourdes.es\\\/#organization\",\"name\":\"Colegio Nuestra Se\u00f1ora de Lourdes\",\"alternateName\":\"Colegio Lourdes Valladolid\",\"url\":\"https:\\\/\\\/colegiolourdes.es\\\/\",\"logo\":{\"@type\":\"ImageObject\",\"inLanguage\":\"es\",\"@id\":\"https:\\\/\\\/colegiolourdes.es\\\/#\\\/schema\\\/logo\\\/image\\\/\",\"url\":\"https:\\\/\\\/colegiolourdes.es\\\/wp-content\\\/uploads\\\/2021\\\/11\\\/cropped-Escudo.png\",\"contentUrl\":\"https:\\\/\\\/colegiolourdes.es\\\/wp-content\\\/uploads\\\/2021\\\/11\\\/cropped-Escudo.png\",\"width\":85,\"height\":105,\"caption\":\"Colegio Nuestra Se\u00f1ora de Lourdes\"},\"image\":{\"@id\":\"https:\\\/\\\/colegiolourdes.es\\\/#\\\/schema\\\/logo\\\/image\\\/\"},\"sameAs\":[\"https:\\\/\\\/www.facebook.com\\\/colegiolourdesva\",\"https:\\\/\\\/x.com\\\/ColeLourdesVa\",\"https:\\\/\\\/www.instagram.com\\\/colegio_lourdes_valladolid\\\/\"]},{\"@type\":\"Person\",\"@id\":\"https:\\\/\\\/colegiolourdes.es\\\/#\\\/schema\\\/person\\\/cd04676edc59cac8a30f15eb98eb4908\",\"name\":\"Santiago de Frutos\",\"image\":{\"@type\":\"ImageObject\",\"inLanguage\":\"es\",\"@id\":\"https:\\\/\\\/secure.gravatar.com\\\/avatar\\\/70dada565ce0dc4d7bf0c790be8d5ba31c607451b0e237d399ecb7f01c923a50?s=96&d=mm&r=g\",\"url\":\"https:\\\/\\\/secure.gravatar.com\\\/avatar\\\/70dada565ce0dc4d7bf0c790be8d5ba31c607451b0e237d399ecb7f01c923a50?s=96&d=mm&r=g\",\"contentUrl\":\"https:\\\/\\\/secure.gravatar.com\\\/avatar\\\/70dada565ce0dc4d7bf0c790be8d5ba31c607451b0e237d399ecb7f01c923a50?s=96&d=mm&r=g\",\"caption\":\"Santiago de Frutos\"},\"url\":\"https:\\\/\\\/colegiolourdes.es\\\/index.php\\\/author\\\/santiago\\\/\"}]}<\/script>\n<!-- \/ Yoast SEO plugin. -->","yoast_head_json":{"title":"Primer Premio de dibujo - Colegio Lourdes","robots":{"index":"index","follow":"follow","max-snippet":"max-snippet:-1","max-image-preview":"max-image-preview:large","max-video-preview":"max-video-preview:-1"},"canonical":"https:\/\/colegiolourdes.es\/index.php\/2022\/12\/primer-premio-de-dibujo\/","og_locale":"es_ES","og_type":"article","og_title":"Primer Premio de dibujo - Colegio Lourdes","og_description":"Desde aqu\u00ed felicitamos y damos la enhorabuena a la alumna Paula de 5\u00b0C por su fabuloso y creativo dise\u00f1o que le ha llegado a conseguir el primer premio.","og_url":"https:\/\/colegiolourdes.es\/index.php\/2022\/12\/primer-premio-de-dibujo\/","og_site_name":"Colegio Lourdes","article_publisher":"https:\/\/www.facebook.com\/colegiolourdesva","article_published_time":"2022-12-15T18:56:51+00:00","article_modified_time":"2025-05-05T10:13:18+00:00","og_image":[{"width":800,"height":600,"url":"https:\/\/colegiolourdes.es\/wp-content\/uploads\/2022\/12\/Primer-Premio-de-dibujo-1.jpg","type":"image\/jpeg"}],"author":"Santiago de Frutos","twitter_card":"summary_large_image","twitter_creator":"@ColeLourdesVa","twitter_site":"@ColeLourdesVa","twitter_misc":{"Escrito por":"Santiago de Frutos","Tiempo de lectura":"2 minutos"},"schema":{"@context":"https:\/\/schema.org","@graph":[{"@type":"Article","@id":"https:\/\/colegiolourdes.es\/index.php\/2022\/12\/primer-premio-de-dibujo\/#article","isPartOf":{"@id":"https:\/\/colegiolourdes.es\/index.php\/2022\/12\/primer-premio-de-dibujo\/"},"author":{"name":"Santiago de Frutos","@id":"https:\/\/colegiolourdes.es\/#\/schema\/person\/cd04676edc59cac8a30f15eb98eb4908"},"headline":"Primer Premio de dibujo","datePublished":"2022-12-15T18:56:51+00:00","dateModified":"2025-05-05T10:13:18+00:00","mainEntityOfPage":{"@id":"https:\/\/colegiolourdes.es\/index.php\/2022\/12\/primer-premio-de-dibujo\/"},"wordCount":190,"publisher":{"@id":"https:\/\/colegiolourdes.es\/#organization"},"image":{"@id":"https:\/\/colegiolourdes.es\/index.php\/2022\/12\/primer-premio-de-dibujo\/#primaryimage"},"thumbnailUrl":"https:\/\/colegiolourdes.es\/wp-content\/uploads\/2022\/12\/Primer-Premio-de-dibujo-1.jpg","keywords":["#juntosmejor","#sentimientolourdes","colegio lourdes","Educaci\u00f3n","Mira m\u00e1s all\u00e1","Somos La Salle"],"articleSection":["Curso 2022-23","Noticias","Primaria"],"inLanguage":"es"},{"@type":"WebPage","@id":"https:\/\/colegiolourdes.es\/index.php\/2022\/12\/primer-premio-de-dibujo\/","url":"https:\/\/colegiolourdes.es\/index.php\/2022\/12\/primer-premio-de-dibujo\/","name":"Primer Premio de dibujo - Colegio Lourdes","isPartOf":{"@id":"https:\/\/colegiolourdes.es\/#website"},"primaryImageOfPage":{"@id":"https:\/\/colegiolourdes.es\/index.php\/2022\/12\/primer-premio-de-dibujo\/#primaryimage"},"image":{"@id":"https:\/\/colegiolourdes.es\/index.php\/2022\/12\/primer-premio-de-dibujo\/#primaryimage"},"thumbnailUrl":"https:\/\/colegiolourdes.es\/wp-content\/uploads\/2022\/12\/Primer-Premio-de-dibujo-1.jpg","datePublished":"2022-12-15T18:56:51+00:00","dateModified":"2025-05-05T10:13:18+00:00","inLanguage":"es","potentialAction":[{"@type":"ReadAction","target":["https:\/\/colegiolourdes.es\/index.php\/2022\/12\/primer-premio-de-dibujo\/"]}]},{"@type":"ImageObject","inLanguage":"es","@id":"https:\/\/colegiolourdes.es\/index.php\/2022\/12\/primer-premio-de-dibujo\/#primaryimage","url":"https:\/\/colegiolourdes.es\/wp-content\/uploads\/2022\/12\/Primer-Premio-de-dibujo-1.jpg","contentUrl":"https:\/\/colegiolourdes.es\/wp-content\/uploads\/2022\/12\/Primer-Premio-de-dibujo-1.jpg","width":800,"height":600},{"@type":"WebSite","@id":"https:\/\/colegiolourdes.es\/#website","url":"https:\/\/colegiolourdes.es\/","name":"Colegio Lourdes","description":"Web del Colegio Nuestra Se\u00f1ora de Lourdes de Valladolid.","publisher":{"@id":"https:\/\/colegiolourdes.es\/#organization"},"alternateName":"Colegio Nuestra Se\u00f1ora de Lourdes","potentialAction":[{"@type":"SearchAction","target":{"@type":"EntryPoint","urlTemplate":"https:\/\/colegiolourdes.es\/?s={search_term_string}"},"query-input":{"@type":"PropertyValueSpecification","valueRequired":true,"valueName":"search_term_string"}}],"inLanguage":"es"},{"@type":"Organization","@id":"https:\/\/colegiolourdes.es\/#organization","name":"Colegio Nuestra Se\u00f1ora de Lourdes","alternateName":"Colegio Lourdes Valladolid","url":"https:\/\/colegiolourdes.es\/","logo":{"@type":"ImageObject","inLanguage":"es","@id":"https:\/\/colegiolourdes.es\/#\/schema\/logo\/image\/","url":"https:\/\/colegiolourdes.es\/wp-content\/uploads\/2021\/11\/cropped-Escudo.png","contentUrl":"https:\/\/colegiolourdes.es\/wp-content\/uploads\/2021\/11\/cropped-Escudo.png","width":85,"height":105,"caption":"Colegio Nuestra Se\u00f1ora de Lourdes"},"image":{"@id":"https:\/\/colegiolourdes.es\/#\/schema\/logo\/image\/"},"sameAs":["https:\/\/www.facebook.com\/colegiolourdesva","https:\/\/x.com\/ColeLourdesVa","https:\/\/www.instagram.com\/colegio_lourdes_valladolid\/"]},{"@type":"Person","@id":"https:\/\/colegiolourdes.es\/#\/schema\/person\/cd04676edc59cac8a30f15eb98eb4908","name":"Santiago de Frutos","image":{"@type":"ImageObject","inLanguage":"es","@id":"https:\/\/secure.gravatar.com\/avatar\/70dada565ce0dc4d7bf0c790be8d5ba31c607451b0e237d399ecb7f01c923a50?s=96&d=mm&r=g","url":"https:\/\/secure.gravatar.com\/avatar\/70dada565ce0dc4d7bf0c790be8d5ba31c607451b0e237d399ecb7f01c923a50?s=96&d=mm&r=g","contentUrl":"https:\/\/secure.gravatar.com\/avatar\/70dada565ce0dc4d7bf0c790be8d5ba31c607451b0e237d399ecb7f01c923a50?s=96&d=mm&r=g","caption":"Santiago de Frutos"},"url":"https:\/\/colegiolourdes.es\/index.php\/author\/santiago\/"}]}},"_links":{"self":[{"href":"https:\/\/colegiolourdes.es\/index.php\/wp-json\/wp\/v2\/posts\/50849","targetHints":{"allow":["GET"]}}],"collection":[{"href":"https:\/\/colegiolourdes.es\/index.php\/wp-json\/wp\/v2\/posts"}],"about":[{"href":"https:\/\/colegiolourdes.es\/index.php\/wp-json\/wp\/v2\/types\/post"}],"author":[{"embeddable":true,"href":"https:\/\/colegiolourdes.es\/index.php\/wp-json\/wp\/v2\/users\/5"}],"replies":[{"embeddable":true,"href":"https:\/\/colegiolourdes.es\/index.php\/wp-json\/wp\/v2\/comments?post=50849"}],"version-history":[{"count":3,"href":"https:\/\/colegiolourdes.es\/index.php\/wp-json\/wp\/v2\/posts\/50849\/revisions"}],"predecessor-version":[{"id":50876,"href":"https:\/\/colegiolourdes.es\/index.php\/wp-json\/wp\/v2\/posts\/50849\/revisions\/50876"}],"wp:featuredmedia":[{"embeddable":true,"href":"https:\/\/colegiolourdes.es\/index.php\/wp-json\/wp\/v2\/media\/50851"}],"wp:attachment":[{"href":"https:\/\/colegiolourdes.es\/index.php\/wp-json\/wp\/v2\/media?parent=50849"}],"wp:term":[{"taxonomy":"category","embeddable":true,"href":"https:\/\/colegiolourdes.es\/index.php\/wp-json\/wp\/v2\/categories?post=50849"},{"taxonomy":"post_tag","embeddable":true,"href":"https:\/\/colegiolourdes.es\/index.php\/wp-json\/wp\/v2\/tags?post=50849"}],"curies":[{"name":"wp","href":"https:\/\/api.w.org\/{rel}","templated":true}]}}