{"id":51849,"date":"2023-01-26T08:54:53","date_gmt":"2023-01-26T07:54:53","guid":{"rendered":"https:\/\/colegiolourdes.es\/?p=51849"},"modified":"2025-05-05T12:15:08","modified_gmt":"2025-05-05T10:15:08","slug":"el-sector-en-enero","status":"publish","type":"post","link":"https:\/\/colegiolourdes.es\/index.php\/2023\/01\/el-sector-en-enero\/","title":{"rendered":"El sector en enero"},"content":{"rendered":"<div class=\"brz-root__container brz-reset-all brz brz-root__container-page\">\n<section id=\"_cunuwnmrpdohnmpgxnfxupywzbrwlsanfykk\" class=\"brz-section brz-css-3r0tby\">\n<div class=\"brz-section__content brz-section--boxed brz-css-126f97s brz-css-17ozvb0\" data-brz-custom-id=\"scdcklwupwwfpedvajhrycojluciefhiicge\">\n<div class=\"brz-container brz-css-120a05r\">\n<div class=\"brz-row__container brz-css-29wr3v\" data-brz-custom-id=\"embxvubmivzswozcqmydjebpgmzvgavprjlv\">\n<div class=\"brz-bg\"><\/div>\n<div class=\"brz-row brz-css-e1r92g\">\n<div class=\"brz-columns brz-css-7kaatv brz-css-1awkqtq\" data-brz-custom-id=\"nnffhdybjhxuiueehupygowpjboeqvmxahbl\">\n<div class=\"brz-bg\"><\/div>\n<div class=\"brz-column__items brz-css-wqaaeh brz-css-t1ecl8\">\n<div id=\"\" class=\"brz-css-1fveusq brz-css-6tyq96 brz-wrapper\">\n<div class=\"brz-rich-text brz-rich-text__custom brz-css-sabl1g\" data-brz-custom-id=\"wbqlnnnwklkddbyijcfnzsqzpuzoommgaxqd\">\n<div data-brz-translate-text=\"1\">\n<p class=\"brz-fs-sm-50 brz-text-lg-right brz-text-xs-left brz-fs-xs-60 brz-ff-montserrat brz-ft-google brz-fs-lg-70 brz-fss-lg-px brz-fw-lg-400 brz-ls-lg-m_1_5 brz-lh-lg-1 brz-tp-lg-empty brz-css-aNZEB\" data-generated-css=\"brz-css-vooxh\" data-uniq-id=\"nreqv\">Ene<\/p>\n<p class=\"brz-tp-lg-empty brz-lh-lg-1 brz-ls-lg-m_1_5 brz-fw-lg-400 brz-fss-lg-px brz-fs-sm-50 brz-text-lg-right brz-text-xs-left brz-fs-xs-60 brz-ff-montserrat brz-ft-google brz-fs-lg-70 brz-css-sPOIC\" data-generated-css=\"brz-css-ohffm\" data-uniq-id=\"lxkar\"><span class=\"brz-cp-color1\">2023<\/span><\/p>\n<\/div>\n<\/div>\n<\/div>\n<div id=\"\" class=\"brz-css-1fveusq brz-css-1gpim73 brz-wrapper\">\n<div class=\"brz-line brz-line-default brz-css-z87758 brz-css-1g6n150\" data-brz-custom-id=\"ezhgiygxkslygnenaroyzqlutvnkdpzabzik\">\n<hr class=\"brz-hr\"><\/div>\n<\/div>\n<div id=\"\" class=\"brz-css-1fveusq brz-css-pqv5bs brz-wrapper\">\n<div class=\"brz-rich-text brz-rich-text__custom brz-css-sabl1g\" data-brz-custom-id=\"lkvlbzbhpesmfuocywyyjomxpyrcibldgukc\">\n<div data-brz-translate-text=\"1\">\n<p class=\"brz-text-xs-left brz-tp-lg-button brz-text-lg-right brz-css-tWBWy\" data-uniq-id=\"obani\" data-generated-css=\"brz-css-lqhyx\">COLEGIO<\/p>\n<\/div>\n<\/div>\n<\/div>\n<\/div>\n<\/div>\n<div class=\"brz-columns brz-css-7kaatv brz-css-9q9tjf\" data-brz-custom-id=\"rmgzbebfbgblgbzwbzyqlbybcivekprvafxi\">\n<div class=\"brz-bg\"><\/div>\n<div class=\"brz-column__items brz-css-wqaaeh brz-css-6zw8ef\">\n<div id=\"\" class=\"brz-css-1fveusq brz-css-1awfot6 brz-wrapper\">\n<div class=\"brz-rich-text brz-rich-text__custom brz-css-sabl1g\" data-brz-custom-id=\"mpryxqttznpabjhlttawbhonmiulgrxvjtta\">\n<div data-brz-translate-text=\"1\">\n<h2 class=\"brz-tp-lg-heading2 brz-css-o67j4\" data-uniq-id=\"wvxhr\" data-generated-css=\"brz-css-vqrpe\"><strong>El sector en enero<\/strong><\/h2>\n<\/div>\n<\/div>\n<\/div>\n<div id=\"\" class=\"brz-css-1fveusq brz-css-loa1dc brz-css-1ftbvmx brz-wrapper\">\n<div class=\"brz-spacer brz-css-18r9hnr brz-css-670zkd\"><\/div>\n<\/div>\n<div class=\"brz-row__container brz-css-29wr3v\" data-brz-custom-id=\"tgvrmhxcfczemzvpwltsvwozyfallxthnxsk\">\n<div class=\"brz-bg\"><\/div>\n<div class=\"brz-row brz-row--inner brz-css-e1r92g brz-css-1cgdpc2\">\n<div class=\"brz-columns brz-css-7kaatv brz-css-socelb\" data-brz-custom-id=\"hunwgxwpjjvsmnqxbsjpapyiiaspusgykybg\">\n<div class=\"brz-bg\"><\/div>\n<div class=\"brz-column__items brz-css-wqaaeh\">\n<div id=\"\" class=\"brz-css-1fveusq brz-wrapper\">\n<div class=\"brz-image brz-css-1re69hx\" data-brz-custom-id=\"miorutnbdwqkcjyzuaifxbtyvajvzjzdboid\"><img decoding=\"async\" class=\"brz-img\" src=\"https:\/\/colegiolourdes.es\/wp-content\/uploads\/brizy\/imgs\/Encuentro-de-animadores-798x532x0x90x798x319x1674719431.jpg\" alt=\"\" loading=\"lazy\"><\/div>\n<\/div>\n<\/div>\n<\/div>\n<\/div>\n<\/div>\n<div class=\"brz-row__container brz-css-29wr3v\" data-brz-custom-id=\"sdmwbeqfzvacsgtsumkxrpehgsjfwfmnuhlw\">\n<div class=\"brz-bg\"><\/div>\n<div class=\"brz-row brz-row--inner brz-css-e1r92g brz-css-1cgdpc2\">\n<div class=\"brz-columns brz-css-7kaatv brz-css-qlyk9i\" data-brz-custom-id=\"jtrsbnqpxjckgzjfodzrvssljsezcqswiivh\">\n<div class=\"brz-bg\"><\/div>\n<div class=\"brz-column__items brz-css-wqaaeh\">\n<div id=\"\" class=\"brz-css-1fveusq brz-css-1f4tdce brz-wrapper\">\n<div class=\"brz-rich-text brz-rich-text__custom brz-css-sabl1g\" data-brz-custom-id=\"loqggbrxcnegpsxraehiyumbteedxxddfsdy\">\n<div data-brz-translate-text=\"1\">\n<p class=\"brz-fs-lg-16 brz-ft-upload brz-ff-wzboxjsqgqhchaabqhhwkjnsysfnjiaknuki brz-tp-lg-empty brz-lh-lg-1_6 brz-ls-lg-0 brz-fw-lg-400 brz-fss-lg-px brz-text-lg-center ql-align-justify brz-css-v_Twy\" data-generated-css=\"brz-css-luhgb\" data-uniq-id=\"wnyot\"><strong> Encuentro de animadores de las etapas de propuesta y catecumenado en Arcas<\/strong><\/p>\n<p class=\"brz-lh-lg-1_6 ql-align-justify brz-fss-lg-px brz-fw-lg-400 brz-ls-lg-0 brz-tp-lg-empty brz-ff-wzboxjsqgqhchaabqhhwkjnsysfnjiaknuki brz-ft-upload brz-fs-lg-14 brz-text-lg-justify brz-css-pKvHz\" data-generated-css=\"brz-css-fpzbx\" data-uniq-id=\"idkmm\"><span> <\/span><\/p>\n<ul>\n<li class=\"brz-lh-lg-1_6 ql-align-justify brz-fss-lg-px brz-fw-lg-400 brz-ls-lg-0 brz-tp-lg-empty brz-ff-wzboxjsqgqhchaabqhhwkjnsysfnjiaknuki brz-ft-upload brz-fs-lg-14 brz-text-lg-justify brz-css-oTwqc\" data-generated-css=\"brz-css-etxuw\" data-uniq-id=\"olina\"><span>Los asistentes, animadores procedentes de las diferentes obras educativas de la zona noroeste, se dieron cita en la residencia de Arcas Reales.<\/span><\/li>\n<li class=\"brz-lh-lg-1_6 ql-align-justify brz-fss-lg-px brz-fw-lg-400 brz-ls-lg-0 brz-tp-lg-empty brz-ff-wzboxjsqgqhchaabqhhwkjnsysfnjiaknuki brz-ft-upload brz-fs-lg-14 brz-text-lg-justify brz-css-uzudp\" data-generated-css=\"brz-css-bwlbz\" data-uniq-id=\"dwcbh\"><span>Un d\u00eda de encuentro en clave de reflexi\u00f3n y proyecci\u00f3n sobre el trabajo pastoral en las etapas de propuesta y catecumenado.<\/span><\/li>\n<\/ul>\n<p class=\"brz-lh-lg-1_6 ql-align-justify brz-fss-lg-px brz-fw-lg-400 brz-ls-lg-0 brz-tp-lg-empty brz-ff-wzboxjsqgqhchaabqhhwkjnsysfnjiaknuki brz-ft-upload brz-fs-lg-14 brz-text-lg-justify brz-css-qC3w9\" data-generated-css=\"brz-css-rtemh\" data-uniq-id=\"hodew\"><\/p>\n<p class=\"brz-lh-lg-1_6 ql-align-justify brz-fss-lg-px brz-fw-lg-400 brz-ls-lg-0 brz-tp-lg-empty brz-ff-wzboxjsqgqhchaabqhhwkjnsysfnjiaknuki brz-ft-upload brz-fs-lg-14 brz-text-lg-justify brz-css-aD4XE\" data-generated-css=\"brz-css-rcgfi\" data-uniq-id=\"tpffv\"><span>A\u00f1o nuevo, vida nueva. Empezamos el 2023 con las pilas cargadas y retomando el ritmo habitual de encuentros y formaciones varias. En esta ocasi\u00f3n, les ha tocado el turno a los animadores de los grupos cristianos de propuesta y catecumenado (alumnos de 3\u00ba de la ESO en adelante) tomar parte de una jornada de reflexi\u00f3n en la que participaron 22 educadores del sector Valladolid bajo la batuta del H. Rafael Palomera, delegado de pastoral.<\/span><\/p>\n<p class=\"brz-lh-lg-1_6 ql-align-justify brz-fss-lg-px brz-fw-lg-400 brz-ls-lg-0 brz-tp-lg-empty brz-ff-wzboxjsqgqhchaabqhhwkjnsysfnjiaknuki brz-ft-upload brz-fs-lg-14 brz-text-lg-justify brz-css-ak9lt\" data-generated-css=\"brz-css-bslkg\" data-uniq-id=\"zlfat\"><\/p>\n<p class=\"brz-lh-lg-1_6 ql-align-justify brz-fss-lg-px brz-fw-lg-400 brz-ls-lg-0 brz-tp-lg-empty brz-ff-wzboxjsqgqhchaabqhhwkjnsysfnjiaknuki brz-ft-upload brz-fs-lg-14 brz-text-lg-justify brz-css-q8h3y\" data-generated-css=\"brz-css-scgne\" data-uniq-id=\"kkbwx\"><span>La ma\u00f1ana comenz\u00f3 con un tiempo amplio de encuentro y acogida entre los asistentes para dar paso a la primera ponencia del d\u00eda a cargo de Santiago Casanova, escolapio laico y profesor del Colegio Calasanz de Salamanca. Durante su ponencia, comparti\u00f3 con los presentes las bases fundamentales del animador pastoral, fundamentadas en el estar, escuchar, acompa\u00f1ar, conocer y dar luz en el crecimiento personal de los j\u00f3venes.<\/span><\/p>\n<p class=\"brz-lh-lg-1_6 ql-align-justify brz-fss-lg-px brz-fw-lg-400 brz-ls-lg-0 brz-tp-lg-empty brz-ff-wzboxjsqgqhchaabqhhwkjnsysfnjiaknuki brz-ft-upload brz-fs-lg-14 brz-text-lg-justify brz-css-dTTdb\" data-generated-css=\"brz-css-epxnv\" data-uniq-id=\"ktuce\"><\/p>\n<p class=\"brz-lh-lg-1_6 ql-align-justify brz-fss-lg-px brz-fw-lg-400 brz-ls-lg-0 brz-tp-lg-empty brz-ff-wzboxjsqgqhchaabqhhwkjnsysfnjiaknuki brz-ft-upload brz-fs-lg-14 brz-text-lg-justify brz-css-gclWR\" data-generated-css=\"brz-css-mcaeb\" data-uniq-id=\"hjnog\"><span>En relaci\u00f3n al tiempo de tarde, los educadores tuvieron un tiempo distendido para reunirse por lugares de origen y revisar la planificaci\u00f3n pastoral de los centros bajo algunas preguntas comunes: \u00bfcu\u00e1l es el horizonte que ofrecemos a los j\u00f3venes? \u00bfc\u00f3mo es nuestro proceso de discernimiento y acompa\u00f1amiento? \u00bfc\u00f3mo podemos hacer que los j\u00f3venes sean m\u00e1s protagonistas de las propuestas pastorales? Un trabajo de fondo que ha servido de gran ayuda para reforzar el gran trabajo y la implicaci\u00f3n de los agentes de pastoral de los centros, y que necesita respuestas renovadas a cada tiempo.<\/span><\/p>\n<p class=\"brz-lh-lg-1_6 ql-align-justify brz-fss-lg-px brz-fw-lg-400 brz-ls-lg-0 brz-tp-lg-empty brz-ff-wzboxjsqgqhchaabqhhwkjnsysfnjiaknuki brz-ft-upload brz-fs-lg-14 brz-text-lg-justify brz-css-mlEAH\" data-generated-css=\"brz-css-zsibq\" data-uniq-id=\"zhjjn\"><\/p>\n<\/div>\n<\/div>\n<\/div>\n<\/div>\n<\/div>\n<\/div>\n<\/div>\n<div class=\"brz-row__container brz-css-29wr3v\" data-brz-custom-id=\"dgjgggiprfalwboqnngislsjjstlwzrlkffo\">\n<div class=\"brz-bg\"><\/div>\n<div class=\"brz-row brz-row--inner brz-css-e1r92g brz-css-1cgdpc2\">\n<div class=\"brz-columns brz-css-7kaatv brz-css-49bg9u\" data-brz-custom-id=\"luocjzadukqdifrpvwxtygusylobcovicyhl\">\n<div class=\"brz-bg\"><\/div>\n<div class=\"brz-column__items brz-css-wqaaeh\">\n<div id=\"\" class=\"brz-css-1fveusq brz-wrapper\">\n<div class=\"brz-image brz-css-15pd9iw\" data-brz-custom-id=\"ybeqmnguevoasrpunvfxpwiklormjugazoic\"><img decoding=\"async\" class=\"brz-img\" src=\"https:\/\/colegiolourdes.es\/wp-content\/uploads\/brizy\/imgs\/Encuentro-NCA-en-Aravaca-798x598x0x176x798x319x1674720085.jpeg\" alt=\"\" loading=\"lazy\"><\/div>\n<\/div>\n<\/div>\n<\/div>\n<\/div>\n<\/div>\n<div class=\"brz-row__container brz-css-29wr3v\" data-brz-custom-id=\"hgnhgbtsgscfprshvmoswlvpmmbbkfdkkdlr\">\n<div class=\"brz-bg\"><\/div>\n<div class=\"brz-row brz-row--inner brz-css-e1r92g brz-css-1cgdpc2\">\n<div class=\"brz-columns brz-css-7kaatv brz-css-1kgtsjw\" data-brz-custom-id=\"ioqntemcsxvrbdkuadrifgcjnsonpoatsvrw\">\n<div class=\"brz-bg\"><\/div>\n<div class=\"brz-column__items brz-css-wqaaeh\">\n<div id=\"\" class=\"brz-css-1fveusq brz-css-1cu4l00 brz-wrapper\">\n<div class=\"brz-rich-text brz-rich-text__custom brz-css-sabl1g\" data-brz-custom-id=\"ttagqqjtojzimwhlllgqmzsgqpnyzjajmejz\">\n<div data-brz-translate-text=\"1\">\n<p class=\"brz-fs-lg-16 brz-ft-upload brz-ff-wzboxjsqgqhchaabqhhwkjnsysfnjiaknuki brz-tp-lg-empty brz-lh-lg-1_6 brz-ls-lg-0 brz-fw-lg-400 brz-fss-lg-px brz-text-lg-center ql-align-justify brz-css-aAwIZ\" data-generated-css=\"brz-css-tdlmk\" data-uniq-id=\"ehjcp\"><strong> Encuentro Pedag\u00f3gico en Aravaca para preparar la llegada de NCA a Bachillerato<\/strong><\/p>\n<p class=\"brz-lh-lg-1_6 ql-align-justify brz-fss-lg-px brz-fw-lg-400 brz-ls-lg-0 brz-tp-lg-empty brz-ff-wzboxjsqgqhchaabqhhwkjnsysfnjiaknuki brz-ft-upload brz-fs-lg-14 brz-text-lg-justify brz-css-bQkcJ\" data-generated-css=\"brz-css-wwwrz\" data-uniq-id=\"lqnle\"><span> <\/span><\/p>\n<p class=\"brz-lh-lg-1_6 ql-align-justify brz-fss-lg-px brz-fw-lg-400 brz-ls-lg-0 brz-tp-lg-empty brz-ff-wzboxjsqgqhchaabqhhwkjnsysfnjiaknuki brz-ft-upload brz-fs-lg-14 brz-text-lg-justify brz-css-iPoeM\" data-generated-css=\"brz-css-stjuw\" data-uniq-id=\"ujlaa\"><span>Coordinadores y conductores de un total de 43 centros de La Salle en Espa\u00f1a se dieron cita estas primeras semanas de trabajo del mes de enero en el Campus de Madrid de La Salle (Aravaca). Su objetivo era trabajar conjuntamente en la pr\u00f3xima puesta en marcha del modelo pedag\u00f3gico que la instituci\u00f3n est\u00e1 implantando en todas las etapas, el Nuevo Contexto de Aprendizaje (NCA), y que llegar\u00e1 de manera progresiva, seg\u00fan los centros, a Bachillerato.<\/span><\/p>\n<p class=\"brz-lh-lg-1_6 ql-align-justify brz-fss-lg-px brz-fw-lg-400 brz-ls-lg-0 brz-tp-lg-empty brz-ff-wzboxjsqgqhchaabqhhwkjnsysfnjiaknuki brz-ft-upload brz-fs-lg-14 brz-text-lg-justify brz-css-yiZq_\" data-generated-css=\"brz-css-zewdb\" data-uniq-id=\"axmjs\"><\/p>\n<p class=\"brz-lh-lg-1_6 ql-align-justify brz-fss-lg-px brz-fw-lg-400 brz-ls-lg-0 brz-tp-lg-empty brz-ff-wzboxjsqgqhchaabqhhwkjnsysfnjiaknuki brz-ft-upload brz-fs-lg-14 brz-text-lg-justify brz-css-fdx8O\" data-generated-css=\"brz-css-bsuob\" data-uniq-id=\"ldzlk\"><span>Dos semanas de intenso trabajo, convivencia y puesta en com\u00fan del proyecto, que desde la mirada atenta de todos los participantes va cobrando forma para que los alumnos que ya vienen de vivir NCA en Educaci\u00f3n Secundaria (ESO) den el salto a un Bachillerato dise\u00f1ado para continuar la experiencia de aprendizaje que NCA ofrece a los ni\u00f1os y j\u00f3venes que eligen La Salle para formarse.<\/span><\/p>\n<p class=\"brz-lh-lg-1_6 ql-align-justify brz-fss-lg-px brz-fw-lg-400 brz-ls-lg-0 brz-tp-lg-empty brz-ff-wzboxjsqgqhchaabqhhwkjnsysfnjiaknuki brz-ft-upload brz-fs-lg-14 brz-text-lg-justify brz-css-yYJ7e\" data-generated-css=\"brz-css-pdzqt\" data-uniq-id=\"gnxbm\"><\/p>\n<p class=\"brz-lh-lg-1_6 ql-align-justify brz-fss-lg-px brz-fw-lg-400 brz-ls-lg-0 brz-tp-lg-empty brz-ff-wzboxjsqgqhchaabqhhwkjnsysfnjiaknuki brz-ft-upload brz-fs-lg-14 brz-text-lg-justify brz-css-gV8t9\" data-generated-css=\"brz-css-juygh\" data-uniq-id=\"mictx\"><span>Conscientes de que la etapa presenta peculiaridades, la propuesta dise\u00f1ada pone sobre la mesa una oportunidad de formaci\u00f3n y crecimiento integral para el alumno, continuista con lo que ya es NCA en etapas anteriores, pero adaptada a los requerimientos de Bachillerato y pensada para que el alumno siga siendo el protagonista de su aprendizaje y siga adquiriendo conocimientos y competencias que le hagan situarse ante la realidad que vive y pueda ser capaz de transformar el mundo para hacerlo mejor.<\/span><\/p>\n<\/div>\n<\/div>\n<\/div>\n<\/div>\n<\/div>\n<\/div>\n<\/div>\n<\/div>\n<\/div>\n<\/div>\n<\/div>\n<\/div>\n<\/div>\n<\/section>\n<\/div>\n<p>    <!-- version:1737044180 --><\/p>\n","protected":false},"excerpt":{"rendered":"<p>El encuentro de animadores de las etapas de propuesta catecumenado as\u00ed como el encuentro de responsables de NCA en Bachillerato marcan la actividad del sector en enero.<\/p>\n","protected":false},"author":5,"featured_media":51851,"comment_status":"closed","ping_status":"closed","sticky":false,"template":"brizy-blank-template.php","format":"standard","meta":{"footnotes":""},"categories":[79,3],"tags":[78,42,15,36,17,18],"class_list":["post-51849","post","type-post","status-publish","format-standard","has-post-thumbnail","hentry","category-curso-2022-23","category-noticias","tag-juntosmejor","tag-sentimientolourdes","tag-colegio-lourdes","tag-educacion","tag-mira-mas-alla","tag-somos-la-salle","entry"],"yoast_head":"<!-- This site is optimized with the Yoast SEO plugin v27.5 - https:\/\/yoast.com\/product\/yoast-seo-wordpress\/ -->\n<title>El sector en enero - Colegio Lourdes<\/title>\n<meta name=\"robots\" content=\"index, follow, max-snippet:-1, max-image-preview:large, max-video-preview:-1\" \/>\n<link rel=\"canonical\" href=\"https:\/\/colegiolourdes.es\/index.php\/2023\/01\/el-sector-en-enero\/\" \/>\n<meta property=\"og:locale\" content=\"es_ES\" \/>\n<meta property=\"og:type\" content=\"article\" \/>\n<meta property=\"og:title\" content=\"El sector en enero - Colegio Lourdes\" \/>\n<meta property=\"og:description\" content=\"El encuentro de animadores de las etapas de propuesta catecumenado as\u00ed como el encuentro de responsables de NCA en Bachillerato marcan la actividad del sector en enero.\" \/>\n<meta property=\"og:url\" content=\"https:\/\/colegiolourdes.es\/index.php\/2023\/01\/el-sector-en-enero\/\" \/>\n<meta property=\"og:site_name\" content=\"Colegio Lourdes\" \/>\n<meta property=\"article:publisher\" content=\"https:\/\/www.facebook.com\/colegiolourdesva\" \/>\n<meta property=\"article:published_time\" content=\"2023-01-26T07:54:53+00:00\" \/>\n<meta property=\"article:modified_time\" content=\"2025-05-05T10:15:08+00:00\" \/>\n<meta property=\"og:image\" content=\"https:\/\/colegiolourdes.es\/wp-content\/uploads\/2023\/01\/Encuentro-de-animadores.jpg\" \/>\n\t<meta property=\"og:image:width\" content=\"800\" \/>\n\t<meta property=\"og:image:height\" content=\"533\" \/>\n\t<meta property=\"og:image:type\" content=\"image\/jpeg\" \/>\n<meta name=\"author\" content=\"Santiago de Frutos\" \/>\n<meta name=\"twitter:card\" content=\"summary_large_image\" \/>\n<meta name=\"twitter:creator\" content=\"@ColeLourdesVa\" \/>\n<meta name=\"twitter:site\" content=\"@ColeLourdesVa\" \/>\n<meta name=\"twitter:label1\" content=\"Escrito por\" \/>\n\t<meta name=\"twitter:data1\" content=\"Santiago de Frutos\" \/>\n\t<meta name=\"twitter:label2\" content=\"Tiempo de lectura\" \/>\n\t<meta name=\"twitter:data2\" content=\"2 minutos\" \/>\n<script type=\"application\/ld+json\" class=\"yoast-schema-graph\">{\"@context\":\"https:\\\/\\\/schema.org\",\"@graph\":[{\"@type\":\"Article\",\"@id\":\"https:\\\/\\\/colegiolourdes.es\\\/index.php\\\/2023\\\/01\\\/el-sector-en-enero\\\/#article\",\"isPartOf\":{\"@id\":\"https:\\\/\\\/colegiolourdes.es\\\/index.php\\\/2023\\\/01\\\/el-sector-en-enero\\\/\"},\"author\":{\"name\":\"Santiago de Frutos\",\"@id\":\"https:\\\/\\\/colegiolourdes.es\\\/#\\\/schema\\\/person\\\/cd04676edc59cac8a30f15eb98eb4908\"},\"headline\":\"El sector en enero\",\"datePublished\":\"2023-01-26T07:54:53+00:00\",\"dateModified\":\"2025-05-05T10:15:08+00:00\",\"mainEntityOfPage\":{\"@id\":\"https:\\\/\\\/colegiolourdes.es\\\/index.php\\\/2023\\\/01\\\/el-sector-en-enero\\\/\"},\"wordCount\":561,\"publisher\":{\"@id\":\"https:\\\/\\\/colegiolourdes.es\\\/#organization\"},\"image\":{\"@id\":\"https:\\\/\\\/colegiolourdes.es\\\/index.php\\\/2023\\\/01\\\/el-sector-en-enero\\\/#primaryimage\"},\"thumbnailUrl\":\"https:\\\/\\\/colegiolourdes.es\\\/wp-content\\\/uploads\\\/2023\\\/01\\\/Encuentro-de-animadores.jpg\",\"keywords\":[\"#juntosmejor\",\"#sentimientolourdes\",\"colegio lourdes\",\"Educaci\u00f3n\",\"Mira m\u00e1s all\u00e1\",\"Somos La Salle\"],\"articleSection\":[\"Curso 2022-23\",\"Noticias\"],\"inLanguage\":\"es\"},{\"@type\":\"WebPage\",\"@id\":\"https:\\\/\\\/colegiolourdes.es\\\/index.php\\\/2023\\\/01\\\/el-sector-en-enero\\\/\",\"url\":\"https:\\\/\\\/colegiolourdes.es\\\/index.php\\\/2023\\\/01\\\/el-sector-en-enero\\\/\",\"name\":\"El sector en enero - Colegio Lourdes\",\"isPartOf\":{\"@id\":\"https:\\\/\\\/colegiolourdes.es\\\/#website\"},\"primaryImageOfPage\":{\"@id\":\"https:\\\/\\\/colegiolourdes.es\\\/index.php\\\/2023\\\/01\\\/el-sector-en-enero\\\/#primaryimage\"},\"image\":{\"@id\":\"https:\\\/\\\/colegiolourdes.es\\\/index.php\\\/2023\\\/01\\\/el-sector-en-enero\\\/#primaryimage\"},\"thumbnailUrl\":\"https:\\\/\\\/colegiolourdes.es\\\/wp-content\\\/uploads\\\/2023\\\/01\\\/Encuentro-de-animadores.jpg\",\"datePublished\":\"2023-01-26T07:54:53+00:00\",\"dateModified\":\"2025-05-05T10:15:08+00:00\",\"inLanguage\":\"es\",\"potentialAction\":[{\"@type\":\"ReadAction\",\"target\":[\"https:\\\/\\\/colegiolourdes.es\\\/index.php\\\/2023\\\/01\\\/el-sector-en-enero\\\/\"]}]},{\"@type\":\"ImageObject\",\"inLanguage\":\"es\",\"@id\":\"https:\\\/\\\/colegiolourdes.es\\\/index.php\\\/2023\\\/01\\\/el-sector-en-enero\\\/#primaryimage\",\"url\":\"https:\\\/\\\/colegiolourdes.es\\\/wp-content\\\/uploads\\\/2023\\\/01\\\/Encuentro-de-animadores.jpg\",\"contentUrl\":\"https:\\\/\\\/colegiolourdes.es\\\/wp-content\\\/uploads\\\/2023\\\/01\\\/Encuentro-de-animadores.jpg\",\"width\":800,\"height\":533,\"caption\":\"Encuentro de animadores de las etapas de propuesta y catecumenado en Arcas\"},{\"@type\":\"WebSite\",\"@id\":\"https:\\\/\\\/colegiolourdes.es\\\/#website\",\"url\":\"https:\\\/\\\/colegiolourdes.es\\\/\",\"name\":\"Colegio Lourdes\",\"description\":\"Web del Colegio Nuestra Se\u00f1ora de Lourdes de Valladolid.\",\"publisher\":{\"@id\":\"https:\\\/\\\/colegiolourdes.es\\\/#organization\"},\"alternateName\":\"Colegio Nuestra Se\u00f1ora de Lourdes\",\"potentialAction\":[{\"@type\":\"SearchAction\",\"target\":{\"@type\":\"EntryPoint\",\"urlTemplate\":\"https:\\\/\\\/colegiolourdes.es\\\/?s={search_term_string}\"},\"query-input\":{\"@type\":\"PropertyValueSpecification\",\"valueRequired\":true,\"valueName\":\"search_term_string\"}}],\"inLanguage\":\"es\"},{\"@type\":\"Organization\",\"@id\":\"https:\\\/\\\/colegiolourdes.es\\\/#organization\",\"name\":\"Colegio Nuestra Se\u00f1ora de Lourdes\",\"alternateName\":\"Colegio Lourdes Valladolid\",\"url\":\"https:\\\/\\\/colegiolourdes.es\\\/\",\"logo\":{\"@type\":\"ImageObject\",\"inLanguage\":\"es\",\"@id\":\"https:\\\/\\\/colegiolourdes.es\\\/#\\\/schema\\\/logo\\\/image\\\/\",\"url\":\"https:\\\/\\\/colegiolourdes.es\\\/wp-content\\\/uploads\\\/2021\\\/11\\\/cropped-Escudo.png\",\"contentUrl\":\"https:\\\/\\\/colegiolourdes.es\\\/wp-content\\\/uploads\\\/2021\\\/11\\\/cropped-Escudo.png\",\"width\":85,\"height\":105,\"caption\":\"Colegio Nuestra Se\u00f1ora de Lourdes\"},\"image\":{\"@id\":\"https:\\\/\\\/colegiolourdes.es\\\/#\\\/schema\\\/logo\\\/image\\\/\"},\"sameAs\":[\"https:\\\/\\\/www.facebook.com\\\/colegiolourdesva\",\"https:\\\/\\\/x.com\\\/ColeLourdesVa\",\"https:\\\/\\\/www.instagram.com\\\/colegio_lourdes_valladolid\\\/\"]},{\"@type\":\"Person\",\"@id\":\"https:\\\/\\\/colegiolourdes.es\\\/#\\\/schema\\\/person\\\/cd04676edc59cac8a30f15eb98eb4908\",\"name\":\"Santiago de Frutos\",\"image\":{\"@type\":\"ImageObject\",\"inLanguage\":\"es\",\"@id\":\"https:\\\/\\\/secure.gravatar.com\\\/avatar\\\/70dada565ce0dc4d7bf0c790be8d5ba31c607451b0e237d399ecb7f01c923a50?s=96&d=mm&r=g\",\"url\":\"https:\\\/\\\/secure.gravatar.com\\\/avatar\\\/70dada565ce0dc4d7bf0c790be8d5ba31c607451b0e237d399ecb7f01c923a50?s=96&d=mm&r=g\",\"contentUrl\":\"https:\\\/\\\/secure.gravatar.com\\\/avatar\\\/70dada565ce0dc4d7bf0c790be8d5ba31c607451b0e237d399ecb7f01c923a50?s=96&d=mm&r=g\",\"caption\":\"Santiago de Frutos\"},\"url\":\"https:\\\/\\\/colegiolourdes.es\\\/index.php\\\/author\\\/santiago\\\/\"}]}<\/script>\n<!-- \/ Yoast SEO plugin. -->","yoast_head_json":{"title":"El sector en enero - Colegio Lourdes","robots":{"index":"index","follow":"follow","max-snippet":"max-snippet:-1","max-image-preview":"max-image-preview:large","max-video-preview":"max-video-preview:-1"},"canonical":"https:\/\/colegiolourdes.es\/index.php\/2023\/01\/el-sector-en-enero\/","og_locale":"es_ES","og_type":"article","og_title":"El sector en enero - Colegio Lourdes","og_description":"El encuentro de animadores de las etapas de propuesta catecumenado as\u00ed como el encuentro de responsables de NCA en Bachillerato marcan la actividad del sector en enero.","og_url":"https:\/\/colegiolourdes.es\/index.php\/2023\/01\/el-sector-en-enero\/","og_site_name":"Colegio Lourdes","article_publisher":"https:\/\/www.facebook.com\/colegiolourdesva","article_published_time":"2023-01-26T07:54:53+00:00","article_modified_time":"2025-05-05T10:15:08+00:00","og_image":[{"width":800,"height":533,"url":"https:\/\/colegiolourdes.es\/wp-content\/uploads\/2023\/01\/Encuentro-de-animadores.jpg","type":"image\/jpeg"}],"author":"Santiago de Frutos","twitter_card":"summary_large_image","twitter_creator":"@ColeLourdesVa","twitter_site":"@ColeLourdesVa","twitter_misc":{"Escrito por":"Santiago de Frutos","Tiempo de lectura":"2 minutos"},"schema":{"@context":"https:\/\/schema.org","@graph":[{"@type":"Article","@id":"https:\/\/colegiolourdes.es\/index.php\/2023\/01\/el-sector-en-enero\/#article","isPartOf":{"@id":"https:\/\/colegiolourdes.es\/index.php\/2023\/01\/el-sector-en-enero\/"},"author":{"name":"Santiago de Frutos","@id":"https:\/\/colegiolourdes.es\/#\/schema\/person\/cd04676edc59cac8a30f15eb98eb4908"},"headline":"El sector en enero","datePublished":"2023-01-26T07:54:53+00:00","dateModified":"2025-05-05T10:15:08+00:00","mainEntityOfPage":{"@id":"https:\/\/colegiolourdes.es\/index.php\/2023\/01\/el-sector-en-enero\/"},"wordCount":561,"publisher":{"@id":"https:\/\/colegiolourdes.es\/#organization"},"image":{"@id":"https:\/\/colegiolourdes.es\/index.php\/2023\/01\/el-sector-en-enero\/#primaryimage"},"thumbnailUrl":"https:\/\/colegiolourdes.es\/wp-content\/uploads\/2023\/01\/Encuentro-de-animadores.jpg","keywords":["#juntosmejor","#sentimientolourdes","colegio lourdes","Educaci\u00f3n","Mira m\u00e1s all\u00e1","Somos La Salle"],"articleSection":["Curso 2022-23","Noticias"],"inLanguage":"es"},{"@type":"WebPage","@id":"https:\/\/colegiolourdes.es\/index.php\/2023\/01\/el-sector-en-enero\/","url":"https:\/\/colegiolourdes.es\/index.php\/2023\/01\/el-sector-en-enero\/","name":"El sector en enero - Colegio Lourdes","isPartOf":{"@id":"https:\/\/colegiolourdes.es\/#website"},"primaryImageOfPage":{"@id":"https:\/\/colegiolourdes.es\/index.php\/2023\/01\/el-sector-en-enero\/#primaryimage"},"image":{"@id":"https:\/\/colegiolourdes.es\/index.php\/2023\/01\/el-sector-en-enero\/#primaryimage"},"thumbnailUrl":"https:\/\/colegiolourdes.es\/wp-content\/uploads\/2023\/01\/Encuentro-de-animadores.jpg","datePublished":"2023-01-26T07:54:53+00:00","dateModified":"2025-05-05T10:15:08+00:00","inLanguage":"es","potentialAction":[{"@type":"ReadAction","target":["https:\/\/colegiolourdes.es\/index.php\/2023\/01\/el-sector-en-enero\/"]}]},{"@type":"ImageObject","inLanguage":"es","@id":"https:\/\/colegiolourdes.es\/index.php\/2023\/01\/el-sector-en-enero\/#primaryimage","url":"https:\/\/colegiolourdes.es\/wp-content\/uploads\/2023\/01\/Encuentro-de-animadores.jpg","contentUrl":"https:\/\/colegiolourdes.es\/wp-content\/uploads\/2023\/01\/Encuentro-de-animadores.jpg","width":800,"height":533,"caption":"Encuentro de animadores de las etapas de propuesta y catecumenado en Arcas"},{"@type":"WebSite","@id":"https:\/\/colegiolourdes.es\/#website","url":"https:\/\/colegiolourdes.es\/","name":"Colegio Lourdes","description":"Web del Colegio Nuestra Se\u00f1ora de Lourdes de Valladolid.","publisher":{"@id":"https:\/\/colegiolourdes.es\/#organization"},"alternateName":"Colegio Nuestra Se\u00f1ora de Lourdes","potentialAction":[{"@type":"SearchAction","target":{"@type":"EntryPoint","urlTemplate":"https:\/\/colegiolourdes.es\/?s={search_term_string}"},"query-input":{"@type":"PropertyValueSpecification","valueRequired":true,"valueName":"search_term_string"}}],"inLanguage":"es"},{"@type":"Organization","@id":"https:\/\/colegiolourdes.es\/#organization","name":"Colegio Nuestra Se\u00f1ora de Lourdes","alternateName":"Colegio Lourdes Valladolid","url":"https:\/\/colegiolourdes.es\/","logo":{"@type":"ImageObject","inLanguage":"es","@id":"https:\/\/colegiolourdes.es\/#\/schema\/logo\/image\/","url":"https:\/\/colegiolourdes.es\/wp-content\/uploads\/2021\/11\/cropped-Escudo.png","contentUrl":"https:\/\/colegiolourdes.es\/wp-content\/uploads\/2021\/11\/cropped-Escudo.png","width":85,"height":105,"caption":"Colegio Nuestra Se\u00f1ora de Lourdes"},"image":{"@id":"https:\/\/colegiolourdes.es\/#\/schema\/logo\/image\/"},"sameAs":["https:\/\/www.facebook.com\/colegiolourdesva","https:\/\/x.com\/ColeLourdesVa","https:\/\/www.instagram.com\/colegio_lourdes_valladolid\/"]},{"@type":"Person","@id":"https:\/\/colegiolourdes.es\/#\/schema\/person\/cd04676edc59cac8a30f15eb98eb4908","name":"Santiago de Frutos","image":{"@type":"ImageObject","inLanguage":"es","@id":"https:\/\/secure.gravatar.com\/avatar\/70dada565ce0dc4d7bf0c790be8d5ba31c607451b0e237d399ecb7f01c923a50?s=96&d=mm&r=g","url":"https:\/\/secure.gravatar.com\/avatar\/70dada565ce0dc4d7bf0c790be8d5ba31c607451b0e237d399ecb7f01c923a50?s=96&d=mm&r=g","contentUrl":"https:\/\/secure.gravatar.com\/avatar\/70dada565ce0dc4d7bf0c790be8d5ba31c607451b0e237d399ecb7f01c923a50?s=96&d=mm&r=g","caption":"Santiago de Frutos"},"url":"https:\/\/colegiolourdes.es\/index.php\/author\/santiago\/"}]}},"_links":{"self":[{"href":"https:\/\/colegiolourdes.es\/index.php\/wp-json\/wp\/v2\/posts\/51849","targetHints":{"allow":["GET"]}}],"collection":[{"href":"https:\/\/colegiolourdes.es\/index.php\/wp-json\/wp\/v2\/posts"}],"about":[{"href":"https:\/\/colegiolourdes.es\/index.php\/wp-json\/wp\/v2\/types\/post"}],"author":[{"embeddable":true,"href":"https:\/\/colegiolourdes.es\/index.php\/wp-json\/wp\/v2\/users\/5"}],"replies":[{"embeddable":true,"href":"https:\/\/colegiolourdes.es\/index.php\/wp-json\/wp\/v2\/comments?post=51849"}],"version-history":[{"count":5,"href":"https:\/\/colegiolourdes.es\/index.php\/wp-json\/wp\/v2\/posts\/51849\/revisions"}],"predecessor-version":[{"id":51876,"href":"https:\/\/colegiolourdes.es\/index.php\/wp-json\/wp\/v2\/posts\/51849\/revisions\/51876"}],"wp:featuredmedia":[{"embeddable":true,"href":"https:\/\/colegiolourdes.es\/index.php\/wp-json\/wp\/v2\/media\/51851"}],"wp:attachment":[{"href":"https:\/\/colegiolourdes.es\/index.php\/wp-json\/wp\/v2\/media?parent=51849"}],"wp:term":[{"taxonomy":"category","embeddable":true,"href":"https:\/\/colegiolourdes.es\/index.php\/wp-json\/wp\/v2\/categories?post=51849"},{"taxonomy":"post_tag","embeddable":true,"href":"https:\/\/colegiolourdes.es\/index.php\/wp-json\/wp\/v2\/tags?post=51849"}],"curies":[{"name":"wp","href":"https:\/\/api.w.org\/{rel}","templated":true}]}}