{"id":56749,"date":"2023-03-27T08:50:27","date_gmt":"2023-03-27T06:50:27","guid":{"rendered":"https:\/\/colegiolourdes.es\/?p=56749"},"modified":"2025-05-05T12:20:48","modified_gmt":"2025-05-05T10:20:48","slug":"pastel-de-paz","status":"publish","type":"post","link":"https:\/\/colegiolourdes.es\/index.php\/2023\/03\/pastel-de-paz\/","title":{"rendered":"Pastel de Paz"},"content":{"rendered":"<div class=\"brz-root__container brz-reset-all brz\">\n<section id=\"_cunuwnmrpdohnmpgxnfxupywzbrwlsanfykk\" class=\"brz-section brz-css-tTFvz\">\n<div class=\"brz-section__content brz-section--boxed brz-css-oxbTm brz-css-cmOW8\" data-brz-custom-id=\"scdcklwupwwfpedvajhrycojluciefhiicge\">\n<div class=\"brz-container brz-css-wxiY2\">\n<div class=\"brz-row__container brz-css-hgnGJ\" data-brz-custom-id=\"embxvubmivzswozcqmydjebpgmzvgavprjlv\">\n<div class=\"brz-bg\"><\/div>\n<div class=\"brz-row brz-css-ep9KR\">\n<div class=\"brz-columns brz-css-ruz53 brz-css-aeYsd\" data-brz-custom-id=\"nnffhdybjhxuiueehupygowpjboeqvmxahbl\">\n<div class=\"brz-bg\"><\/div>\n<div class=\"brz-column__items brz-css-iP3Oz brz-css-zh_Qx\">\n<div id=\"\" class=\"brz-css-thd1T brz-css-qO3HR brz-wrapper\">\n<div class=\"brz-rich-text brz-rich-text__custom brz-css-xmwm6\" data-brz-custom-id=\"wbqlnnnwklkddbyijcfnzsqzpuzoommgaxqd\">\n<div data-brz-translate-text=\"1\">\n<p class=\"brz-fs-sm-50 brz-text-lg-right brz-text-xs-left brz-fs-xs-60 brz-ff-montserrat brz-ft-google brz-fs-lg-70 brz-fss-lg-px brz-fw-lg-400 brz-ls-lg-m_1_5 brz-lh-lg-1 brz-tp-lg-empty brz-css-gmiwG\" data-generated-css=\"brz-css-rvwlm\" data-uniq-id=\"xpcxi\">Mar<\/p>\n<p class=\"brz-tp-lg-empty brz-lh-lg-1 brz-ls-lg-m_1_5 brz-fw-lg-400 brz-fss-lg-px brz-fs-sm-50 brz-text-lg-right brz-text-xs-left brz-fs-xs-60 brz-ff-montserrat brz-ft-google brz-fs-lg-70 brz-css-lpw7u\" data-generated-css=\"brz-css-hhdsv\" data-uniq-id=\"pmifq\"><span class=\"brz-cp-color1\" style=\"opacity: 0.75\">2023<\/span><\/p>\n<\/div>\n<\/div>\n<\/div>\n<div id=\"\" class=\"brz-css-thd1T brz-css-fkzF3 brz-wrapper\">\n<div class=\"brz-line brz-line-default brz-css-bGgsW brz-css-h6dsx\" data-brz-custom-id=\"ezhgiygxkslygnenaroyzqlutvnkdpzabzik\">\n<hr class=\"brz-hr\"><\/div>\n<\/div>\n<div id=\"\" class=\"brz-css-thd1T brz-css-iEMOf brz-wrapper\">\n<div class=\"brz-rich-text brz-rich-text__custom brz-css-xmwm6\" data-brz-custom-id=\"lkvlbzbhpesmfuocywyyjomxpyrcibldgukc\">\n<div data-brz-translate-text=\"1\">\n<p class=\"brz-text-xs-left brz-tp-lg-button brz-text-lg-right brz-css-g3iok\" data-uniq-id=\"hthkh\" data-generated-css=\"brz-css-jyima\">INFANTIL<\/p>\n<\/div>\n<\/div>\n<\/div>\n<\/div>\n<\/div>\n<div class=\"brz-columns brz-css-ruz53 brz-css-otkWZ\" data-brz-custom-id=\"rmgzbebfbgblgbzwbzyqlbybcivekprvafxi\">\n<div class=\"brz-bg\"><\/div>\n<div class=\"brz-column__items brz-css-iP3Oz brz-css-sHrNu\">\n<div id=\"\" class=\"brz-css-thd1T brz-css-t3H0v brz-wrapper\">\n<div class=\"brz-rich-text brz-rich-text__custom brz-css-xmwm6\" data-brz-custom-id=\"mpryxqttznpabjhlttawbhonmiulgrxvjtta\">\n<div data-brz-translate-text=\"1\">\n<h2 class=\"brz-tp-lg-heading2 brz-css-zuzU6\" data-uniq-id=\"gycnl\" data-generated-css=\"brz-css-whxnl\"><strong>Pastel de Paz<\/strong><\/h2>\n<\/div>\n<\/div>\n<\/div>\n<div id=\"\" class=\"brz-css-thd1T brz-css-vH5x8 brz-css-fuRrh brz-wrapper\">\n<div class=\"brz-spacer brz-css-pPzLe brz-css-zEwen\"><\/div>\n<\/div>\n<div class=\"brz-row__container brz-css-hgnGJ\" data-brz-custom-id=\"tgvrmhxcfczemzvpwltsvwozyfallxthnxsk\">\n<div class=\"brz-bg\"><\/div>\n<div class=\"brz-row brz-row--inner brz-css-ep9KR brz-css-bRoid\">\n<div class=\"brz-columns brz-css-ruz53 brz-css-uqcf3\" data-brz-custom-id=\"hunwgxwpjjvsmnqxbsjpapyiiaspusgykybg\">\n<div class=\"brz-bg\"><\/div>\n<div class=\"brz-column__items brz-css-iP3Oz\">\n<div id=\"\" class=\"brz-css-thd1T brz-wrapper\">\n<div class=\"brz-image brz-css-mu66p\" data-brz-custom-id=\"skuqraggnehghslprpycylyaqydmkkjxkbjp\"><img decoding=\"async\" class=\"brz-img\" src=\"\" alt=\"'}}\" loading=\"lazy\"><\/div>\n<\/div>\n<\/div>\n<\/div>\n<\/div>\n<\/div>\n<div class=\"brz-row__container brz-css-hgnGJ\" data-brz-custom-id=\"aefeujhshoxrxthiphihkodgkvvkamgrbksa\">\n<div class=\"brz-bg\"><\/div>\n<div class=\"brz-row brz-row--inner brz-css-ep9KR brz-css-bRoid\">\n<div class=\"brz-columns brz-css-ruz53 brz-css-mu3vI\" data-brz-custom-id=\"sneithpufcdzlazpmqjgkuykyneccdncjhmr\">\n<div class=\"brz-bg\"><\/div>\n<div class=\"brz-column__items brz-css-iP3Oz\">\n<div id=\"\" class=\"brz-css-thd1T brz-wrapper\">\n<div class=\"brz-rich-text brz-rich-text__custom brz-css-xmwm6\" data-brz-custom-id=\"vpfasfudawnqsbxzoqombdwctnpsjnhohqbw\">\n<div data-brz-translate-text=\"1\">\n<p class=\"brz-tp-lg-paragraph ql-align-justify brz-text-lg-justify brz-css-lpDj1\" data-generated-css=\"brz-css-xnivy\" data-uniq-id=\"fvsxv\"><span>La villana Maligna hab\u00eda robado los ingredientes del pastel de la paz a la superhero\u00edna Concordia\u2026<\/span><\/p>\n<p class=\"brz-tp-lg-paragraph ql-align-justify brz-text-lg-justify brz-css-iEwDU\" data-generated-css=\"brz-css-yjjoj\" data-uniq-id=\"nobbr\"><span>Despu\u00e9s de mucho buscar, los ni\u00f1os y ni\u00f1as de 4 a\u00f1os lograron encontrar los ingredientes necesarios para hacer el pastel: ayuda, respeto, perd\u00f3n, di\u00e1logo, compartir y amistad.<\/span><\/p>\n<p class=\"brz-tp-lg-paragraph ql-align-justify brz-text-lg-justify brz-css-yCqP9\" data-generated-css=\"brz-css-ctndu\" data-uniq-id=\"ahmnr\"><span>Una vez encontrados, estos ni\u00f1os se pusieron con las manos en la masa, y con la ayuda del personal del comedor hicieron un rico pastel de la Paz.<\/span><\/p>\n<p class=\"brz-tp-lg-paragraph ql-align-justify brz-text-lg-justify brz-css-tUPfH\" data-generated-css=\"brz-css-xzuvl\" data-uniq-id=\"qzvqs\"><span>Juntos, consiguieron transformar a Maligna y ense\u00f1arla a ser una buena persona.<\/span><\/p>\n<p class=\"brz-lh-lg-1_6 ql-align-justify brz-fss-lg-px brz-fw-lg-400 brz-ls-lg-0 brz-ff-wzboxjsqgqhchaabqhhwkjnsysfnjiaknuki brz-ft-upload brz-fs-lg-14 brz-tp-lg-paragraph brz-text-lg-right brz-css-v3BnG\" data-generated-css=\"brz-css-dfknc\" data-uniq-id=\"khsqv\"><a class=\"link--external\" href=\"https:\/\/lasallelourdes.sallenet.org\/mod\/url\/view.php?id=99138&amp;forceview=1\" data-brz-link-type=\"external\" target=\"_blank\"> Ver galer\u00eda de im\u00e1genes <\/a><\/p>\n<\/div>\n<\/div>\n<\/div>\n<\/div>\n<\/div>\n<\/div>\n<\/div>\n<\/div>\n<\/div>\n<\/div>\n<\/div>\n<\/div>\n<\/div>\n<\/section>\n<\/div>\n<p>    <!-- version:1732194401 --><\/p>\n","protected":false},"excerpt":{"rendered":"<p>La villana Maligna hab\u00eda robado los ingredientes del pastel de la paz a la superhero\u00edna Concordia\u2026<br \/>\nDespu\u00e9s de mucho buscar, los ni\u00f1os y ni\u00f1as de 4 a\u00f1os lograron encontrar los ingredientes.<\/p>\n","protected":false},"author":5,"featured_media":56751,"comment_status":"closed","ping_status":"closed","sticky":false,"template":"brizy-blank-template.php","format":"standard","meta":{"footnotes":""},"categories":[79,4,3],"tags":[78,42,15,36,17,18],"class_list":["post-56749","post","type-post","status-publish","format-standard","has-post-thumbnail","hentry","category-curso-2022-23","category-infantil","category-noticias","tag-juntosmejor","tag-sentimientolourdes","tag-colegio-lourdes","tag-educacion","tag-mira-mas-alla","tag-somos-la-salle","entry"],"yoast_head":"<!-- This site is optimized with the Yoast SEO plugin v27.5 - https:\/\/yoast.com\/product\/yoast-seo-wordpress\/ -->\n<title>Pastel de Paz - Colegio Lourdes<\/title>\n<meta name=\"robots\" content=\"index, follow, max-snippet:-1, max-image-preview:large, max-video-preview:-1\" \/>\n<link rel=\"canonical\" href=\"https:\/\/colegiolourdes.es\/index.php\/2023\/03\/pastel-de-paz\/\" \/>\n<meta property=\"og:locale\" content=\"es_ES\" \/>\n<meta property=\"og:type\" content=\"article\" \/>\n<meta property=\"og:title\" content=\"Pastel de Paz - Colegio Lourdes\" \/>\n<meta property=\"og:description\" content=\"La villana Maligna hab\u00eda robado los ingredientes del pastel de la paz a la superhero\u00edna Concordia\u2026 Despu\u00e9s de mucho buscar, los ni\u00f1os y ni\u00f1as de 4 a\u00f1os lograron encontrar los ingredientes.\" \/>\n<meta property=\"og:url\" content=\"https:\/\/colegiolourdes.es\/index.php\/2023\/03\/pastel-de-paz\/\" \/>\n<meta property=\"og:site_name\" content=\"Colegio Lourdes\" \/>\n<meta property=\"article:publisher\" content=\"https:\/\/www.facebook.com\/colegiolourdesva\" \/>\n<meta property=\"article:published_time\" content=\"2023-03-27T06:50:27+00:00\" \/>\n<meta property=\"article:modified_time\" content=\"2025-05-05T10:20:48+00:00\" \/>\n<meta property=\"og:image\" content=\"https:\/\/colegiolourdes.es\/wp-content\/uploads\/2023\/03\/Pastel-de-Paz.jpg\" \/>\n\t<meta property=\"og:image:width\" content=\"800\" \/>\n\t<meta property=\"og:image:height\" content=\"600\" \/>\n\t<meta property=\"og:image:type\" content=\"image\/jpeg\" \/>\n<meta name=\"author\" content=\"Santiago de Frutos\" \/>\n<meta name=\"twitter:card\" content=\"summary_large_image\" \/>\n<meta name=\"twitter:creator\" content=\"@ColeLourdesVa\" \/>\n<meta name=\"twitter:site\" content=\"@ColeLourdesVa\" \/>\n<meta name=\"twitter:label1\" content=\"Escrito por\" \/>\n\t<meta name=\"twitter:data1\" content=\"Santiago de Frutos\" \/>\n\t<meta name=\"twitter:label2\" content=\"Tiempo de lectura\" \/>\n\t<meta name=\"twitter:data2\" content=\"1 minuto\" \/>\n<script type=\"application\/ld+json\" class=\"yoast-schema-graph\">{\"@context\":\"https:\\\/\\\/schema.org\",\"@graph\":[{\"@type\":\"Article\",\"@id\":\"https:\\\/\\\/colegiolourdes.es\\\/index.php\\\/2023\\\/03\\\/pastel-de-paz\\\/#article\",\"isPartOf\":{\"@id\":\"https:\\\/\\\/colegiolourdes.es\\\/index.php\\\/2023\\\/03\\\/pastel-de-paz\\\/\"},\"author\":{\"name\":\"Santiago de Frutos\",\"@id\":\"https:\\\/\\\/colegiolourdes.es\\\/#\\\/schema\\\/person\\\/fc68a6813395da4c795f5103ba1f53b6\"},\"headline\":\"Pastel de Paz\",\"datePublished\":\"2023-03-27T06:50:27+00:00\",\"dateModified\":\"2025-05-05T10:20:48+00:00\",\"mainEntityOfPage\":{\"@id\":\"https:\\\/\\\/colegiolourdes.es\\\/index.php\\\/2023\\\/03\\\/pastel-de-paz\\\/\"},\"wordCount\":106,\"publisher\":{\"@id\":\"https:\\\/\\\/colegiolourdes.es\\\/#organization\"},\"image\":{\"@id\":\"https:\\\/\\\/colegiolourdes.es\\\/index.php\\\/2023\\\/03\\\/pastel-de-paz\\\/#primaryimage\"},\"thumbnailUrl\":\"https:\\\/\\\/colegiolourdes.es\\\/wp-content\\\/uploads\\\/2023\\\/03\\\/Pastel-de-Paz.jpg\",\"keywords\":[\"#juntosmejor\",\"#sentimientolourdes\",\"colegio lourdes\",\"Educaci\u00f3n\",\"Mira m\u00e1s all\u00e1\",\"Somos La Salle\"],\"articleSection\":[\"Curso 2022-23\",\"Infantil\",\"Noticias\"],\"inLanguage\":\"es\"},{\"@type\":\"WebPage\",\"@id\":\"https:\\\/\\\/colegiolourdes.es\\\/index.php\\\/2023\\\/03\\\/pastel-de-paz\\\/\",\"url\":\"https:\\\/\\\/colegiolourdes.es\\\/index.php\\\/2023\\\/03\\\/pastel-de-paz\\\/\",\"name\":\"Pastel de Paz - Colegio Lourdes\",\"isPartOf\":{\"@id\":\"https:\\\/\\\/colegiolourdes.es\\\/#website\"},\"primaryImageOfPage\":{\"@id\":\"https:\\\/\\\/colegiolourdes.es\\\/index.php\\\/2023\\\/03\\\/pastel-de-paz\\\/#primaryimage\"},\"image\":{\"@id\":\"https:\\\/\\\/colegiolourdes.es\\\/index.php\\\/2023\\\/03\\\/pastel-de-paz\\\/#primaryimage\"},\"thumbnailUrl\":\"https:\\\/\\\/colegiolourdes.es\\\/wp-content\\\/uploads\\\/2023\\\/03\\\/Pastel-de-Paz.jpg\",\"datePublished\":\"2023-03-27T06:50:27+00:00\",\"dateModified\":\"2025-05-05T10:20:48+00:00\",\"inLanguage\":\"es\",\"potentialAction\":[{\"@type\":\"ReadAction\",\"target\":[\"https:\\\/\\\/colegiolourdes.es\\\/index.php\\\/2023\\\/03\\\/pastel-de-paz\\\/\"]}]},{\"@type\":\"ImageObject\",\"inLanguage\":\"es\",\"@id\":\"https:\\\/\\\/colegiolourdes.es\\\/index.php\\\/2023\\\/03\\\/pastel-de-paz\\\/#primaryimage\",\"url\":\"https:\\\/\\\/colegiolourdes.es\\\/wp-content\\\/uploads\\\/2023\\\/03\\\/Pastel-de-Paz.jpg\",\"contentUrl\":\"https:\\\/\\\/colegiolourdes.es\\\/wp-content\\\/uploads\\\/2023\\\/03\\\/Pastel-de-Paz.jpg\",\"width\":800,\"height\":600,\"caption\":\"Pastel de Paz NCA 4 a\u00f1os Lourdes\"},{\"@type\":\"WebSite\",\"@id\":\"https:\\\/\\\/colegiolourdes.es\\\/#website\",\"url\":\"https:\\\/\\\/colegiolourdes.es\\\/\",\"name\":\"Colegio Lourdes\",\"description\":\"Web del Colegio Nuestra Se\u00f1ora de Lourdes de Valladolid.\",\"publisher\":{\"@id\":\"https:\\\/\\\/colegiolourdes.es\\\/#organization\"},\"alternateName\":\"Colegio Nuestra Se\u00f1ora de Lourdes\",\"potentialAction\":[{\"@type\":\"SearchAction\",\"target\":{\"@type\":\"EntryPoint\",\"urlTemplate\":\"https:\\\/\\\/colegiolourdes.es\\\/?s={search_term_string}\"},\"query-input\":{\"@type\":\"PropertyValueSpecification\",\"valueRequired\":true,\"valueName\":\"search_term_string\"}}],\"inLanguage\":\"es\"},{\"@type\":\"Organization\",\"@id\":\"https:\\\/\\\/colegiolourdes.es\\\/#organization\",\"name\":\"Colegio Nuestra Se\u00f1ora de Lourdes\",\"alternateName\":\"Colegio Lourdes Valladolid\",\"url\":\"https:\\\/\\\/colegiolourdes.es\\\/\",\"logo\":{\"@type\":\"ImageObject\",\"inLanguage\":\"es\",\"@id\":\"https:\\\/\\\/colegiolourdes.es\\\/#\\\/schema\\\/logo\\\/image\\\/\",\"url\":\"https:\\\/\\\/colegiolourdes.es\\\/wp-content\\\/uploads\\\/2021\\\/11\\\/cropped-Escudo.png\",\"contentUrl\":\"https:\\\/\\\/colegiolourdes.es\\\/wp-content\\\/uploads\\\/2021\\\/11\\\/cropped-Escudo.png\",\"width\":85,\"height\":105,\"caption\":\"Colegio Nuestra Se\u00f1ora de Lourdes\"},\"image\":{\"@id\":\"https:\\\/\\\/colegiolourdes.es\\\/#\\\/schema\\\/logo\\\/image\\\/\"},\"sameAs\":[\"https:\\\/\\\/www.facebook.com\\\/colegiolourdesva\",\"https:\\\/\\\/x.com\\\/ColeLourdesVa\",\"https:\\\/\\\/www.instagram.com\\\/colegio_lourdes_valladolid\\\/\"]},{\"@type\":\"Person\",\"@id\":\"https:\\\/\\\/colegiolourdes.es\\\/#\\\/schema\\\/person\\\/fc68a6813395da4c795f5103ba1f53b6\",\"name\":\"Santiago de Frutos\",\"image\":{\"@type\":\"ImageObject\",\"inLanguage\":\"es\",\"@id\":\"https:\\\/\\\/secure.gravatar.com\\\/avatar\\\/70dada565ce0dc4d7bf0c790be8d5ba31c607451b0e237d399ecb7f01c923a50?s=96&d=mm&r=g\",\"url\":\"https:\\\/\\\/secure.gravatar.com\\\/avatar\\\/70dada565ce0dc4d7bf0c790be8d5ba31c607451b0e237d399ecb7f01c923a50?s=96&d=mm&r=g\",\"contentUrl\":\"https:\\\/\\\/secure.gravatar.com\\\/avatar\\\/70dada565ce0dc4d7bf0c790be8d5ba31c607451b0e237d399ecb7f01c923a50?s=96&d=mm&r=g\",\"caption\":\"Santiago de Frutos\"},\"url\":\"https:\\\/\\\/colegiolourdes.es\\\/index.php\\\/author\\\/santiago\\\/\"}]}<\/script>\n<!-- \/ Yoast SEO plugin. -->","yoast_head_json":{"title":"Pastel de Paz - Colegio Lourdes","robots":{"index":"index","follow":"follow","max-snippet":"max-snippet:-1","max-image-preview":"max-image-preview:large","max-video-preview":"max-video-preview:-1"},"canonical":"https:\/\/colegiolourdes.es\/index.php\/2023\/03\/pastel-de-paz\/","og_locale":"es_ES","og_type":"article","og_title":"Pastel de Paz - Colegio Lourdes","og_description":"La villana Maligna hab\u00eda robado los ingredientes del pastel de la paz a la superhero\u00edna Concordia\u2026 Despu\u00e9s de mucho buscar, los ni\u00f1os y ni\u00f1as de 4 a\u00f1os lograron encontrar los ingredientes.","og_url":"https:\/\/colegiolourdes.es\/index.php\/2023\/03\/pastel-de-paz\/","og_site_name":"Colegio Lourdes","article_publisher":"https:\/\/www.facebook.com\/colegiolourdesva","article_published_time":"2023-03-27T06:50:27+00:00","article_modified_time":"2025-05-05T10:20:48+00:00","og_image":[{"width":800,"height":600,"url":"https:\/\/colegiolourdes.es\/wp-content\/uploads\/2023\/03\/Pastel-de-Paz.jpg","type":"image\/jpeg"}],"author":"Santiago de Frutos","twitter_card":"summary_large_image","twitter_creator":"@ColeLourdesVa","twitter_site":"@ColeLourdesVa","twitter_misc":{"Escrito por":"Santiago de Frutos","Tiempo de lectura":"1 minuto"},"schema":{"@context":"https:\/\/schema.org","@graph":[{"@type":"Article","@id":"https:\/\/colegiolourdes.es\/index.php\/2023\/03\/pastel-de-paz\/#article","isPartOf":{"@id":"https:\/\/colegiolourdes.es\/index.php\/2023\/03\/pastel-de-paz\/"},"author":{"name":"Santiago de Frutos","@id":"https:\/\/colegiolourdes.es\/#\/schema\/person\/fc68a6813395da4c795f5103ba1f53b6"},"headline":"Pastel de Paz","datePublished":"2023-03-27T06:50:27+00:00","dateModified":"2025-05-05T10:20:48+00:00","mainEntityOfPage":{"@id":"https:\/\/colegiolourdes.es\/index.php\/2023\/03\/pastel-de-paz\/"},"wordCount":106,"publisher":{"@id":"https:\/\/colegiolourdes.es\/#organization"},"image":{"@id":"https:\/\/colegiolourdes.es\/index.php\/2023\/03\/pastel-de-paz\/#primaryimage"},"thumbnailUrl":"https:\/\/colegiolourdes.es\/wp-content\/uploads\/2023\/03\/Pastel-de-Paz.jpg","keywords":["#juntosmejor","#sentimientolourdes","colegio lourdes","Educaci\u00f3n","Mira m\u00e1s all\u00e1","Somos La Salle"],"articleSection":["Curso 2022-23","Infantil","Noticias"],"inLanguage":"es"},{"@type":"WebPage","@id":"https:\/\/colegiolourdes.es\/index.php\/2023\/03\/pastel-de-paz\/","url":"https:\/\/colegiolourdes.es\/index.php\/2023\/03\/pastel-de-paz\/","name":"Pastel de Paz - Colegio Lourdes","isPartOf":{"@id":"https:\/\/colegiolourdes.es\/#website"},"primaryImageOfPage":{"@id":"https:\/\/colegiolourdes.es\/index.php\/2023\/03\/pastel-de-paz\/#primaryimage"},"image":{"@id":"https:\/\/colegiolourdes.es\/index.php\/2023\/03\/pastel-de-paz\/#primaryimage"},"thumbnailUrl":"https:\/\/colegiolourdes.es\/wp-content\/uploads\/2023\/03\/Pastel-de-Paz.jpg","datePublished":"2023-03-27T06:50:27+00:00","dateModified":"2025-05-05T10:20:48+00:00","inLanguage":"es","potentialAction":[{"@type":"ReadAction","target":["https:\/\/colegiolourdes.es\/index.php\/2023\/03\/pastel-de-paz\/"]}]},{"@type":"ImageObject","inLanguage":"es","@id":"https:\/\/colegiolourdes.es\/index.php\/2023\/03\/pastel-de-paz\/#primaryimage","url":"https:\/\/colegiolourdes.es\/wp-content\/uploads\/2023\/03\/Pastel-de-Paz.jpg","contentUrl":"https:\/\/colegiolourdes.es\/wp-content\/uploads\/2023\/03\/Pastel-de-Paz.jpg","width":800,"height":600,"caption":"Pastel de Paz NCA 4 a\u00f1os Lourdes"},{"@type":"WebSite","@id":"https:\/\/colegiolourdes.es\/#website","url":"https:\/\/colegiolourdes.es\/","name":"Colegio Lourdes","description":"Web del Colegio Nuestra Se\u00f1ora de Lourdes de Valladolid.","publisher":{"@id":"https:\/\/colegiolourdes.es\/#organization"},"alternateName":"Colegio Nuestra Se\u00f1ora de Lourdes","potentialAction":[{"@type":"SearchAction","target":{"@type":"EntryPoint","urlTemplate":"https:\/\/colegiolourdes.es\/?s={search_term_string}"},"query-input":{"@type":"PropertyValueSpecification","valueRequired":true,"valueName":"search_term_string"}}],"inLanguage":"es"},{"@type":"Organization","@id":"https:\/\/colegiolourdes.es\/#organization","name":"Colegio Nuestra Se\u00f1ora de Lourdes","alternateName":"Colegio Lourdes Valladolid","url":"https:\/\/colegiolourdes.es\/","logo":{"@type":"ImageObject","inLanguage":"es","@id":"https:\/\/colegiolourdes.es\/#\/schema\/logo\/image\/","url":"https:\/\/colegiolourdes.es\/wp-content\/uploads\/2021\/11\/cropped-Escudo.png","contentUrl":"https:\/\/colegiolourdes.es\/wp-content\/uploads\/2021\/11\/cropped-Escudo.png","width":85,"height":105,"caption":"Colegio Nuestra Se\u00f1ora de Lourdes"},"image":{"@id":"https:\/\/colegiolourdes.es\/#\/schema\/logo\/image\/"},"sameAs":["https:\/\/www.facebook.com\/colegiolourdesva","https:\/\/x.com\/ColeLourdesVa","https:\/\/www.instagram.com\/colegio_lourdes_valladolid\/"]},{"@type":"Person","@id":"https:\/\/colegiolourdes.es\/#\/schema\/person\/fc68a6813395da4c795f5103ba1f53b6","name":"Santiago de Frutos","image":{"@type":"ImageObject","inLanguage":"es","@id":"https:\/\/secure.gravatar.com\/avatar\/70dada565ce0dc4d7bf0c790be8d5ba31c607451b0e237d399ecb7f01c923a50?s=96&d=mm&r=g","url":"https:\/\/secure.gravatar.com\/avatar\/70dada565ce0dc4d7bf0c790be8d5ba31c607451b0e237d399ecb7f01c923a50?s=96&d=mm&r=g","contentUrl":"https:\/\/secure.gravatar.com\/avatar\/70dada565ce0dc4d7bf0c790be8d5ba31c607451b0e237d399ecb7f01c923a50?s=96&d=mm&r=g","caption":"Santiago de Frutos"},"url":"https:\/\/colegiolourdes.es\/index.php\/author\/santiago\/"}]}},"_links":{"self":[{"href":"https:\/\/colegiolourdes.es\/index.php\/wp-json\/wp\/v2\/posts\/56749","targetHints":{"allow":["GET"]}}],"collection":[{"href":"https:\/\/colegiolourdes.es\/index.php\/wp-json\/wp\/v2\/posts"}],"about":[{"href":"https:\/\/colegiolourdes.es\/index.php\/wp-json\/wp\/v2\/types\/post"}],"author":[{"embeddable":true,"href":"https:\/\/colegiolourdes.es\/index.php\/wp-json\/wp\/v2\/users\/5"}],"replies":[{"embeddable":true,"href":"https:\/\/colegiolourdes.es\/index.php\/wp-json\/wp\/v2\/comments?post=56749"}],"version-history":[{"count":7,"href":"https:\/\/colegiolourdes.es\/index.php\/wp-json\/wp\/v2\/posts\/56749\/revisions"}],"predecessor-version":[{"id":56779,"href":"https:\/\/colegiolourdes.es\/index.php\/wp-json\/wp\/v2\/posts\/56749\/revisions\/56779"}],"wp:featuredmedia":[{"embeddable":true,"href":"https:\/\/colegiolourdes.es\/index.php\/wp-json\/wp\/v2\/media\/56751"}],"wp:attachment":[{"href":"https:\/\/colegiolourdes.es\/index.php\/wp-json\/wp\/v2\/media?parent=56749"}],"wp:term":[{"taxonomy":"category","embeddable":true,"href":"https:\/\/colegiolourdes.es\/index.php\/wp-json\/wp\/v2\/categories?post=56749"},{"taxonomy":"post_tag","embeddable":true,"href":"https:\/\/colegiolourdes.es\/index.php\/wp-json\/wp\/v2\/tags?post=56749"}],"curies":[{"name":"wp","href":"https:\/\/api.w.org\/{rel}","templated":true}]}}