{"id":66085,"date":"2023-12-26T13:51:12","date_gmt":"2023-12-26T12:51:12","guid":{"rendered":"https:\/\/colegiolourdes.es\/?p=66085"},"modified":"2025-05-05T12:31:28","modified_gmt":"2025-05-05T10:31:28","slug":"reyes-magos","status":"publish","type":"post","link":"https:\/\/colegiolourdes.es\/index.php\/2023\/12\/reyes-magos\/","title":{"rendered":"Reyes Magos"},"content":{"rendered":"<div class=\"brz-root__container brz-reset-all brz brz-root__container-page\">\n<section id=\"_cunuwnmrpdohnmpgxnfxupywzbrwlsanfykk\" class=\"brz-section brz-css-3r0tby\">\n<div class=\"brz-section__content brz-section--boxed brz-css-126f97s brz-css-17ozvb0\" data-brz-custom-id=\"scdcklwupwwfpedvajhrycojluciefhiicge\">\n<div class=\"brz-container brz-css-120a05r\">\n<div class=\"brz-row__container brz-css-29wr3v\" data-brz-custom-id=\"embxvubmivzswozcqmydjebpgmzvgavprjlv\">\n<div class=\"brz-bg\"><\/div>\n<div class=\"brz-row brz-css-e1r92g\">\n<div class=\"brz-columns brz-css-7kaatv brz-css-1awkqtq\" data-brz-custom-id=\"nnffhdybjhxuiueehupygowpjboeqvmxahbl\">\n<div class=\"brz-bg\"><\/div>\n<div class=\"brz-column__items brz-css-wqaaeh brz-css-t1ecl8\">\n<div id=\"\" class=\"brz-css-1fveusq brz-css-6tyq96 brz-wrapper\">\n<div class=\"brz-rich-text brz-rich-text__custom brz-css-sabl1g\" data-brz-custom-id=\"wbqlnnnwklkddbyijcfnzsqzpuzoommgaxqd\">\n<div data-brz-translate-text=\"1\">\n<p class=\"brz-tp-lg-empty brz-lh-lg-1 brz-ls-lg-m_1_5 brz-fw-lg-400 brz-fss-lg-px brz-fs-lg-70 brz-ft-google brz-ff-montserrat brz-fs-xs-60 brz-text-xs-left brz-text-lg-right brz-fs-sm-50 brz-css-jU1jm\" data-uniq-id=\"keh5u\" data-generated-css=\"brz-css-seXO3\">Dic<\/p>\n<p class=\"brz-fs-lg-70 brz-ft-google brz-ff-montserrat brz-fs-xs-60 brz-text-xs-left brz-text-lg-right brz-fs-sm-50 brz-fss-lg-px brz-fw-lg-400 brz-ls-lg-m_1_5 brz-lh-lg-1 brz-tp-lg-empty brz-css-bbQHA\" data-uniq-id=\"bzhGK\" data-generated-css=\"brz-css-iCAsE\"><span class=\"brz-cp-color1\">2023<\/span><\/p>\n<\/div>\n<\/div>\n<\/div>\n<div id=\"\" class=\"brz-css-1fveusq brz-css-1gpim73 brz-wrapper\">\n<div class=\"brz-line brz-line-default brz-css-z87758 brz-css-1g6n150\" data-brz-custom-id=\"ezhgiygxkslygnenaroyzqlutvnkdpzabzik\">\n<hr class=\"brz-hr\"><\/div>\n<\/div>\n<div id=\"\" class=\"brz-css-1fveusq brz-css-pqv5bs brz-wrapper\">\n<div class=\"brz-rich-text brz-rich-text__custom brz-css-sabl1g\" data-brz-custom-id=\"lkvlbzbhpesmfuocywyyjomxpyrcibldgukc\">\n<div data-brz-translate-text=\"1\">\n<p class=\"brz-text-lg-right brz-tp-lg-button brz-text-xs-left brz-css-s11th\" data-generated-css=\"brz-css-jTVsc\" data-uniq-id=\"eQiMQ\">INFANTIL<\/p>\n<\/div>\n<\/div>\n<\/div>\n<\/div>\n<\/div>\n<div class=\"brz-columns brz-css-7kaatv brz-css-9q9tjf\" data-brz-custom-id=\"rmgzbebfbgblgbzwbzyqlbybcivekprvafxi\">\n<div class=\"brz-bg\"><\/div>\n<div class=\"brz-column__items brz-css-wqaaeh brz-css-6zw8ef\">\n<div id=\"\" class=\"brz-css-1fveusq brz-css-1awfot6 brz-wrapper\">\n<div class=\"brz-rich-text brz-rich-text__custom brz-css-sabl1g\" data-brz-custom-id=\"mpryxqttznpabjhlttawbhonmiulgrxvjtta\">\n<div data-brz-translate-text=\"1\">\n<h1 class=\"brz-tp-lg-heading1 brz-css-zNKoH\" data-generated-css=\"brz-css-tF3Cv\" data-uniq-id=\"hxAZo\"><strong>Reyes Magos<\/strong><\/h1>\n<\/div>\n<\/div>\n<\/div>\n<div id=\"\" class=\"brz-css-1fveusq brz-css-loa1dc brz-css-1ftbvmx brz-wrapper\">\n<div class=\"brz-spacer brz-css-18r9hnr brz-css-670zkd\"><\/div>\n<\/div>\n<div class=\"brz-row__container brz-css-29wr3v\" data-brz-custom-id=\"tklbfvoaqfawwtxfjqqdhhkeedskmddkulos\">\n<div class=\"brz-bg\"><\/div>\n<div class=\"brz-row brz-row--inner brz-css-e1r92g brz-css-3kgul1\">\n<div class=\"brz-columns brz-css-7kaatv brz-css-1yluyrq\" data-brz-custom-id=\"jpgqihxijnleokgdkgfflrsthkbwkgehospo\">\n<div class=\"brz-bg\"><\/div>\n<div class=\"brz-column__items brz-css-wqaaeh\">\n<div id=\"\" class=\"brz-css-1fveusq brz-wrapper\">\n<div class=\"brz-image brz-css-czcbsn\" data-brz-custom-id=\"wvdwnppntmqldrehrjwoochzhfeqsfihxzqt\"><img decoding=\"async\" class=\"brz-img\" src=\"https:\/\/colegiolourdes.es\/wp-content\/uploads\/brizy\/imgs\/Reyes-MAgos-2023-790x592x0x77x790x515x1703595149.jpg\" alt=\"\" loading=\"lazy\"><\/div>\n<\/div>\n<\/div>\n<\/div>\n<\/div>\n<\/div>\n<div class=\"brz-row__container brz-css-29wr3v\" data-brz-custom-id=\"adigaggkyfbxhxzymyuvovbhytfhphlqqnlr\">\n<div class=\"brz-bg\"><\/div>\n<div class=\"brz-row brz-row--inner brz-css-e1r92g brz-css-3kgul1\">\n<div class=\"brz-columns brz-css-7kaatv brz-css-124evx9\" data-brz-custom-id=\"kxqblafysstbyrosrwmxnjmvccawddeseday\">\n<div class=\"brz-bg\"><\/div>\n<div class=\"brz-column__items brz-css-wqaaeh\">\n<div id=\"\" class=\"brz-css-1fveusq brz-css-1m3y4lw brz-wrapper\">\n<div class=\"brz-rich-text brz-rich-text__custom brz-css-sabl1g\" data-brz-custom-id=\"ebnegbuvkngbkjdfojaqckgckjanhriztuoj\">\n<div data-brz-translate-text=\"1\">\n<p class=\"brz-lh-lg-1_9 brz-ls-lg-0 brz-fw-lg-400 brz-fss-lg-px brz-fs-lg-16 brz-ft-upload brz-ff-wzboxjsqgqhchaabqhhwkjnsysfnjiaknuki brz-tp-lg-paragraph brz-text-lg-justify brz-css-wbXgg\" data-uniq-id=\"f1GP7\" data-generated-css=\"brz-css-xiiJP\"><span class=\"brz-cp-color2\">\u00a1Y llegaron! Y les recibimos con tanta ilusi\u00f3n que algunos de los peque\u00f1os lloraron al verlos (de alegr\u00eda, no de tristeza). Recogieron las cartas, se hicieron fotos con todos, cantaron los villancicos con los que les deleitaron. Y adem\u00e1s, como son tan magos dedicaron algunas palabritas para algunos ni\u00f1os sobre lo buenos que eran aunque los menos bajaban la cabeza por si les dec\u00edan algo que no era exactamente eso. Tambi\u00e9n dieron consejos para los ni\u00f1os que todav\u00eda siguen durmiendo con sus pap\u00e1s y otras muchas cosas que ellos ve\u00edan en Oriente. Ahora esperaremos expectantes la noche de Reyes a ver si hay suerte y&nbsp;traen alg\u00fan regalito de los que pidieron en la carta. <\/span><\/p>\n<p class=\"brz-lh-lg-1_9 brz-ls-lg-0 brz-fw-lg-400 brz-fss-lg-px brz-fs-lg-16 brz-ft-upload brz-ff-wzboxjsqgqhchaabqhhwkjnsysfnjiaknuki brz-tp-lg-paragraph brz-text-lg-justify brz-css-j3FaI\" data-uniq-id=\"f1GP7\" data-generated-css=\"brz-css-xiiJP\"><span class=\"brz-cp-color2\">\u00a1Felices fiestas a todos!<\/span><\/p>\n<p class=\"brz-lh-lg-1_9 brz-ls-lg-0 brz-fw-lg-400 brz-fss-lg-px brz-fs-lg-16 brz-ft-upload brz-ff-wzboxjsqgqhchaabqhhwkjnsysfnjiaknuki brz-tp-lg-paragraph brz-text-lg-justify brz-css-uHpdD\" data-uniq-id=\"ngV_C\" data-generated-css=\"brz-css-by_ok\"><span class=\"brz-cp-color2\"> <\/span><\/p>\n<p class=\"brz-lh-lg-1_9 brz-ls-lg-0 brz-fw-lg-400 brz-fss-lg-px brz-fs-lg-16 brz-ft-upload brz-ff-wzboxjsqgqhchaabqhhwkjnsysfnjiaknuki brz-tp-lg-paragraph brz-text-lg-right brz-css-g1h1G\" data-uniq-id=\"fsu9D\" data-generated-css=\"brz-css-p7UJD\"><a class=\"link--external brz-cp-color2\" href=\"https:\/\/lasallelourdes.sallenet.org\/mod\/url\/view.php?id=142254&amp;forceview=1\" data-brz-link-type=\"external\" target=\"_blank\">Ver galer\u00eda de im\u00e1genes <\/a><\/p>\n<\/div>\n<\/div>\n<\/div>\n<\/div>\n<\/div>\n<\/div>\n<\/div>\n<\/div>\n<\/div>\n<\/div>\n<\/div>\n<\/div>\n<\/div>\n<\/section>\n<\/div>\n<p>    <!-- version:1737000525 --><\/p>\n","protected":false},"excerpt":{"rendered":"<p>\u00a1Y llegaron! Y les recibimos con tanta ilusi\u00f3n que algunos de los peque\u00f1os lloraron al verlos (de alegr\u00eda, no de tristeza).<\/p>\n","protected":false},"author":5,"featured_media":66088,"comment_status":"closed","ping_status":"closed","sticky":false,"template":"brizy-blank-template.php","format":"standard","meta":{"footnotes":""},"categories":[83,4,3],"tags":[84,78,42,15,36,17,18],"class_list":["post-66085","post","type-post","status-publish","format-standard","has-post-thumbnail","hentry","category-curso-2023-24","category-infantil","category-noticias","tag-gracias","tag-juntosmejor","tag-sentimientolourdes","tag-colegio-lourdes","tag-educacion","tag-mira-mas-alla","tag-somos-la-salle","entry"],"yoast_head":"<!-- This site is optimized with the Yoast SEO plugin v27.5 - https:\/\/yoast.com\/product\/yoast-seo-wordpress\/ -->\n<title>Reyes Magos - Colegio Lourdes<\/title>\n<meta name=\"robots\" content=\"index, follow, max-snippet:-1, max-image-preview:large, max-video-preview:-1\" \/>\n<link rel=\"canonical\" href=\"https:\/\/colegiolourdes.es\/index.php\/2023\/12\/reyes-magos\/\" \/>\n<meta property=\"og:locale\" content=\"es_ES\" \/>\n<meta property=\"og:type\" content=\"article\" \/>\n<meta property=\"og:title\" content=\"Reyes Magos - Colegio Lourdes\" \/>\n<meta property=\"og:description\" content=\"\u00a1Y llegaron! Y les recibimos con tanta ilusi\u00f3n que algunos de los peque\u00f1os lloraron al verlos (de alegr\u00eda, no de tristeza).\" \/>\n<meta property=\"og:url\" content=\"https:\/\/colegiolourdes.es\/index.php\/2023\/12\/reyes-magos\/\" \/>\n<meta property=\"og:site_name\" content=\"Colegio Lourdes\" \/>\n<meta property=\"article:publisher\" content=\"https:\/\/www.facebook.com\/colegiolourdesva\" \/>\n<meta property=\"article:published_time\" content=\"2023-12-26T12:51:12+00:00\" \/>\n<meta property=\"article:modified_time\" content=\"2025-05-05T10:31:28+00:00\" \/>\n<meta property=\"og:image\" content=\"https:\/\/colegiolourdes.es\/wp-content\/uploads\/2023\/12\/Reyes-MAgos-2023.jpg\" \/>\n\t<meta property=\"og:image:width\" content=\"800\" \/>\n\t<meta property=\"og:image:height\" content=\"600\" \/>\n\t<meta property=\"og:image:type\" content=\"image\/jpeg\" \/>\n<meta name=\"author\" content=\"Santiago de Frutos\" \/>\n<meta name=\"twitter:card\" content=\"summary_large_image\" \/>\n<meta name=\"twitter:creator\" content=\"@ColeLourdesVa\" \/>\n<meta name=\"twitter:site\" content=\"@ColeLourdesVa\" \/>\n<meta name=\"twitter:label1\" content=\"Escrito por\" \/>\n\t<meta name=\"twitter:data1\" content=\"Santiago de Frutos\" \/>\n\t<meta name=\"twitter:label2\" content=\"Tiempo de lectura\" \/>\n\t<meta name=\"twitter:data2\" content=\"2 minutos\" \/>\n<script type=\"application\/ld+json\" class=\"yoast-schema-graph\">{\"@context\":\"https:\\\/\\\/schema.org\",\"@graph\":[{\"@type\":\"Article\",\"@id\":\"https:\\\/\\\/colegiolourdes.es\\\/index.php\\\/2023\\\/12\\\/reyes-magos\\\/#article\",\"isPartOf\":{\"@id\":\"https:\\\/\\\/colegiolourdes.es\\\/index.php\\\/2023\\\/12\\\/reyes-magos\\\/\"},\"author\":{\"name\":\"Santiago de Frutos\",\"@id\":\"https:\\\/\\\/colegiolourdes.es\\\/#\\\/schema\\\/person\\\/cd04676edc59cac8a30f15eb98eb4908\"},\"headline\":\"Reyes Magos\",\"datePublished\":\"2023-12-26T12:51:12+00:00\",\"dateModified\":\"2025-05-05T10:31:28+00:00\",\"mainEntityOfPage\":{\"@id\":\"https:\\\/\\\/colegiolourdes.es\\\/index.php\\\/2023\\\/12\\\/reyes-magos\\\/\"},\"wordCount\":144,\"publisher\":{\"@id\":\"https:\\\/\\\/colegiolourdes.es\\\/#organization\"},\"image\":{\"@id\":\"https:\\\/\\\/colegiolourdes.es\\\/index.php\\\/2023\\\/12\\\/reyes-magos\\\/#primaryimage\"},\"thumbnailUrl\":\"https:\\\/\\\/colegiolourdes.es\\\/wp-content\\\/uploads\\\/2023\\\/12\\\/Reyes-MAgos-2023.jpg\",\"keywords\":[\"#Gracias\",\"#juntosmejor\",\"#sentimientolourdes\",\"colegio lourdes\",\"Educaci\u00f3n\",\"Mira m\u00e1s all\u00e1\",\"Somos La Salle\"],\"articleSection\":[\"Curso 2023-24\",\"Infantil\",\"Noticias\"],\"inLanguage\":\"es\"},{\"@type\":\"WebPage\",\"@id\":\"https:\\\/\\\/colegiolourdes.es\\\/index.php\\\/2023\\\/12\\\/reyes-magos\\\/\",\"url\":\"https:\\\/\\\/colegiolourdes.es\\\/index.php\\\/2023\\\/12\\\/reyes-magos\\\/\",\"name\":\"Reyes Magos - Colegio Lourdes\",\"isPartOf\":{\"@id\":\"https:\\\/\\\/colegiolourdes.es\\\/#website\"},\"primaryImageOfPage\":{\"@id\":\"https:\\\/\\\/colegiolourdes.es\\\/index.php\\\/2023\\\/12\\\/reyes-magos\\\/#primaryimage\"},\"image\":{\"@id\":\"https:\\\/\\\/colegiolourdes.es\\\/index.php\\\/2023\\\/12\\\/reyes-magos\\\/#primaryimage\"},\"thumbnailUrl\":\"https:\\\/\\\/colegiolourdes.es\\\/wp-content\\\/uploads\\\/2023\\\/12\\\/Reyes-MAgos-2023.jpg\",\"datePublished\":\"2023-12-26T12:51:12+00:00\",\"dateModified\":\"2025-05-05T10:31:28+00:00\",\"inLanguage\":\"es\",\"potentialAction\":[{\"@type\":\"ReadAction\",\"target\":[\"https:\\\/\\\/colegiolourdes.es\\\/index.php\\\/2023\\\/12\\\/reyes-magos\\\/\"]}]},{\"@type\":\"ImageObject\",\"inLanguage\":\"es\",\"@id\":\"https:\\\/\\\/colegiolourdes.es\\\/index.php\\\/2023\\\/12\\\/reyes-magos\\\/#primaryimage\",\"url\":\"https:\\\/\\\/colegiolourdes.es\\\/wp-content\\\/uploads\\\/2023\\\/12\\\/Reyes-MAgos-2023.jpg\",\"contentUrl\":\"https:\\\/\\\/colegiolourdes.es\\\/wp-content\\\/uploads\\\/2023\\\/12\\\/Reyes-MAgos-2023.jpg\",\"width\":800,\"height\":600,\"caption\":\"Reyes Magos 2023\"},{\"@type\":\"WebSite\",\"@id\":\"https:\\\/\\\/colegiolourdes.es\\\/#website\",\"url\":\"https:\\\/\\\/colegiolourdes.es\\\/\",\"name\":\"Colegio Lourdes\",\"description\":\"Web del Colegio Nuestra Se\u00f1ora de Lourdes de Valladolid.\",\"publisher\":{\"@id\":\"https:\\\/\\\/colegiolourdes.es\\\/#organization\"},\"alternateName\":\"Colegio Nuestra Se\u00f1ora de Lourdes\",\"potentialAction\":[{\"@type\":\"SearchAction\",\"target\":{\"@type\":\"EntryPoint\",\"urlTemplate\":\"https:\\\/\\\/colegiolourdes.es\\\/?s={search_term_string}\"},\"query-input\":{\"@type\":\"PropertyValueSpecification\",\"valueRequired\":true,\"valueName\":\"search_term_string\"}}],\"inLanguage\":\"es\"},{\"@type\":\"Organization\",\"@id\":\"https:\\\/\\\/colegiolourdes.es\\\/#organization\",\"name\":\"Colegio Nuestra Se\u00f1ora de Lourdes\",\"alternateName\":\"Colegio Lourdes Valladolid\",\"url\":\"https:\\\/\\\/colegiolourdes.es\\\/\",\"logo\":{\"@type\":\"ImageObject\",\"inLanguage\":\"es\",\"@id\":\"https:\\\/\\\/colegiolourdes.es\\\/#\\\/schema\\\/logo\\\/image\\\/\",\"url\":\"https:\\\/\\\/colegiolourdes.es\\\/wp-content\\\/uploads\\\/2021\\\/11\\\/cropped-Escudo.png\",\"contentUrl\":\"https:\\\/\\\/colegiolourdes.es\\\/wp-content\\\/uploads\\\/2021\\\/11\\\/cropped-Escudo.png\",\"width\":85,\"height\":105,\"caption\":\"Colegio Nuestra Se\u00f1ora de Lourdes\"},\"image\":{\"@id\":\"https:\\\/\\\/colegiolourdes.es\\\/#\\\/schema\\\/logo\\\/image\\\/\"},\"sameAs\":[\"https:\\\/\\\/www.facebook.com\\\/colegiolourdesva\",\"https:\\\/\\\/x.com\\\/ColeLourdesVa\",\"https:\\\/\\\/www.instagram.com\\\/colegio_lourdes_valladolid\\\/\"]},{\"@type\":\"Person\",\"@id\":\"https:\\\/\\\/colegiolourdes.es\\\/#\\\/schema\\\/person\\\/cd04676edc59cac8a30f15eb98eb4908\",\"name\":\"Santiago de Frutos\",\"image\":{\"@type\":\"ImageObject\",\"inLanguage\":\"es\",\"@id\":\"https:\\\/\\\/secure.gravatar.com\\\/avatar\\\/70dada565ce0dc4d7bf0c790be8d5ba31c607451b0e237d399ecb7f01c923a50?s=96&d=mm&r=g\",\"url\":\"https:\\\/\\\/secure.gravatar.com\\\/avatar\\\/70dada565ce0dc4d7bf0c790be8d5ba31c607451b0e237d399ecb7f01c923a50?s=96&d=mm&r=g\",\"contentUrl\":\"https:\\\/\\\/secure.gravatar.com\\\/avatar\\\/70dada565ce0dc4d7bf0c790be8d5ba31c607451b0e237d399ecb7f01c923a50?s=96&d=mm&r=g\",\"caption\":\"Santiago de Frutos\"},\"url\":\"https:\\\/\\\/colegiolourdes.es\\\/index.php\\\/author\\\/santiago\\\/\"}]}<\/script>\n<!-- \/ Yoast SEO plugin. -->","yoast_head_json":{"title":"Reyes Magos - Colegio Lourdes","robots":{"index":"index","follow":"follow","max-snippet":"max-snippet:-1","max-image-preview":"max-image-preview:large","max-video-preview":"max-video-preview:-1"},"canonical":"https:\/\/colegiolourdes.es\/index.php\/2023\/12\/reyes-magos\/","og_locale":"es_ES","og_type":"article","og_title":"Reyes Magos - Colegio Lourdes","og_description":"\u00a1Y llegaron! Y les recibimos con tanta ilusi\u00f3n que algunos de los peque\u00f1os lloraron al verlos (de alegr\u00eda, no de tristeza).","og_url":"https:\/\/colegiolourdes.es\/index.php\/2023\/12\/reyes-magos\/","og_site_name":"Colegio Lourdes","article_publisher":"https:\/\/www.facebook.com\/colegiolourdesva","article_published_time":"2023-12-26T12:51:12+00:00","article_modified_time":"2025-05-05T10:31:28+00:00","og_image":[{"width":800,"height":600,"url":"https:\/\/colegiolourdes.es\/wp-content\/uploads\/2023\/12\/Reyes-MAgos-2023.jpg","type":"image\/jpeg"}],"author":"Santiago de Frutos","twitter_card":"summary_large_image","twitter_creator":"@ColeLourdesVa","twitter_site":"@ColeLourdesVa","twitter_misc":{"Escrito por":"Santiago de Frutos","Tiempo de lectura":"2 minutos"},"schema":{"@context":"https:\/\/schema.org","@graph":[{"@type":"Article","@id":"https:\/\/colegiolourdes.es\/index.php\/2023\/12\/reyes-magos\/#article","isPartOf":{"@id":"https:\/\/colegiolourdes.es\/index.php\/2023\/12\/reyes-magos\/"},"author":{"name":"Santiago de Frutos","@id":"https:\/\/colegiolourdes.es\/#\/schema\/person\/cd04676edc59cac8a30f15eb98eb4908"},"headline":"Reyes Magos","datePublished":"2023-12-26T12:51:12+00:00","dateModified":"2025-05-05T10:31:28+00:00","mainEntityOfPage":{"@id":"https:\/\/colegiolourdes.es\/index.php\/2023\/12\/reyes-magos\/"},"wordCount":144,"publisher":{"@id":"https:\/\/colegiolourdes.es\/#organization"},"image":{"@id":"https:\/\/colegiolourdes.es\/index.php\/2023\/12\/reyes-magos\/#primaryimage"},"thumbnailUrl":"https:\/\/colegiolourdes.es\/wp-content\/uploads\/2023\/12\/Reyes-MAgos-2023.jpg","keywords":["#Gracias","#juntosmejor","#sentimientolourdes","colegio lourdes","Educaci\u00f3n","Mira m\u00e1s all\u00e1","Somos La Salle"],"articleSection":["Curso 2023-24","Infantil","Noticias"],"inLanguage":"es"},{"@type":"WebPage","@id":"https:\/\/colegiolourdes.es\/index.php\/2023\/12\/reyes-magos\/","url":"https:\/\/colegiolourdes.es\/index.php\/2023\/12\/reyes-magos\/","name":"Reyes Magos - Colegio Lourdes","isPartOf":{"@id":"https:\/\/colegiolourdes.es\/#website"},"primaryImageOfPage":{"@id":"https:\/\/colegiolourdes.es\/index.php\/2023\/12\/reyes-magos\/#primaryimage"},"image":{"@id":"https:\/\/colegiolourdes.es\/index.php\/2023\/12\/reyes-magos\/#primaryimage"},"thumbnailUrl":"https:\/\/colegiolourdes.es\/wp-content\/uploads\/2023\/12\/Reyes-MAgos-2023.jpg","datePublished":"2023-12-26T12:51:12+00:00","dateModified":"2025-05-05T10:31:28+00:00","inLanguage":"es","potentialAction":[{"@type":"ReadAction","target":["https:\/\/colegiolourdes.es\/index.php\/2023\/12\/reyes-magos\/"]}]},{"@type":"ImageObject","inLanguage":"es","@id":"https:\/\/colegiolourdes.es\/index.php\/2023\/12\/reyes-magos\/#primaryimage","url":"https:\/\/colegiolourdes.es\/wp-content\/uploads\/2023\/12\/Reyes-MAgos-2023.jpg","contentUrl":"https:\/\/colegiolourdes.es\/wp-content\/uploads\/2023\/12\/Reyes-MAgos-2023.jpg","width":800,"height":600,"caption":"Reyes Magos 2023"},{"@type":"WebSite","@id":"https:\/\/colegiolourdes.es\/#website","url":"https:\/\/colegiolourdes.es\/","name":"Colegio Lourdes","description":"Web del Colegio Nuestra Se\u00f1ora de Lourdes de Valladolid.","publisher":{"@id":"https:\/\/colegiolourdes.es\/#organization"},"alternateName":"Colegio Nuestra Se\u00f1ora de Lourdes","potentialAction":[{"@type":"SearchAction","target":{"@type":"EntryPoint","urlTemplate":"https:\/\/colegiolourdes.es\/?s={search_term_string}"},"query-input":{"@type":"PropertyValueSpecification","valueRequired":true,"valueName":"search_term_string"}}],"inLanguage":"es"},{"@type":"Organization","@id":"https:\/\/colegiolourdes.es\/#organization","name":"Colegio Nuestra Se\u00f1ora de Lourdes","alternateName":"Colegio Lourdes Valladolid","url":"https:\/\/colegiolourdes.es\/","logo":{"@type":"ImageObject","inLanguage":"es","@id":"https:\/\/colegiolourdes.es\/#\/schema\/logo\/image\/","url":"https:\/\/colegiolourdes.es\/wp-content\/uploads\/2021\/11\/cropped-Escudo.png","contentUrl":"https:\/\/colegiolourdes.es\/wp-content\/uploads\/2021\/11\/cropped-Escudo.png","width":85,"height":105,"caption":"Colegio Nuestra Se\u00f1ora de Lourdes"},"image":{"@id":"https:\/\/colegiolourdes.es\/#\/schema\/logo\/image\/"},"sameAs":["https:\/\/www.facebook.com\/colegiolourdesva","https:\/\/x.com\/ColeLourdesVa","https:\/\/www.instagram.com\/colegio_lourdes_valladolid\/"]},{"@type":"Person","@id":"https:\/\/colegiolourdes.es\/#\/schema\/person\/cd04676edc59cac8a30f15eb98eb4908","name":"Santiago de Frutos","image":{"@type":"ImageObject","inLanguage":"es","@id":"https:\/\/secure.gravatar.com\/avatar\/70dada565ce0dc4d7bf0c790be8d5ba31c607451b0e237d399ecb7f01c923a50?s=96&d=mm&r=g","url":"https:\/\/secure.gravatar.com\/avatar\/70dada565ce0dc4d7bf0c790be8d5ba31c607451b0e237d399ecb7f01c923a50?s=96&d=mm&r=g","contentUrl":"https:\/\/secure.gravatar.com\/avatar\/70dada565ce0dc4d7bf0c790be8d5ba31c607451b0e237d399ecb7f01c923a50?s=96&d=mm&r=g","caption":"Santiago de Frutos"},"url":"https:\/\/colegiolourdes.es\/index.php\/author\/santiago\/"}]}},"_links":{"self":[{"href":"https:\/\/colegiolourdes.es\/index.php\/wp-json\/wp\/v2\/posts\/66085","targetHints":{"allow":["GET"]}}],"collection":[{"href":"https:\/\/colegiolourdes.es\/index.php\/wp-json\/wp\/v2\/posts"}],"about":[{"href":"https:\/\/colegiolourdes.es\/index.php\/wp-json\/wp\/v2\/types\/post"}],"author":[{"embeddable":true,"href":"https:\/\/colegiolourdes.es\/index.php\/wp-json\/wp\/v2\/users\/5"}],"replies":[{"embeddable":true,"href":"https:\/\/colegiolourdes.es\/index.php\/wp-json\/wp\/v2\/comments?post=66085"}],"version-history":[{"count":5,"href":"https:\/\/colegiolourdes.es\/index.php\/wp-json\/wp\/v2\/posts\/66085\/revisions"}],"predecessor-version":[{"id":66114,"href":"https:\/\/colegiolourdes.es\/index.php\/wp-json\/wp\/v2\/posts\/66085\/revisions\/66114"}],"wp:featuredmedia":[{"embeddable":true,"href":"https:\/\/colegiolourdes.es\/index.php\/wp-json\/wp\/v2\/media\/66088"}],"wp:attachment":[{"href":"https:\/\/colegiolourdes.es\/index.php\/wp-json\/wp\/v2\/media?parent=66085"}],"wp:term":[{"taxonomy":"category","embeddable":true,"href":"https:\/\/colegiolourdes.es\/index.php\/wp-json\/wp\/v2\/categories?post=66085"},{"taxonomy":"post_tag","embeddable":true,"href":"https:\/\/colegiolourdes.es\/index.php\/wp-json\/wp\/v2\/tags?post=66085"}],"curies":[{"name":"wp","href":"https:\/\/api.w.org\/{rel}","templated":true}]}}