{"id":7297,"date":"2021-06-04T15:13:47","date_gmt":"2021-06-04T15:13:47","guid":{"rendered":"http:\/\/colegiolourdes.es\/?p=7297"},"modified":"2025-05-05T11:46:11","modified_gmt":"2025-05-05T09:46:11","slug":"baremacion-definitiva-2021-22","status":"publish","type":"post","link":"https:\/\/colegiolourdes.es\/index.php\/2021\/06\/baremacion-definitiva-2021-22\/","title":{"rendered":"Baremaci\u00f3n definitiva  2021-22"},"content":{"rendered":"<div class=\"brz-root__container brz-reset-all brz brz-root__container-page\">\n<section id=\"_rzsvrirlzjfrtodwkjtexrnpsmyqxfvrurqk\" class=\"brz-section brz-css-16iiwql brz-css-1jgnv0c\">\n<div class=\"brz-section__content brz-section--fullWidth brz-css-82620r brz-css-13ioevb\" data-brz-custom-id=\"cttyosrakvihbwkvfiaoqglcdaexgixoxlpf\">\n<div class=\"brz-bg\">\n<div class=\"brz-bg-image\"><\/div>\n<\/div>\n<div class=\"brz-container brz-css-1pm62oh brz-css-16d5ncg\"><\/div>\n<\/div>\n<\/section>\n<section id=\"_sxqbxukzemvnnlpmoxgjirknaifhjrhywtxs\" class=\"brz-section brz-css-16iiwql\">\n<div class=\"brz-section__content brz-section--fullWidth brz-css-82620r brz-css-1kg4cbw\" data-brz-custom-id=\"vozannqnczxmuimzlcwcpdhthtbiytnnouvh\">\n<div class=\"brz-bg\">\n<div class=\"brz-bg-color\"><\/div>\n<\/div>\n<div class=\"brz-container brz-css-1pm62oh brz-css-1ayp29m\">\n<div class=\"brz-row__container brz-css-1dr7u9h brz-css-1241o9k\" data-brz-custom-id=\"adyooyatkbcsdigmydlttpwakyaryrsetcww\">\n<div class=\"brz-bg\"><\/div>\n<div class=\"brz-row brz-css-kzwn72 brz-css-1ud2w6o\">\n<div class=\"brz-columns brz-css-1socm8u brz-css-4qfebb\" data-brz-custom-id=\"dishzelqayejgkjndcoddeyyrleqbbfuczjm\">\n<div class=\"brz-bg\"><\/div>\n<div class=\"brz-column__items brz-css-1ve9bw6 brz-css-wir3bn\">\n<div id=\"\" class=\"brz-css-160k882 brz-css-10pef8k brz-wrapper\">\n<div class=\"brz-rich-text brz-rich-text__custom brz-css-1716ulh\" data-brz-custom-id=\"wdqyxglklktehhkumpccyzbbewveebnfzmgr\">\n<div data-brz-translate-text=\"1\">\n<p class=\"brz-fs-sm-30 brz-lh-lg-1 brz-fw-lg-400 brz-fs-lg-99 brz-ff-montserrat brz-ls-lg-m_1_5 brz-text-lg-right brz-text-xs-left brz-fs-xs-30 brz-css-l5JQi\"><span class=\"brz-cp-color1\">&nbsp;Junio<\/span><\/p>\n<p class=\"brz-fs-sm-30 brz-lh-lg-1 brz-fw-lg-400 brz-fs-lg-99 brz-ff-montserrat brz-ls-lg-m_1_5 brz-text-lg-right brz-text-xs-left brz-fs-xs-30 brz-css-ysCP8\"><span class=\"brz-cp-color1\">2021 <\/span><\/p>\n<\/div>\n<\/div>\n<\/div>\n<div id=\"\" class=\"brz-css-160k882 brz-css-1i7xiqb brz-wrapper\">\n<div class=\"brz-line brz-line-default brz-css-zm25l3 brz-css-19oh7y6\" data-brz-custom-id=\"tuglhgxjegkfqcrjskkymayadjykxrkoprsl\">\n<hr class=\"brz-hr\"><\/div>\n<\/div>\n<div id=\"\" class=\"brz-css-160k882 brz-wrapper\">\n<div class=\"brz-rich-text brz-rich-text__custom brz-css-1716ulh\" data-brz-custom-id=\"oipxcoauzngtouwfwgmhnfzlwixafmflgvhp\">\n<div data-brz-translate-text=\"1\">\n<p class=\"brz-text-lg-right brz-tp-button brz-text-xs-left brz-css-bEzbe\"><strong class=\"brz-cp-color1\">COLEGIO <\/strong><\/p>\n<\/div>\n<\/div>\n<\/div>\n<\/div>\n<\/div>\n<div class=\"brz-columns brz-css-1socm8u brz-css-1ie8i9p\" data-brz-custom-id=\"gwqnckpuoguxiwhhmtlsvpypjzpyisvfejgm\">\n<div class=\"brz-bg\"><\/div>\n<div class=\"brz-column__items brz-css-1ve9bw6 brz-css-1y05kln\">\n<div id=\"\" class=\"brz-css-160k882 brz-wrapper\">\n<div class=\"brz-rich-text brz-rich-text__custom brz-css-1716ulh\" data-brz-custom-id=\"igpaglcjyaxkvsubwsajqskofekvnjwbeafa\">\n<div data-brz-translate-text=\"1\">\n<p class=\"brz-text-lg-justify brz-tp-paragraph brz-css-q_43S\"><span class=\"brz-cp-color7\">Ha finalizado el proceso de admisi\u00f3n a centros docentes. Est\u00e1n publicada la baremaci\u00f3n definitiva del proceso de escolarizaci\u00f3n del curso 2021-2022.<\/span><\/p>\n<p class=\"brz-text-lg-justify brz-tp-paragraph brz-css-z__kb\"><span class=\"brz-cp-color7\">Los listados con la baremaci\u00f3n completa se pueden consultar en la Secretar\u00eda del Colegio. <\/span><\/p>\n<\/div>\n<\/div>\n<\/div>\n<\/div>\n<\/div>\n<\/div>\n<\/div>\n<div class=\"brz-row__container brz-css-1dr7u9h\" data-brz-custom-id=\"rmpbftbypsvwjjshjtregkmcdncffndyvthe\">\n<div class=\"brz-bg\"><\/div>\n<div class=\"brz-row brz-css-kzwn72 brz-css-1v27x72\">\n<div class=\"brz-columns brz-css-1socm8u brz-css-1opmmz2\" data-brz-custom-id=\"uogpaezatmokmupwcslbqhepcbtmppjfahob\">\n<div class=\"brz-bg\"><\/div>\n<div class=\"brz-column__items brz-css-1ve9bw6 brz-css-13qew0w\">\n<div id=\"\" class=\"brz-css-160k882 brz-css-1wzwqs0 brz-css-gctewt brz-wrapper\">\n<div class=\"brz-spacer brz-css-3267xq brz-css-4x7uax\"><\/div>\n<\/div>\n<div id=\"\" class=\"brz-css-160k882 brz-css-75xv3q brz-wrapper\">\n<div class=\"brz-image brz-css-1padc6e\" data-brz-custom-id=\"measnobznwsargswrokmknaqbeudfhbzynue\"><a class=\"brz-a\" href=\"https:\/\/colegiolourdes.es\/wp-content\/uploads\/2021\/06\/Baremacio\u0301n.png\" target=\"_self\" rel=\"noopener\" data-brz-link-type=\"lightBox\"><img decoding=\"async\" class=\"brz-img\" src=\"https:\/\/colegiolourdes.es\/wp-content\/uploads\/brizy\/imgs\/Baremacio\u0301n-751x516x0x0x751x516x1622817493.png\" alt=\"\" loading=\"lazy\"><\/a><\/div>\n<\/div>\n<\/div>\n<\/div>\n<div class=\"brz-columns brz-css-1socm8u brz-css-y7b8eh\" data-brz-custom-id=\"nxgcyoywzzxrhozpvqdysegmgocxovfdckjd\">\n<div class=\"brz-bg\"><\/div>\n<div class=\"brz-column__items brz-css-1ve9bw6 brz-css-1otru42\">\n<div id=\"\" class=\"brz-css-160k882 brz-wrapper\">\n<div class=\"brz-rich-text brz-rich-text__custom brz-css-1716ulh\" data-brz-custom-id=\"rednluhvqrjibqhifdjvpjpigchcpkkjbvnq\">\n<div data-brz-translate-text=\"1\">\n<p class=\"brz-text-lg-left brz-tp-heading3 brz-css-i0Tyj\"><span class=\"brz-cp-color2\">Baremaci\u00f3n definitiva  2021-22<\/span><\/p>\n<\/div>\n<\/div>\n<\/div>\n<div id=\"\" class=\"brz-css-160k882 brz-css-1w5xp7d brz-wrapper\">\n<div class=\"brz-line brz-line-default brz-css-zm25l3 brz-css-ipqlo1\" data-brz-custom-id=\"vjtmyptdsqdxvmtafuxhgzcdgsojcrvpskxo\">\n<hr class=\"brz-hr\"><\/div>\n<\/div>\n<div id=\"\" class=\"brz-css-160k882 brz-wrapper\">\n<div class=\"brz-rich-text brz-rich-text__custom brz-css-1716ulh\" data-brz-custom-id=\"phmuaijhtjpkwmrfgxezikoauxunsltmvejx\">\n<div data-brz-translate-text=\"1\">\n<p class=\"brz-tp-paragraph brz-css-z0XlP\"><span class=\"brz-cp-color7\">Para acceder al listado de baremaci\u00f3n pulsar <\/span><a class=\"brz-cp-color7 link--external\" href=\"https:\/\/colegiolourdes.es\/wp-content\/uploads\/2021\/06\/2021-06-04-Baremacio\u0301n-definitiva-sin-desglosar.pdf\" data-brz-link-type=\"external\" target=\"_blank\">AQU\u00cd<\/a><\/p>\n<p class=\"brz-tp-paragraph brz-css-xNlah\"><span class=\"brz-cp-color7\"> <\/span><\/p>\n<p class=\"brz-tp-paragraph brz-css-i1WhQ\"><span class=\"brz-cp-color7\"> <\/span><\/p>\n<\/div>\n<\/div>\n<\/div>\n<\/div>\n<\/div>\n<\/div>\n<\/div>\n<\/div>\n<\/div>\n<\/section>\n<\/div>\n<p>    <!-- version:1737044486 --><\/p>\n","protected":false},"excerpt":{"rendered":"<p>Baremaci\u00f3n definitiva. Escolarizaci\u00f3n 2021-2022<\/p>\n","protected":false},"author":5,"featured_media":7298,"comment_status":"closed","ping_status":"closed","sticky":false,"template":"brizy-blank-template.php","format":"standard","meta":{"footnotes":""},"categories":[6,4,3,5],"tags":[15,17,18],"class_list":["post-7297","post","type-post","status-publish","format-standard","has-post-thumbnail","hentry","category-eso","category-infantil","category-noticias","category-primaria","tag-colegio-lourdes","tag-mira-mas-alla","tag-somos-la-salle","entry"],"yoast_head":"<!-- This site is optimized with the Yoast SEO plugin v27.4 - https:\/\/yoast.com\/product\/yoast-seo-wordpress\/ -->\n<title>Baremaci\u00f3n definitiva 2021-22 - Colegio Lourdes<\/title>\n<meta name=\"robots\" content=\"index, follow, max-snippet:-1, max-image-preview:large, max-video-preview:-1\" \/>\n<link rel=\"canonical\" href=\"https:\/\/colegiolourdes.es\/index.php\/2021\/06\/baremacion-definitiva-2021-22\/\" \/>\n<meta property=\"og:locale\" content=\"es_ES\" \/>\n<meta property=\"og:type\" content=\"article\" \/>\n<meta property=\"og:title\" content=\"Baremaci\u00f3n definitiva 2021-22 - Colegio Lourdes\" \/>\n<meta property=\"og:description\" content=\"Baremaci\u00f3n definitiva. Escolarizaci\u00f3n 2021-2022\" \/>\n<meta property=\"og:url\" content=\"https:\/\/colegiolourdes.es\/index.php\/2021\/06\/baremacion-definitiva-2021-22\/\" \/>\n<meta property=\"og:site_name\" content=\"Colegio Lourdes\" \/>\n<meta property=\"article:publisher\" content=\"https:\/\/www.facebook.com\/colegiolourdesva\" \/>\n<meta property=\"article:published_time\" content=\"2021-06-04T15:13:47+00:00\" \/>\n<meta property=\"article:modified_time\" content=\"2025-05-05T09:46:11+00:00\" \/>\n<meta property=\"og:image\" content=\"https:\/\/colegiolourdes.es\/wp-content\/uploads\/2021\/06\/Baremacio\u0301n.png\" \/>\n\t<meta property=\"og:image:width\" content=\"1342\" \/>\n\t<meta property=\"og:image:height\" content=\"922\" \/>\n\t<meta property=\"og:image:type\" content=\"image\/png\" \/>\n<meta name=\"author\" content=\"Santiago de Frutos\" \/>\n<meta name=\"twitter:card\" content=\"summary_large_image\" \/>\n<meta name=\"twitter:creator\" content=\"@ColeLourdesVa\" \/>\n<meta name=\"twitter:site\" content=\"@ColeLourdesVa\" \/>\n<meta name=\"twitter:label1\" content=\"Escrito por\" \/>\n\t<meta name=\"twitter:data1\" content=\"Santiago de Frutos\" \/>\n\t<meta name=\"twitter:label2\" content=\"Tiempo de lectura\" \/>\n\t<meta name=\"twitter:data2\" content=\"1 minuto\" \/>\n<script type=\"application\/ld+json\" class=\"yoast-schema-graph\">{\"@context\":\"https:\\\/\\\/schema.org\",\"@graph\":[{\"@type\":\"Article\",\"@id\":\"https:\\\/\\\/colegiolourdes.es\\\/index.php\\\/2021\\\/06\\\/baremacion-definitiva-2021-22\\\/#article\",\"isPartOf\":{\"@id\":\"https:\\\/\\\/colegiolourdes.es\\\/index.php\\\/2021\\\/06\\\/baremacion-definitiva-2021-22\\\/\"},\"author\":{\"name\":\"Santiago de Frutos\",\"@id\":\"https:\\\/\\\/colegiolourdes.es\\\/#\\\/schema\\\/person\\\/fc68a6813395da4c795f5103ba1f53b6\"},\"headline\":\"Baremaci\u00f3n definitiva 2021-22\",\"datePublished\":\"2021-06-04T15:13:47+00:00\",\"dateModified\":\"2025-05-05T09:46:11+00:00\",\"mainEntityOfPage\":{\"@id\":\"https:\\\/\\\/colegiolourdes.es\\\/index.php\\\/2021\\\/06\\\/baremacion-definitiva-2021-22\\\/\"},\"wordCount\":61,\"publisher\":{\"@id\":\"https:\\\/\\\/colegiolourdes.es\\\/#organization\"},\"image\":{\"@id\":\"https:\\\/\\\/colegiolourdes.es\\\/index.php\\\/2021\\\/06\\\/baremacion-definitiva-2021-22\\\/#primaryimage\"},\"thumbnailUrl\":\"https:\\\/\\\/colegiolourdes.es\\\/wp-content\\\/uploads\\\/2021\\\/06\\\/Baremacio\u0301n.png\",\"keywords\":[\"colegio lourdes\",\"Mira m\u00e1s all\u00e1\",\"Somos La Salle\"],\"articleSection\":[\"ESO\",\"Infantil\",\"Noticias\",\"Primaria\"],\"inLanguage\":\"es\"},{\"@type\":\"WebPage\",\"@id\":\"https:\\\/\\\/colegiolourdes.es\\\/index.php\\\/2021\\\/06\\\/baremacion-definitiva-2021-22\\\/\",\"url\":\"https:\\\/\\\/colegiolourdes.es\\\/index.php\\\/2021\\\/06\\\/baremacion-definitiva-2021-22\\\/\",\"name\":\"Baremaci\u00f3n definitiva 2021-22 - Colegio Lourdes\",\"isPartOf\":{\"@id\":\"https:\\\/\\\/colegiolourdes.es\\\/#website\"},\"primaryImageOfPage\":{\"@id\":\"https:\\\/\\\/colegiolourdes.es\\\/index.php\\\/2021\\\/06\\\/baremacion-definitiva-2021-22\\\/#primaryimage\"},\"image\":{\"@id\":\"https:\\\/\\\/colegiolourdes.es\\\/index.php\\\/2021\\\/06\\\/baremacion-definitiva-2021-22\\\/#primaryimage\"},\"thumbnailUrl\":\"https:\\\/\\\/colegiolourdes.es\\\/wp-content\\\/uploads\\\/2021\\\/06\\\/Baremacio\u0301n.png\",\"datePublished\":\"2021-06-04T15:13:47+00:00\",\"dateModified\":\"2025-05-05T09:46:11+00:00\",\"inLanguage\":\"es\",\"potentialAction\":[{\"@type\":\"ReadAction\",\"target\":[\"https:\\\/\\\/colegiolourdes.es\\\/index.php\\\/2021\\\/06\\\/baremacion-definitiva-2021-22\\\/\"]}]},{\"@type\":\"ImageObject\",\"inLanguage\":\"es\",\"@id\":\"https:\\\/\\\/colegiolourdes.es\\\/index.php\\\/2021\\\/06\\\/baremacion-definitiva-2021-22\\\/#primaryimage\",\"url\":\"https:\\\/\\\/colegiolourdes.es\\\/wp-content\\\/uploads\\\/2021\\\/06\\\/Baremacio\u0301n.png\",\"contentUrl\":\"https:\\\/\\\/colegiolourdes.es\\\/wp-content\\\/uploads\\\/2021\\\/06\\\/Baremacio\u0301n.png\",\"width\":1342,\"height\":922},{\"@type\":\"WebSite\",\"@id\":\"https:\\\/\\\/colegiolourdes.es\\\/#website\",\"url\":\"https:\\\/\\\/colegiolourdes.es\\\/\",\"name\":\"Colegio Lourdes\",\"description\":\"Web del Colegio Nuestra Se\u00f1ora de Lourdes de Valladolid.\",\"publisher\":{\"@id\":\"https:\\\/\\\/colegiolourdes.es\\\/#organization\"},\"alternateName\":\"Colegio Nuestra Se\u00f1ora de Lourdes\",\"potentialAction\":[{\"@type\":\"SearchAction\",\"target\":{\"@type\":\"EntryPoint\",\"urlTemplate\":\"https:\\\/\\\/colegiolourdes.es\\\/?s={search_term_string}\"},\"query-input\":{\"@type\":\"PropertyValueSpecification\",\"valueRequired\":true,\"valueName\":\"search_term_string\"}}],\"inLanguage\":\"es\"},{\"@type\":\"Organization\",\"@id\":\"https:\\\/\\\/colegiolourdes.es\\\/#organization\",\"name\":\"Colegio Nuestra Se\u00f1ora de Lourdes\",\"alternateName\":\"Colegio Lourdes Valladolid\",\"url\":\"https:\\\/\\\/colegiolourdes.es\\\/\",\"logo\":{\"@type\":\"ImageObject\",\"inLanguage\":\"es\",\"@id\":\"https:\\\/\\\/colegiolourdes.es\\\/#\\\/schema\\\/logo\\\/image\\\/\",\"url\":\"https:\\\/\\\/colegiolourdes.es\\\/wp-content\\\/uploads\\\/2021\\\/11\\\/cropped-Escudo.png\",\"contentUrl\":\"https:\\\/\\\/colegiolourdes.es\\\/wp-content\\\/uploads\\\/2021\\\/11\\\/cropped-Escudo.png\",\"width\":85,\"height\":105,\"caption\":\"Colegio Nuestra Se\u00f1ora de Lourdes\"},\"image\":{\"@id\":\"https:\\\/\\\/colegiolourdes.es\\\/#\\\/schema\\\/logo\\\/image\\\/\"},\"sameAs\":[\"https:\\\/\\\/www.facebook.com\\\/colegiolourdesva\",\"https:\\\/\\\/x.com\\\/ColeLourdesVa\",\"https:\\\/\\\/www.instagram.com\\\/colegio_lourdes_valladolid\\\/\"]},{\"@type\":\"Person\",\"@id\":\"https:\\\/\\\/colegiolourdes.es\\\/#\\\/schema\\\/person\\\/fc68a6813395da4c795f5103ba1f53b6\",\"name\":\"Santiago de Frutos\",\"image\":{\"@type\":\"ImageObject\",\"inLanguage\":\"es\",\"@id\":\"https:\\\/\\\/secure.gravatar.com\\\/avatar\\\/70dada565ce0dc4d7bf0c790be8d5ba31c607451b0e237d399ecb7f01c923a50?s=96&d=mm&r=g\",\"url\":\"https:\\\/\\\/secure.gravatar.com\\\/avatar\\\/70dada565ce0dc4d7bf0c790be8d5ba31c607451b0e237d399ecb7f01c923a50?s=96&d=mm&r=g\",\"contentUrl\":\"https:\\\/\\\/secure.gravatar.com\\\/avatar\\\/70dada565ce0dc4d7bf0c790be8d5ba31c607451b0e237d399ecb7f01c923a50?s=96&d=mm&r=g\",\"caption\":\"Santiago de Frutos\"},\"url\":\"https:\\\/\\\/colegiolourdes.es\\\/index.php\\\/author\\\/santiago\\\/\"}]}<\/script>\n<!-- \/ Yoast SEO plugin. -->","yoast_head_json":{"title":"Baremaci\u00f3n definitiva 2021-22 - Colegio Lourdes","robots":{"index":"index","follow":"follow","max-snippet":"max-snippet:-1","max-image-preview":"max-image-preview:large","max-video-preview":"max-video-preview:-1"},"canonical":"https:\/\/colegiolourdes.es\/index.php\/2021\/06\/baremacion-definitiva-2021-22\/","og_locale":"es_ES","og_type":"article","og_title":"Baremaci\u00f3n definitiva 2021-22 - Colegio Lourdes","og_description":"Baremaci\u00f3n definitiva. Escolarizaci\u00f3n 2021-2022","og_url":"https:\/\/colegiolourdes.es\/index.php\/2021\/06\/baremacion-definitiva-2021-22\/","og_site_name":"Colegio Lourdes","article_publisher":"https:\/\/www.facebook.com\/colegiolourdesva","article_published_time":"2021-06-04T15:13:47+00:00","article_modified_time":"2025-05-05T09:46:11+00:00","og_image":[{"width":1342,"height":922,"url":"https:\/\/colegiolourdes.es\/wp-content\/uploads\/2021\/06\/Baremacio\u0301n.png","type":"image\/png"}],"author":"Santiago de Frutos","twitter_card":"summary_large_image","twitter_creator":"@ColeLourdesVa","twitter_site":"@ColeLourdesVa","twitter_misc":{"Escrito por":"Santiago de Frutos","Tiempo de lectura":"1 minuto"},"schema":{"@context":"https:\/\/schema.org","@graph":[{"@type":"Article","@id":"https:\/\/colegiolourdes.es\/index.php\/2021\/06\/baremacion-definitiva-2021-22\/#article","isPartOf":{"@id":"https:\/\/colegiolourdes.es\/index.php\/2021\/06\/baremacion-definitiva-2021-22\/"},"author":{"name":"Santiago de Frutos","@id":"https:\/\/colegiolourdes.es\/#\/schema\/person\/fc68a6813395da4c795f5103ba1f53b6"},"headline":"Baremaci\u00f3n definitiva 2021-22","datePublished":"2021-06-04T15:13:47+00:00","dateModified":"2025-05-05T09:46:11+00:00","mainEntityOfPage":{"@id":"https:\/\/colegiolourdes.es\/index.php\/2021\/06\/baremacion-definitiva-2021-22\/"},"wordCount":61,"publisher":{"@id":"https:\/\/colegiolourdes.es\/#organization"},"image":{"@id":"https:\/\/colegiolourdes.es\/index.php\/2021\/06\/baremacion-definitiva-2021-22\/#primaryimage"},"thumbnailUrl":"https:\/\/colegiolourdes.es\/wp-content\/uploads\/2021\/06\/Baremacio\u0301n.png","keywords":["colegio lourdes","Mira m\u00e1s all\u00e1","Somos La Salle"],"articleSection":["ESO","Infantil","Noticias","Primaria"],"inLanguage":"es"},{"@type":"WebPage","@id":"https:\/\/colegiolourdes.es\/index.php\/2021\/06\/baremacion-definitiva-2021-22\/","url":"https:\/\/colegiolourdes.es\/index.php\/2021\/06\/baremacion-definitiva-2021-22\/","name":"Baremaci\u00f3n definitiva 2021-22 - Colegio Lourdes","isPartOf":{"@id":"https:\/\/colegiolourdes.es\/#website"},"primaryImageOfPage":{"@id":"https:\/\/colegiolourdes.es\/index.php\/2021\/06\/baremacion-definitiva-2021-22\/#primaryimage"},"image":{"@id":"https:\/\/colegiolourdes.es\/index.php\/2021\/06\/baremacion-definitiva-2021-22\/#primaryimage"},"thumbnailUrl":"https:\/\/colegiolourdes.es\/wp-content\/uploads\/2021\/06\/Baremacio\u0301n.png","datePublished":"2021-06-04T15:13:47+00:00","dateModified":"2025-05-05T09:46:11+00:00","inLanguage":"es","potentialAction":[{"@type":"ReadAction","target":["https:\/\/colegiolourdes.es\/index.php\/2021\/06\/baremacion-definitiva-2021-22\/"]}]},{"@type":"ImageObject","inLanguage":"es","@id":"https:\/\/colegiolourdes.es\/index.php\/2021\/06\/baremacion-definitiva-2021-22\/#primaryimage","url":"https:\/\/colegiolourdes.es\/wp-content\/uploads\/2021\/06\/Baremacio\u0301n.png","contentUrl":"https:\/\/colegiolourdes.es\/wp-content\/uploads\/2021\/06\/Baremacio\u0301n.png","width":1342,"height":922},{"@type":"WebSite","@id":"https:\/\/colegiolourdes.es\/#website","url":"https:\/\/colegiolourdes.es\/","name":"Colegio Lourdes","description":"Web del Colegio Nuestra Se\u00f1ora de Lourdes de Valladolid.","publisher":{"@id":"https:\/\/colegiolourdes.es\/#organization"},"alternateName":"Colegio Nuestra Se\u00f1ora de Lourdes","potentialAction":[{"@type":"SearchAction","target":{"@type":"EntryPoint","urlTemplate":"https:\/\/colegiolourdes.es\/?s={search_term_string}"},"query-input":{"@type":"PropertyValueSpecification","valueRequired":true,"valueName":"search_term_string"}}],"inLanguage":"es"},{"@type":"Organization","@id":"https:\/\/colegiolourdes.es\/#organization","name":"Colegio Nuestra Se\u00f1ora de Lourdes","alternateName":"Colegio Lourdes Valladolid","url":"https:\/\/colegiolourdes.es\/","logo":{"@type":"ImageObject","inLanguage":"es","@id":"https:\/\/colegiolourdes.es\/#\/schema\/logo\/image\/","url":"https:\/\/colegiolourdes.es\/wp-content\/uploads\/2021\/11\/cropped-Escudo.png","contentUrl":"https:\/\/colegiolourdes.es\/wp-content\/uploads\/2021\/11\/cropped-Escudo.png","width":85,"height":105,"caption":"Colegio Nuestra Se\u00f1ora de Lourdes"},"image":{"@id":"https:\/\/colegiolourdes.es\/#\/schema\/logo\/image\/"},"sameAs":["https:\/\/www.facebook.com\/colegiolourdesva","https:\/\/x.com\/ColeLourdesVa","https:\/\/www.instagram.com\/colegio_lourdes_valladolid\/"]},{"@type":"Person","@id":"https:\/\/colegiolourdes.es\/#\/schema\/person\/fc68a6813395da4c795f5103ba1f53b6","name":"Santiago de Frutos","image":{"@type":"ImageObject","inLanguage":"es","@id":"https:\/\/secure.gravatar.com\/avatar\/70dada565ce0dc4d7bf0c790be8d5ba31c607451b0e237d399ecb7f01c923a50?s=96&d=mm&r=g","url":"https:\/\/secure.gravatar.com\/avatar\/70dada565ce0dc4d7bf0c790be8d5ba31c607451b0e237d399ecb7f01c923a50?s=96&d=mm&r=g","contentUrl":"https:\/\/secure.gravatar.com\/avatar\/70dada565ce0dc4d7bf0c790be8d5ba31c607451b0e237d399ecb7f01c923a50?s=96&d=mm&r=g","caption":"Santiago de Frutos"},"url":"https:\/\/colegiolourdes.es\/index.php\/author\/santiago\/"}]}},"_links":{"self":[{"href":"https:\/\/colegiolourdes.es\/index.php\/wp-json\/wp\/v2\/posts\/7297","targetHints":{"allow":["GET"]}}],"collection":[{"href":"https:\/\/colegiolourdes.es\/index.php\/wp-json\/wp\/v2\/posts"}],"about":[{"href":"https:\/\/colegiolourdes.es\/index.php\/wp-json\/wp\/v2\/types\/post"}],"author":[{"embeddable":true,"href":"https:\/\/colegiolourdes.es\/index.php\/wp-json\/wp\/v2\/users\/5"}],"replies":[{"embeddable":true,"href":"https:\/\/colegiolourdes.es\/index.php\/wp-json\/wp\/v2\/comments?post=7297"}],"version-history":[{"count":10,"href":"https:\/\/colegiolourdes.es\/index.php\/wp-json\/wp\/v2\/posts\/7297\/revisions"}],"predecessor-version":[{"id":7371,"href":"https:\/\/colegiolourdes.es\/index.php\/wp-json\/wp\/v2\/posts\/7297\/revisions\/7371"}],"wp:featuredmedia":[{"embeddable":true,"href":"https:\/\/colegiolourdes.es\/index.php\/wp-json\/wp\/v2\/media\/7298"}],"wp:attachment":[{"href":"https:\/\/colegiolourdes.es\/index.php\/wp-json\/wp\/v2\/media?parent=7297"}],"wp:term":[{"taxonomy":"category","embeddable":true,"href":"https:\/\/colegiolourdes.es\/index.php\/wp-json\/wp\/v2\/categories?post=7297"},{"taxonomy":"post_tag","embeddable":true,"href":"https:\/\/colegiolourdes.es\/index.php\/wp-json\/wp\/v2\/tags?post=7297"}],"curies":[{"name":"wp","href":"https:\/\/api.w.org\/{rel}","templated":true}]}}