{"id":75671,"date":"2024-06-18T00:06:01","date_gmt":"2024-06-17T22:06:01","guid":{"rendered":"https:\/\/colegiolourdes.es\/?p=75671"},"modified":"2025-05-05T12:36:30","modified_gmt":"2025-05-05T10:36:30","slug":"bujedo-i-2","status":"publish","type":"post","link":"https:\/\/colegiolourdes.es\/index.php\/2024\/06\/bujedo-i-2\/","title":{"rendered":"Bujedo I"},"content":{"rendered":"<div class=\"brz-root__container brz-reset-all brz brz-root__container-page\">\n<section id=\"_cunuwnmrpdohnmpgxnfxupywzbrwlsanfykk\" class=\"brz-section brz-css-3r0tby\">\n<div class=\"brz-section__content brz-section--boxed brz-css-126f97s brz-css-17ozvb0\" data-brz-custom-id=\"scdcklwupwwfpedvajhrycojluciefhiicge\">\n<div class=\"brz-container brz-css-120a05r\">\n<div class=\"brz-row__container brz-css-29wr3v\" data-brz-custom-id=\"embxvubmivzswozcqmydjebpgmzvgavprjlv\">\n<div class=\"brz-bg\"><\/div>\n<div class=\"brz-row brz-css-e1r92g\">\n<div class=\"brz-columns brz-css-7kaatv brz-css-1awkqtq\" data-brz-custom-id=\"nnffhdybjhxuiueehupygowpjboeqvmxahbl\">\n<div class=\"brz-bg\"><\/div>\n<div class=\"brz-column__items brz-css-wqaaeh brz-css-t1ecl8\">\n<div id=\"\" class=\"brz-css-1fveusq brz-css-6tyq96 brz-wrapper\">\n<div class=\"brz-rich-text brz-rich-text__custom brz-css-sabl1g\" data-brz-custom-id=\"wbqlnnnwklkddbyijcfnzsqzpuzoommgaxqd\">\n<div data-brz-translate-text=\"1\">\n<p class=\"brz-fs-sm-50 brz-text-lg-right brz-text-xs-left brz-fs-xs-60 brz-ff-montserrat brz-ft-google brz-fs-lg-70 brz-fss-lg-px brz-fw-lg-400 brz-ls-lg-m_1_5 brz-lh-lg-1 brz-tp-lg-empty brz-css-rIfFp\" data-generated-css=\"brz-css-rmxkw\" data-uniq-id=\"deF0s\">Jun<\/p>\n<p class=\"brz-tp-lg-empty brz-lh-lg-1 brz-ls-lg-m_1_5 brz-fw-lg-400 brz-fss-lg-px brz-fs-sm-50 brz-text-lg-right brz-text-xs-left brz-fs-xs-60 brz-ff-montserrat brz-ft-google brz-fs-lg-70 brz-css-d4TE4\" data-generated-css=\"brz-css-hHzTA\" data-uniq-id=\"lozPh\"><span class=\"brz-cp-color1\">2024<\/span><\/p>\n<\/div>\n<\/div>\n<\/div>\n<div id=\"\" class=\"brz-css-1fveusq brz-css-1gpim73 brz-wrapper\">\n<div class=\"brz-line brz-line-default brz-css-z87758 brz-css-1g6n150\" data-brz-custom-id=\"ezhgiygxkslygnenaroyzqlutvnkdpzabzik\">\n<hr class=\"brz-hr\"><\/div>\n<\/div>\n<div id=\"\" class=\"brz-css-1fveusq brz-css-pqv5bs brz-wrapper\">\n<div class=\"brz-rich-text brz-rich-text__custom brz-css-sabl1g\" data-brz-custom-id=\"lkvlbzbhpesmfuocywyyjomxpyrcibldgukc\">\n<div data-brz-translate-text=\"1\">\n<p class=\"brz-text-xs-left brz-tp-lg-button brz-text-lg-right brz-css-rGsft\" data-uniq-id=\"nilop\" data-generated-css=\"brz-css-aprNw\">PRIMARIA<\/p>\n<\/div>\n<\/div>\n<\/div>\n<\/div>\n<\/div>\n<div class=\"brz-columns brz-css-7kaatv brz-css-9q9tjf\" data-brz-custom-id=\"rmgzbebfbgblgbzwbzyqlbybcivekprvafxi\">\n<div class=\"brz-bg\"><\/div>\n<div class=\"brz-column__items brz-css-wqaaeh brz-css-6zw8ef\">\n<div id=\"\" class=\"brz-css-1fveusq brz-css-1awfot6 brz-wrapper\">\n<div class=\"brz-rich-text brz-rich-text__custom brz-css-sabl1g\" data-brz-custom-id=\"mpryxqttznpabjhlttawbhonmiulgrxvjtta\">\n<div data-brz-translate-text=\"1\">\n<h1 class=\"brz-tp-lg-heading1 brz-css-w7vnz\" data-generated-css=\"brz-css-vUJ_B\" data-uniq-id=\"fXCs5\"><strong>Bujedo 2024 &#8211; I<\/strong><\/h1>\n<\/div>\n<\/div>\n<\/div>\n<div id=\"\" class=\"brz-css-1fveusq brz-css-loa1dc brz-css-1ftbvmx brz-wrapper\">\n<div class=\"brz-spacer brz-css-18r9hnr brz-css-670zkd\"><\/div>\n<\/div>\n<div class=\"brz-row__container brz-css-29wr3v\" data-brz-custom-id=\"tklbfvoaqfawwtxfjqqdhhkeedskmddkulos\">\n<div class=\"brz-bg\"><\/div>\n<div class=\"brz-row brz-row--inner brz-css-e1r92g brz-css-3kgul1\">\n<div class=\"brz-columns brz-css-7kaatv brz-css-1yluyrq\" data-brz-custom-id=\"jpgqihxijnleokgdkgfflrsthkbwkgehospo\">\n<div class=\"brz-bg\"><\/div>\n<div class=\"brz-column__items brz-css-wqaaeh\">\n<div id=\"\" class=\"brz-css-1fveusq brz-css-saur41 brz-wrapper\">\n<div class=\"brz-image brz-css-czcbsn\" data-brz-custom-id=\"wvdwnppntmqldrehrjwoochzhfeqsfihxzqt\"><img decoding=\"async\" class=\"brz-img\" src=\"https:\/\/colegiolourdes.es\/wp-content\/uploads\/brizy\/imgs\/Bujedo-24-I-790x592x0x101x790x438x1718661843.jpg\" alt=\"\" loading=\"lazy\"><\/div>\n<\/div>\n<\/div>\n<\/div>\n<\/div>\n<\/div>\n<div class=\"brz-row__container brz-css-29wr3v\" data-brz-custom-id=\"qRwFRzGAuWHk\">\n<div class=\"brz-bg\"><\/div>\n<div class=\"brz-row brz-row--inner brz-css-e1r92g brz-css-3kgul1\">\n<div class=\"brz-columns brz-css-7kaatv brz-css-zjvwb4\" data-brz-custom-id=\"o4P3sSXgWQu7\">\n<div class=\"brz-bg\"><\/div>\n<div class=\"brz-column__items brz-css-wqaaeh\">\n<div id=\"\" class=\"brz-css-1fveusq brz-css-10sn004 brz-wrapper\">\n<div class=\"brz-rich-text brz-rich-text__custom brz-css-sabl1g\" data-brz-custom-id=\"fBlodIaARo2Y\">\n<div data-brz-translate-text=\"1\">\n<p class=\"brz-lh-lg-1_9 brz-ls-lg-0 brz-fw-lg-400 brz-fss-lg-px brz-fs-lg-16 brz-ft-upload brz-ff-wzboxjsqgqhchaabqhhwkjnsysfnjiaknuki brz-tp-lg-paragraph brz-text-lg-justify brz-css-bow9I\" data-uniq-id=\"p50zF\" data-generated-css=\"brz-css-n_Zpq\"><span>\u00a1Y lleg\u00f3 el d\u00eda!<\/span><\/p>\n<p class=\"brz-lh-lg-1_9 brz-ls-lg-0 brz-fw-lg-400 brz-fss-lg-px brz-fs-lg-16 brz-ft-upload brz-ff-wzboxjsqgqhchaabqhhwkjnsysfnjiaknuki brz-tp-lg-paragraph brz-text-lg-justify brz-css-al1nc\" data-uniq-id=\"cs74f\" data-generated-css=\"brz-css-mbW8S\"><span>Las clases de 5\u00ba de Primaria nos encaminamos a Bujedo seg\u00fan el horario previsto.<\/span><\/p>\n<p class=\"brz-lh-lg-1_9 brz-ls-lg-0 brz-fw-lg-400 brz-fss-lg-px brz-fs-lg-16 brz-ft-upload brz-ff-wzboxjsqgqhchaabqhhwkjnsysfnjiaknuki brz-tp-lg-paragraph brz-text-lg-justify brz-css-idK8j\" data-uniq-id=\"wQG8X\" data-generated-css=\"brz-css-qByW2\"><span>All\u00ed nos esperaban los Hermanos de La Salle en su Monasterio lleno de historia y de vida.<\/span><\/p>\n<p class=\"brz-lh-lg-1_9 brz-ls-lg-0 brz-fw-lg-400 brz-fss-lg-px brz-fs-lg-16 brz-ft-upload brz-ff-wzboxjsqgqhchaabqhhwkjnsysfnjiaknuki brz-tp-lg-paragraph brz-text-lg-justify brz-css-ixbRZ\" data-uniq-id=\"zYt8k\" data-generated-css=\"brz-css-byE4z\"><span>R\u00e1pidamente nos dio la bienvenida el equipo de monitores de Las Cortas de Blas, que llevan varios a\u00f1os sucesivos encarg\u00e1ndose de las actividades del Aula Activa.<\/span><\/p>\n<p class=\"brz-lh-lg-1_9 brz-ls-lg-0 brz-fw-lg-400 brz-fss-lg-px brz-fs-lg-16 brz-ft-upload brz-ff-wzboxjsqgqhchaabqhhwkjnsysfnjiaknuki brz-tp-lg-paragraph brz-text-lg-justify brz-css-e0neO\" data-uniq-id=\"cSA0A\" data-generated-css=\"brz-css-uusVs\"><span>Tras una breve toma de contacto con el lugar, nos separaron en grupos para empezar a funcionar con las normas de funcionamiento.<\/span><\/p>\n<p class=\"brz-lh-lg-1_9 brz-ls-lg-0 brz-fw-lg-400 brz-fss-lg-px brz-fs-lg-16 brz-ft-upload brz-ff-wzboxjsqgqhchaabqhhwkjnsysfnjiaknuki brz-tp-lg-paragraph brz-text-lg-justify brz-css-jKl9B\" data-uniq-id=\"uKutW\" data-generated-css=\"brz-css-qpJhy\"><span>Comimos fenomenal: macarrones con chorizo y tomate, filete de lomo con patatas fritas y fruta del tiempo. Y sin sobremesa\u2026\u00a1A jugar! \u00a1Y a explorar..!<\/span><\/p>\n<p class=\"brz-lh-lg-1_9 brz-ls-lg-0 brz-fw-lg-400 brz-fss-lg-px brz-fs-lg-16 brz-ft-upload brz-ff-wzboxjsqgqhchaabqhhwkjnsysfnjiaknuki brz-tp-lg-paragraph brz-text-lg-justify brz-css-qt3WW\" data-uniq-id=\"nC_K5\" data-generated-css=\"brz-css-sIPii\"><span>Seguidamente, ubicaci\u00f3n en los dormitorios e higiene bucal.<\/span><\/p>\n<p class=\"brz-lh-lg-1_9 brz-ls-lg-0 brz-fw-lg-400 brz-fss-lg-px brz-fs-lg-16 brz-ft-upload brz-ff-wzboxjsqgqhchaabqhhwkjnsysfnjiaknuki brz-tp-lg-paragraph brz-text-lg-justify brz-css-rAB4A\" data-uniq-id=\"fj1Dc\" data-generated-css=\"brz-css-d4iEA\"><span>Merienda: bocadillo, fruta y a disfrutar con la gymkana&#8230;<\/span><\/p>\n<p class=\"brz-lh-lg-1_9 brz-ls-lg-0 brz-fw-lg-400 brz-fss-lg-px brz-fs-lg-16 brz-ft-upload brz-ff-wzboxjsqgqhchaabqhhwkjnsysfnjiaknuki brz-tp-lg-paragraph brz-text-lg-justify brz-css-oGeYi\" data-uniq-id=\"zGIDo\" data-generated-css=\"brz-css-hCbns\"><span>A las 20:00 horas, nueva experiencia grupal: ducha r\u00e1pida y cambio de ropa. \u00a1A lucir palmito!<\/span><\/p>\n<p class=\"brz-lh-lg-1_9 brz-ls-lg-0 brz-fw-lg-400 brz-fss-lg-px brz-fs-lg-16 brz-ft-upload brz-ff-wzboxjsqgqhchaabqhhwkjnsysfnjiaknuki brz-tp-lg-paragraph brz-text-lg-justify brz-css-mxGET\" data-uniq-id=\"kllHl\" data-generated-css=\"brz-css-w9jRx\"><span>Hora de la cena, 21:00 h: crema de calabaza, pizza y Actimel. \u00a1Todo muy rico!<\/span><\/p>\n<p class=\"brz-lh-lg-1_9 brz-ls-lg-0 brz-fw-lg-400 brz-fss-lg-px brz-fs-lg-16 brz-ft-upload brz-ff-wzboxjsqgqhchaabqhhwkjnsysfnjiaknuki brz-tp-lg-paragraph brz-text-lg-justify brz-css-tgkwy\" data-uniq-id=\"kJiCZ\" data-generated-css=\"brz-css-x_zea\"><span>Ahora toca lavarse los dientes para terminar con la velada nocturna.<\/span><\/p>\n<p class=\"brz-lh-lg-1_9 brz-ls-lg-0 brz-fw-lg-400 brz-fss-lg-px brz-fs-lg-16 brz-ft-upload brz-ff-wzboxjsqgqhchaabqhhwkjnsysfnjiaknuki brz-tp-lg-paragraph brz-text-lg-justify brz-css-ngUhR\" data-uniq-id=\"eNSiS\" data-generated-css=\"brz-css-kxN4q\"><span>El tiempo nos ha acompa\u00f1ado en el d\u00eda de hoy y no ha habido contratiempos a destacar salvo algunas \u201cpapitis\u201d, \u201cmamitis\u201d o \u201cmorri\u00f1itis\u201d propias del primer d\u00eda que vamos mitigando.&nbsp;<\/span><\/p>\n<p class=\"brz-lh-lg-1_9 brz-ls-lg-0 brz-fw-lg-400 brz-fss-lg-px brz-fs-lg-16 brz-ft-upload brz-ff-wzboxjsqgqhchaabqhhwkjnsysfnjiaknuki brz-tp-lg-paragraph brz-text-lg-justify brz-css-uqcYw\" data-uniq-id=\"v7923\" data-generated-css=\"brz-css-hsbwV\"><span>Ma\u00f1ana os contaremos\u2026 \u00a1Feliz descanso a todos!<\/span><\/p>\n<p class=\"brz-lh-lg-1_9 brz-ls-lg-0 brz-fw-lg-400 brz-fss-lg-px brz-fs-lg-16 brz-ft-upload brz-ff-wzboxjsqgqhchaabqhhwkjnsysfnjiaknuki brz-tp-lg-paragraph brz-text-lg-right brz-css-eVyos\" data-uniq-id=\"vYVb0\" data-generated-css=\"brz-css-kn3BK\"><a class=\"link--external\" href=\"https:\/\/lasallelourdes.sallenet.org\/mod\/url\/view.php?id=145325&amp;forceview=1\" data-brz-link-type=\"external\" target=\"_blank\">Ver galer\u00eda de im\u00e1genes <\/a><\/p>\n<\/div>\n<\/div>\n<\/div>\n<\/div>\n<\/div>\n<\/div>\n<\/div>\n<\/div>\n<\/div>\n<\/div>\n<\/div>\n<\/div>\n<\/div>\n<\/section>\n<\/div>\n<p>    <!-- version:1737000700 --><\/p>\n","protected":false},"excerpt":{"rendered":"<p>\u00a1Y lleg\u00f3 el d\u00eda!<br \/>\nLas clases de 5\u00ba de Primaria nos encaminamos a Bujedo seg\u00fan el horario previsto.<\/p>\n","protected":false},"author":5,"featured_media":75672,"comment_status":"closed","ping_status":"closed","sticky":false,"template":"brizy-blank-template.php","format":"standard","meta":{"footnotes":""},"categories":[83,3,5],"tags":[84,78,42,15,36,17,18],"class_list":["post-75671","post","type-post","status-publish","format-standard","has-post-thumbnail","hentry","category-curso-2023-24","category-noticias","category-primaria","tag-gracias","tag-juntosmejor","tag-sentimientolourdes","tag-colegio-lourdes","tag-educacion","tag-mira-mas-alla","tag-somos-la-salle","entry"],"yoast_head":"<!-- This site is optimized with the Yoast SEO plugin v27.5 - https:\/\/yoast.com\/product\/yoast-seo-wordpress\/ -->\n<title>Bujedo I - Colegio Lourdes<\/title>\n<meta name=\"robots\" content=\"index, follow, max-snippet:-1, max-image-preview:large, max-video-preview:-1\" \/>\n<link rel=\"canonical\" href=\"https:\/\/colegiolourdes.es\/index.php\/2024\/06\/bujedo-i-2\/\" \/>\n<meta property=\"og:locale\" content=\"es_ES\" \/>\n<meta property=\"og:type\" content=\"article\" \/>\n<meta property=\"og:title\" content=\"Bujedo I - Colegio Lourdes\" \/>\n<meta property=\"og:description\" content=\"\u00a1Y lleg\u00f3 el d\u00eda! Las clases de 5\u00ba de Primaria nos encaminamos a Bujedo seg\u00fan el horario previsto.\" \/>\n<meta property=\"og:url\" content=\"https:\/\/colegiolourdes.es\/index.php\/2024\/06\/bujedo-i-2\/\" \/>\n<meta property=\"og:site_name\" content=\"Colegio Lourdes\" \/>\n<meta property=\"article:publisher\" content=\"https:\/\/www.facebook.com\/colegiolourdesva\" \/>\n<meta property=\"article:published_time\" content=\"2024-06-17T22:06:01+00:00\" \/>\n<meta property=\"article:modified_time\" content=\"2025-05-05T10:36:30+00:00\" \/>\n<meta property=\"og:image\" content=\"https:\/\/colegiolourdes.es\/wp-content\/uploads\/2024\/06\/Bujedo-24-I.jpg\" \/>\n\t<meta property=\"og:image:width\" content=\"800\" \/>\n\t<meta property=\"og:image:height\" content=\"600\" \/>\n\t<meta property=\"og:image:type\" content=\"image\/jpeg\" \/>\n<meta name=\"author\" content=\"Santiago de Frutos\" \/>\n<meta name=\"twitter:card\" content=\"summary_large_image\" \/>\n<meta name=\"twitter:creator\" content=\"@ColeLourdesVa\" \/>\n<meta name=\"twitter:site\" content=\"@ColeLourdesVa\" \/>\n<meta name=\"twitter:label1\" content=\"Escrito por\" \/>\n\t<meta name=\"twitter:data1\" content=\"Santiago de Frutos\" \/>\n\t<meta name=\"twitter:label2\" content=\"Tiempo de lectura\" \/>\n\t<meta name=\"twitter:data2\" content=\"3 minutos\" \/>\n<script type=\"application\/ld+json\" class=\"yoast-schema-graph\">{\"@context\":\"https:\\\/\\\/schema.org\",\"@graph\":[{\"@type\":\"Article\",\"@id\":\"https:\\\/\\\/colegiolourdes.es\\\/index.php\\\/2024\\\/06\\\/bujedo-i-2\\\/#article\",\"isPartOf\":{\"@id\":\"https:\\\/\\\/colegiolourdes.es\\\/index.php\\\/2024\\\/06\\\/bujedo-i-2\\\/\"},\"author\":{\"name\":\"Santiago de Frutos\",\"@id\":\"https:\\\/\\\/colegiolourdes.es\\\/#\\\/schema\\\/person\\\/cd04676edc59cac8a30f15eb98eb4908\"},\"headline\":\"Bujedo I\",\"datePublished\":\"2024-06-17T22:06:01+00:00\",\"dateModified\":\"2025-05-05T10:36:30+00:00\",\"mainEntityOfPage\":{\"@id\":\"https:\\\/\\\/colegiolourdes.es\\\/index.php\\\/2024\\\/06\\\/bujedo-i-2\\\/\"},\"wordCount\":227,\"publisher\":{\"@id\":\"https:\\\/\\\/colegiolourdes.es\\\/#organization\"},\"image\":{\"@id\":\"https:\\\/\\\/colegiolourdes.es\\\/index.php\\\/2024\\\/06\\\/bujedo-i-2\\\/#primaryimage\"},\"thumbnailUrl\":\"https:\\\/\\\/colegiolourdes.es\\\/wp-content\\\/uploads\\\/2024\\\/06\\\/Bujedo-24-I.jpg\",\"keywords\":[\"#Gracias\",\"#juntosmejor\",\"#sentimientolourdes\",\"colegio lourdes\",\"Educaci\u00f3n\",\"Mira m\u00e1s all\u00e1\",\"Somos La Salle\"],\"articleSection\":[\"Curso 2023-24\",\"Noticias\",\"Primaria\"],\"inLanguage\":\"es\"},{\"@type\":\"WebPage\",\"@id\":\"https:\\\/\\\/colegiolourdes.es\\\/index.php\\\/2024\\\/06\\\/bujedo-i-2\\\/\",\"url\":\"https:\\\/\\\/colegiolourdes.es\\\/index.php\\\/2024\\\/06\\\/bujedo-i-2\\\/\",\"name\":\"Bujedo I - Colegio Lourdes\",\"isPartOf\":{\"@id\":\"https:\\\/\\\/colegiolourdes.es\\\/#website\"},\"primaryImageOfPage\":{\"@id\":\"https:\\\/\\\/colegiolourdes.es\\\/index.php\\\/2024\\\/06\\\/bujedo-i-2\\\/#primaryimage\"},\"image\":{\"@id\":\"https:\\\/\\\/colegiolourdes.es\\\/index.php\\\/2024\\\/06\\\/bujedo-i-2\\\/#primaryimage\"},\"thumbnailUrl\":\"https:\\\/\\\/colegiolourdes.es\\\/wp-content\\\/uploads\\\/2024\\\/06\\\/Bujedo-24-I.jpg\",\"datePublished\":\"2024-06-17T22:06:01+00:00\",\"dateModified\":\"2025-05-05T10:36:30+00:00\",\"inLanguage\":\"es\",\"potentialAction\":[{\"@type\":\"ReadAction\",\"target\":[\"https:\\\/\\\/colegiolourdes.es\\\/index.php\\\/2024\\\/06\\\/bujedo-i-2\\\/\"]}]},{\"@type\":\"ImageObject\",\"inLanguage\":\"es\",\"@id\":\"https:\\\/\\\/colegiolourdes.es\\\/index.php\\\/2024\\\/06\\\/bujedo-i-2\\\/#primaryimage\",\"url\":\"https:\\\/\\\/colegiolourdes.es\\\/wp-content\\\/uploads\\\/2024\\\/06\\\/Bujedo-24-I.jpg\",\"contentUrl\":\"https:\\\/\\\/colegiolourdes.es\\\/wp-content\\\/uploads\\\/2024\\\/06\\\/Bujedo-24-I.jpg\",\"width\":800,\"height\":600,\"caption\":\"Bujedo 24 I\"},{\"@type\":\"WebSite\",\"@id\":\"https:\\\/\\\/colegiolourdes.es\\\/#website\",\"url\":\"https:\\\/\\\/colegiolourdes.es\\\/\",\"name\":\"Colegio Lourdes\",\"description\":\"Web del Colegio Nuestra Se\u00f1ora de Lourdes de Valladolid.\",\"publisher\":{\"@id\":\"https:\\\/\\\/colegiolourdes.es\\\/#organization\"},\"alternateName\":\"Colegio Nuestra Se\u00f1ora de Lourdes\",\"potentialAction\":[{\"@type\":\"SearchAction\",\"target\":{\"@type\":\"EntryPoint\",\"urlTemplate\":\"https:\\\/\\\/colegiolourdes.es\\\/?s={search_term_string}\"},\"query-input\":{\"@type\":\"PropertyValueSpecification\",\"valueRequired\":true,\"valueName\":\"search_term_string\"}}],\"inLanguage\":\"es\"},{\"@type\":\"Organization\",\"@id\":\"https:\\\/\\\/colegiolourdes.es\\\/#organization\",\"name\":\"Colegio Nuestra Se\u00f1ora de Lourdes\",\"alternateName\":\"Colegio Lourdes Valladolid\",\"url\":\"https:\\\/\\\/colegiolourdes.es\\\/\",\"logo\":{\"@type\":\"ImageObject\",\"inLanguage\":\"es\",\"@id\":\"https:\\\/\\\/colegiolourdes.es\\\/#\\\/schema\\\/logo\\\/image\\\/\",\"url\":\"https:\\\/\\\/colegiolourdes.es\\\/wp-content\\\/uploads\\\/2021\\\/11\\\/cropped-Escudo.png\",\"contentUrl\":\"https:\\\/\\\/colegiolourdes.es\\\/wp-content\\\/uploads\\\/2021\\\/11\\\/cropped-Escudo.png\",\"width\":85,\"height\":105,\"caption\":\"Colegio Nuestra Se\u00f1ora de Lourdes\"},\"image\":{\"@id\":\"https:\\\/\\\/colegiolourdes.es\\\/#\\\/schema\\\/logo\\\/image\\\/\"},\"sameAs\":[\"https:\\\/\\\/www.facebook.com\\\/colegiolourdesva\",\"https:\\\/\\\/x.com\\\/ColeLourdesVa\",\"https:\\\/\\\/www.instagram.com\\\/colegio_lourdes_valladolid\\\/\"]},{\"@type\":\"Person\",\"@id\":\"https:\\\/\\\/colegiolourdes.es\\\/#\\\/schema\\\/person\\\/cd04676edc59cac8a30f15eb98eb4908\",\"name\":\"Santiago de Frutos\",\"image\":{\"@type\":\"ImageObject\",\"inLanguage\":\"es\",\"@id\":\"https:\\\/\\\/secure.gravatar.com\\\/avatar\\\/70dada565ce0dc4d7bf0c790be8d5ba31c607451b0e237d399ecb7f01c923a50?s=96&d=mm&r=g\",\"url\":\"https:\\\/\\\/secure.gravatar.com\\\/avatar\\\/70dada565ce0dc4d7bf0c790be8d5ba31c607451b0e237d399ecb7f01c923a50?s=96&d=mm&r=g\",\"contentUrl\":\"https:\\\/\\\/secure.gravatar.com\\\/avatar\\\/70dada565ce0dc4d7bf0c790be8d5ba31c607451b0e237d399ecb7f01c923a50?s=96&d=mm&r=g\",\"caption\":\"Santiago de Frutos\"},\"url\":\"https:\\\/\\\/colegiolourdes.es\\\/index.php\\\/author\\\/santiago\\\/\"}]}<\/script>\n<!-- \/ Yoast SEO plugin. -->","yoast_head_json":{"title":"Bujedo I - Colegio Lourdes","robots":{"index":"index","follow":"follow","max-snippet":"max-snippet:-1","max-image-preview":"max-image-preview:large","max-video-preview":"max-video-preview:-1"},"canonical":"https:\/\/colegiolourdes.es\/index.php\/2024\/06\/bujedo-i-2\/","og_locale":"es_ES","og_type":"article","og_title":"Bujedo I - Colegio Lourdes","og_description":"\u00a1Y lleg\u00f3 el d\u00eda! Las clases de 5\u00ba de Primaria nos encaminamos a Bujedo seg\u00fan el horario previsto.","og_url":"https:\/\/colegiolourdes.es\/index.php\/2024\/06\/bujedo-i-2\/","og_site_name":"Colegio Lourdes","article_publisher":"https:\/\/www.facebook.com\/colegiolourdesva","article_published_time":"2024-06-17T22:06:01+00:00","article_modified_time":"2025-05-05T10:36:30+00:00","og_image":[{"width":800,"height":600,"url":"https:\/\/colegiolourdes.es\/wp-content\/uploads\/2024\/06\/Bujedo-24-I.jpg","type":"image\/jpeg"}],"author":"Santiago de Frutos","twitter_card":"summary_large_image","twitter_creator":"@ColeLourdesVa","twitter_site":"@ColeLourdesVa","twitter_misc":{"Escrito por":"Santiago de Frutos","Tiempo de lectura":"3 minutos"},"schema":{"@context":"https:\/\/schema.org","@graph":[{"@type":"Article","@id":"https:\/\/colegiolourdes.es\/index.php\/2024\/06\/bujedo-i-2\/#article","isPartOf":{"@id":"https:\/\/colegiolourdes.es\/index.php\/2024\/06\/bujedo-i-2\/"},"author":{"name":"Santiago de Frutos","@id":"https:\/\/colegiolourdes.es\/#\/schema\/person\/cd04676edc59cac8a30f15eb98eb4908"},"headline":"Bujedo I","datePublished":"2024-06-17T22:06:01+00:00","dateModified":"2025-05-05T10:36:30+00:00","mainEntityOfPage":{"@id":"https:\/\/colegiolourdes.es\/index.php\/2024\/06\/bujedo-i-2\/"},"wordCount":227,"publisher":{"@id":"https:\/\/colegiolourdes.es\/#organization"},"image":{"@id":"https:\/\/colegiolourdes.es\/index.php\/2024\/06\/bujedo-i-2\/#primaryimage"},"thumbnailUrl":"https:\/\/colegiolourdes.es\/wp-content\/uploads\/2024\/06\/Bujedo-24-I.jpg","keywords":["#Gracias","#juntosmejor","#sentimientolourdes","colegio lourdes","Educaci\u00f3n","Mira m\u00e1s all\u00e1","Somos La Salle"],"articleSection":["Curso 2023-24","Noticias","Primaria"],"inLanguage":"es"},{"@type":"WebPage","@id":"https:\/\/colegiolourdes.es\/index.php\/2024\/06\/bujedo-i-2\/","url":"https:\/\/colegiolourdes.es\/index.php\/2024\/06\/bujedo-i-2\/","name":"Bujedo I - Colegio Lourdes","isPartOf":{"@id":"https:\/\/colegiolourdes.es\/#website"},"primaryImageOfPage":{"@id":"https:\/\/colegiolourdes.es\/index.php\/2024\/06\/bujedo-i-2\/#primaryimage"},"image":{"@id":"https:\/\/colegiolourdes.es\/index.php\/2024\/06\/bujedo-i-2\/#primaryimage"},"thumbnailUrl":"https:\/\/colegiolourdes.es\/wp-content\/uploads\/2024\/06\/Bujedo-24-I.jpg","datePublished":"2024-06-17T22:06:01+00:00","dateModified":"2025-05-05T10:36:30+00:00","inLanguage":"es","potentialAction":[{"@type":"ReadAction","target":["https:\/\/colegiolourdes.es\/index.php\/2024\/06\/bujedo-i-2\/"]}]},{"@type":"ImageObject","inLanguage":"es","@id":"https:\/\/colegiolourdes.es\/index.php\/2024\/06\/bujedo-i-2\/#primaryimage","url":"https:\/\/colegiolourdes.es\/wp-content\/uploads\/2024\/06\/Bujedo-24-I.jpg","contentUrl":"https:\/\/colegiolourdes.es\/wp-content\/uploads\/2024\/06\/Bujedo-24-I.jpg","width":800,"height":600,"caption":"Bujedo 24 I"},{"@type":"WebSite","@id":"https:\/\/colegiolourdes.es\/#website","url":"https:\/\/colegiolourdes.es\/","name":"Colegio Lourdes","description":"Web del Colegio Nuestra Se\u00f1ora de Lourdes de Valladolid.","publisher":{"@id":"https:\/\/colegiolourdes.es\/#organization"},"alternateName":"Colegio Nuestra Se\u00f1ora de Lourdes","potentialAction":[{"@type":"SearchAction","target":{"@type":"EntryPoint","urlTemplate":"https:\/\/colegiolourdes.es\/?s={search_term_string}"},"query-input":{"@type":"PropertyValueSpecification","valueRequired":true,"valueName":"search_term_string"}}],"inLanguage":"es"},{"@type":"Organization","@id":"https:\/\/colegiolourdes.es\/#organization","name":"Colegio Nuestra Se\u00f1ora de Lourdes","alternateName":"Colegio Lourdes Valladolid","url":"https:\/\/colegiolourdes.es\/","logo":{"@type":"ImageObject","inLanguage":"es","@id":"https:\/\/colegiolourdes.es\/#\/schema\/logo\/image\/","url":"https:\/\/colegiolourdes.es\/wp-content\/uploads\/2021\/11\/cropped-Escudo.png","contentUrl":"https:\/\/colegiolourdes.es\/wp-content\/uploads\/2021\/11\/cropped-Escudo.png","width":85,"height":105,"caption":"Colegio Nuestra Se\u00f1ora de Lourdes"},"image":{"@id":"https:\/\/colegiolourdes.es\/#\/schema\/logo\/image\/"},"sameAs":["https:\/\/www.facebook.com\/colegiolourdesva","https:\/\/x.com\/ColeLourdesVa","https:\/\/www.instagram.com\/colegio_lourdes_valladolid\/"]},{"@type":"Person","@id":"https:\/\/colegiolourdes.es\/#\/schema\/person\/cd04676edc59cac8a30f15eb98eb4908","name":"Santiago de Frutos","image":{"@type":"ImageObject","inLanguage":"es","@id":"https:\/\/secure.gravatar.com\/avatar\/70dada565ce0dc4d7bf0c790be8d5ba31c607451b0e237d399ecb7f01c923a50?s=96&d=mm&r=g","url":"https:\/\/secure.gravatar.com\/avatar\/70dada565ce0dc4d7bf0c790be8d5ba31c607451b0e237d399ecb7f01c923a50?s=96&d=mm&r=g","contentUrl":"https:\/\/secure.gravatar.com\/avatar\/70dada565ce0dc4d7bf0c790be8d5ba31c607451b0e237d399ecb7f01c923a50?s=96&d=mm&r=g","caption":"Santiago de Frutos"},"url":"https:\/\/colegiolourdes.es\/index.php\/author\/santiago\/"}]}},"_links":{"self":[{"href":"https:\/\/colegiolourdes.es\/index.php\/wp-json\/wp\/v2\/posts\/75671","targetHints":{"allow":["GET"]}}],"collection":[{"href":"https:\/\/colegiolourdes.es\/index.php\/wp-json\/wp\/v2\/posts"}],"about":[{"href":"https:\/\/colegiolourdes.es\/index.php\/wp-json\/wp\/v2\/types\/post"}],"author":[{"embeddable":true,"href":"https:\/\/colegiolourdes.es\/index.php\/wp-json\/wp\/v2\/users\/5"}],"replies":[{"embeddable":true,"href":"https:\/\/colegiolourdes.es\/index.php\/wp-json\/wp\/v2\/comments?post=75671"}],"version-history":[{"count":3,"href":"https:\/\/colegiolourdes.es\/index.php\/wp-json\/wp\/v2\/posts\/75671\/revisions"}],"predecessor-version":[{"id":75693,"href":"https:\/\/colegiolourdes.es\/index.php\/wp-json\/wp\/v2\/posts\/75671\/revisions\/75693"}],"wp:featuredmedia":[{"embeddable":true,"href":"https:\/\/colegiolourdes.es\/index.php\/wp-json\/wp\/v2\/media\/75672"}],"wp:attachment":[{"href":"https:\/\/colegiolourdes.es\/index.php\/wp-json\/wp\/v2\/media?parent=75671"}],"wp:term":[{"taxonomy":"category","embeddable":true,"href":"https:\/\/colegiolourdes.es\/index.php\/wp-json\/wp\/v2\/categories?post=75671"},{"taxonomy":"post_tag","embeddable":true,"href":"https:\/\/colegiolourdes.es\/index.php\/wp-json\/wp\/v2\/tags?post=75671"}],"curies":[{"name":"wp","href":"https:\/\/api.w.org\/{rel}","templated":true}]}}