{"id":75809,"date":"2024-06-19T13:17:49","date_gmt":"2024-06-19T11:17:49","guid":{"rendered":"https:\/\/colegiolourdes.es\/?p=75809"},"modified":"2025-05-05T12:07:49","modified_gmt":"2025-05-05T10:07:49","slug":"grajera-ii-2","status":"publish","type":"post","link":"https:\/\/colegiolourdes.es\/index.php\/2024\/06\/grajera-ii-2\/","title":{"rendered":"Grajera II"},"content":{"rendered":"<div class=\"brz-root__container brz-reset-all brz brz-root__container-page\">\n<section id=\"_cunuwnmrpdohnmpgxnfxupywzbrwlsanfykk\" class=\"brz-section brz-css-3r0tby\">\n<div class=\"brz-section__content brz-section--boxed brz-css-126f97s brz-css-17ozvb0\" data-brz-custom-id=\"scdcklwupwwfpedvajhrycojluciefhiicge\">\n<div class=\"brz-container brz-css-120a05r\">\n<div class=\"brz-row__container brz-css-29wr3v\" data-brz-custom-id=\"embxvubmivzswozcqmydjebpgmzvgavprjlv\">\n<div class=\"brz-bg\"><\/div>\n<div class=\"brz-row brz-css-e1r92g\">\n<div class=\"brz-columns brz-css-7kaatv brz-css-1awkqtq\" data-brz-custom-id=\"nnffhdybjhxuiueehupygowpjboeqvmxahbl\">\n<div class=\"brz-bg\"><\/div>\n<div class=\"brz-column__items brz-css-wqaaeh brz-css-t1ecl8\">\n<div id=\"\" class=\"brz-css-1fveusq brz-css-6tyq96 brz-wrapper\">\n<div class=\"brz-rich-text brz-rich-text__custom brz-css-sabl1g\" data-brz-custom-id=\"wbqlnnnwklkddbyijcfnzsqzpuzoommgaxqd\">\n<div data-brz-translate-text=\"1\">\n<p class=\"brz-fs-sm-50 brz-text-lg-right brz-text-xs-left brz-fs-xs-60 brz-ff-montserrat brz-ft-google brz-fs-lg-70 brz-fss-lg-px brz-fw-lg-400 brz-ls-lg-m_1_5 brz-lh-lg-1 brz-tp-lg-empty brz-css-aurxp\" data-generated-css=\"brz-css-rmxkw\" data-uniq-id=\"deF0s\">Jun<\/p>\n<p class=\"brz-tp-lg-empty brz-lh-lg-1 brz-ls-lg-m_1_5 brz-fw-lg-400 brz-fss-lg-px brz-fs-sm-50 brz-text-lg-right brz-text-xs-left brz-fs-xs-60 brz-ff-montserrat brz-ft-google brz-fs-lg-70 brz-css-bbZPV\" data-generated-css=\"brz-css-hHzTA\" data-uniq-id=\"lozPh\"><span class=\"brz-cp-color1\">2024<\/span><\/p>\n<\/div>\n<\/div>\n<\/div>\n<div id=\"\" class=\"brz-css-1fveusq brz-css-1gpim73 brz-wrapper\">\n<div class=\"brz-line brz-line-default brz-css-z87758 brz-css-1g6n150\" data-brz-custom-id=\"ezhgiygxkslygnenaroyzqlutvnkdpzabzik\">\n<hr class=\"brz-hr\"><\/div>\n<\/div>\n<div id=\"\" class=\"brz-css-1fveusq brz-css-pqv5bs brz-wrapper\">\n<div class=\"brz-rich-text brz-rich-text__custom brz-css-sabl1g\" data-brz-custom-id=\"lkvlbzbhpesmfuocywyyjomxpyrcibldgukc\">\n<div data-brz-translate-text=\"1\">\n<p class=\"brz-text-xs-left brz-tp-lg-button brz-text-lg-right brz-css-c4J3r\" data-uniq-id=\"nilop\" data-generated-css=\"brz-css-aprNw\">PRIMARIA<\/p>\n<\/div>\n<\/div>\n<\/div>\n<\/div>\n<\/div>\n<div class=\"brz-columns brz-css-7kaatv brz-css-9q9tjf\" data-brz-custom-id=\"rmgzbebfbgblgbzwbzyqlbybcivekprvafxi\">\n<div class=\"brz-bg\"><\/div>\n<div class=\"brz-column__items brz-css-wqaaeh brz-css-6zw8ef\">\n<div id=\"\" class=\"brz-css-1fveusq brz-css-30xt4e brz-wrapper\">\n<div class=\"brz-rich-text brz-rich-text__custom brz-css-sabl1g\" data-brz-custom-id=\"mpryxqttznpabjhlttawbhonmiulgrxvjtta\">\n<div data-brz-translate-text=\"1\">\n<h1 class=\"brz-tp-lg-heading1 brz-css-wj9AR\" data-uniq-id=\"hboB_\" data-generated-css=\"brz-css-sdHtt\"><strong>Grajera 2024 &#8211; II<\/strong><\/h1>\n<\/div>\n<\/div>\n<\/div>\n<div id=\"\" class=\"brz-css-1fveusq brz-css-loa1dc brz-css-1ftbvmx brz-wrapper\">\n<div class=\"brz-spacer brz-css-18r9hnr brz-css-670zkd\"><\/div>\n<\/div>\n<div class=\"brz-row__container brz-css-29wr3v\" data-brz-custom-id=\"tklbfvoaqfawwtxfjqqdhhkeedskmddkulos\">\n<div class=\"brz-bg\"><\/div>\n<div class=\"brz-row brz-row--inner brz-css-e1r92g brz-css-3kgul1\">\n<div class=\"brz-columns brz-css-7kaatv brz-css-14ijnq4\" data-brz-custom-id=\"jpgqihxijnleokgdkgfflrsthkbwkgehospo\">\n<div class=\"brz-bg\"><\/div>\n<div class=\"brz-column__items brz-css-wqaaeh\">\n<div id=\"\" class=\"brz-css-1fveusq brz-css-saur41 brz-wrapper\">\n<div class=\"brz-image brz-css-czcbsn\" data-brz-custom-id=\"wvdwnppntmqldrehrjwoochzhfeqsfihxzqt\"><img decoding=\"async\" class=\"brz-img\" src=\"https:\/\/colegiolourdes.es\/wp-content\/uploads\/brizy\/imgs\/Grajera-24-II-544x725x66x0x380x725x1718796032.jpg\" alt=\"\" loading=\"lazy\"><\/div>\n<\/div>\n<\/div>\n<\/div>\n<div class=\"brz-columns brz-css-7kaatv brz-css-b8lz5w\" data-brz-custom-id=\"o4P3sSXgWQu7\">\n<div class=\"brz-bg\"><\/div>\n<div class=\"brz-column__items brz-css-wqaaeh\">\n<div id=\"\" class=\"brz-css-1fveusq brz-css-10sn004 brz-wrapper\">\n<div class=\"brz-rich-text brz-rich-text__custom brz-css-sabl1g\" data-brz-custom-id=\"fBlodIaARo2Y\">\n<div data-brz-translate-text=\"1\">\n<p class=\"brz-text-lg-justify brz-tp-lg-paragraph brz-ff-wzboxjsqgqhchaabqhhwkjnsysfnjiaknuki brz-ft-upload brz-fs-lg-16 brz-fss-lg-px brz-fw-lg-400 brz-ls-lg-0 brz-lh-lg-1_9 brz-css-wOGcV\" data-generated-css=\"brz-css-wYuTB\" data-uniq-id=\"n9ALq\"><strong>\u00a1Tres d\u00edas de diversi\u00f3n en Grajera!<\/strong><\/p>\n<p class=\"brz-text-lg-justify brz-tp-lg-paragraph brz-ff-wzboxjsqgqhchaabqhhwkjnsysfnjiaknuki brz-ft-upload brz-fs-lg-16 brz-fss-lg-px brz-fw-lg-400 brz-ls-lg-0 brz-lh-lg-1_9 brz-css-fR4oO\" data-generated-css=\"brz-css-j7sG0\" data-uniq-id=\"n44pj\"><span>Los alumnos de 4\u00ba de primaria del Colegio Lourdes han pasado dos d\u00edas incre\u00edbles en el campamento de aventuras en Grajera. Durante este tiempo, han participado en una variedad de actividades emocionantes que les han permitido disfrutar de la naturaleza, aprender nuevas habilidades y fortalecer sus lazos de amistad.<\/span><\/p>\n<p class=\"brz-text-lg-justify brz-tp-lg-paragraph brz-ff-wzboxjsqgqhchaabqhhwkjnsysfnjiaknuki brz-ft-upload brz-fs-lg-16 brz-fss-lg-px brz-fw-lg-400 brz-ls-lg-0 brz-lh-lg-1_9 brz-css-bVSEJ\" data-generated-css=\"brz-css-znGVR\" data-uniq-id=\"nTI7G\"><span>Desde tirolinas y escalada, hasta las divertidas pruebas de humor amarillo, cada momento ha sido una oportunidad para re\u00edr, jugar y aprender. La alegr\u00eda y el entusiasmo de los ni\u00f1os han sido contagiosos, y nos llevamos recuerdos inolvidables de esta experiencia.<\/span><\/p>\n<p class=\"brz-text-lg-justify brz-tp-lg-paragraph brz-ff-wzboxjsqgqhchaabqhhwkjnsysfnjiaknuki brz-ft-upload brz-fs-lg-16 brz-fss-lg-px brz-fw-lg-400 brz-ls-lg-0 brz-lh-lg-1_9 brz-css-yk78w\" data-generated-css=\"brz-css-ctcYu\" data-uniq-id=\"hTQxt\"><span>Hoy, mientras nos preparamos para regresar, los ni\u00f1os no pueden dejar de sonre\u00edr y compartir sus historias favoritas. \u00a1Estamos muy contentos de ver cu\u00e1nto se han divertido y cu\u00e1nto han aprendido!<\/span><\/p>\n<p class=\"brz-text-lg-justify brz-tp-lg-paragraph brz-ff-wzboxjsqgqhchaabqhhwkjnsysfnjiaknuki brz-ft-upload brz-fs-lg-16 brz-fss-lg-px brz-fw-lg-400 brz-ls-lg-0 brz-lh-lg-1_9 brz-css-tqQ2w\" data-generated-css=\"brz-css-eqpUC\" data-uniq-id=\"zti9u\"><span>Agradecemos a todo el equipo del parque de aventuras Grajera por su profesionalidad y por hacer de esta excursi\u00f3n una experiencia tan especial.<\/span><\/p>\n<p class=\"brz-text-lg-justify brz-tp-lg-paragraph brz-ff-wzboxjsqgqhchaabqhhwkjnsysfnjiaknuki brz-ft-upload brz-fs-lg-16 brz-fss-lg-px brz-fw-lg-400 brz-ls-lg-0 brz-lh-lg-1_9 brz-css-s4Pwm\" data-generated-css=\"brz-css-sezu8\" data-uniq-id=\"p9rpu\"><strong>\u00a1Hasta la pr\u00f3xima aventura!<\/strong><\/p>\n<p class=\"brz-text-lg-justify brz-tp-lg-paragraph brz-ff-wzboxjsqgqhchaabqhhwkjnsysfnjiaknuki brz-ft-upload brz-fs-lg-16 brz-fss-lg-px brz-fw-lg-400 brz-ls-lg-0 brz-lh-lg-1_9 brz-css-eUG36\" data-generated-css=\"brz-css-f0C1v\" data-uniq-id=\"tslF6\"><span>&nbsp;<\/span><\/p>\n<p class=\"brz-text-lg-right brz-tp-lg-paragraph brz-ff-wzboxjsqgqhchaabqhhwkjnsysfnjiaknuki brz-ft-upload brz-fs-lg-16 brz-fss-lg-px brz-fw-lg-400 brz-ls-lg-0 brz-lh-lg-1_9 brz-css-bdjO7\" data-generated-css=\"brz-css-g435i\" data-uniq-id=\"yC328\"><a class=\"link--external\" href=\"https:\/\/lasallelourdes.sallenet.org\/mod\/url\/view.php?id=145367&amp;forceview=1\" data-brz-link-type=\"external\" target=\"_blank\">Ver galer\u00eda de im\u00e1genes <\/a><\/p>\n<\/div>\n<\/div>\n<\/div>\n<\/div>\n<\/div>\n<\/div>\n<\/div>\n<\/div>\n<\/div>\n<\/div>\n<\/div>\n<\/div>\n<\/div>\n<\/section>\n<\/div>\n<p>    <!-- version:1736989700 --><\/p>\n","protected":false},"excerpt":{"rendered":"<p>Los alumnos de 4\u00ba de primaria del Colegio Lourdes han pasado dos d\u00edas incre\u00edbles en el campamento de aventuras en Grajera. <\/p>\n","protected":false},"author":5,"featured_media":75812,"comment_status":"closed","ping_status":"closed","sticky":false,"template":"brizy-blank-template.php","format":"standard","meta":{"footnotes":""},"categories":[83,3,5],"tags":[84,78,42,15,36,17,18],"class_list":["post-75809","post","type-post","status-publish","format-standard","has-post-thumbnail","hentry","category-curso-2023-24","category-noticias","category-primaria","tag-gracias","tag-juntosmejor","tag-sentimientolourdes","tag-colegio-lourdes","tag-educacion","tag-mira-mas-alla","tag-somos-la-salle","entry"],"yoast_head":"<!-- This site is optimized with the Yoast SEO plugin v27.5 - https:\/\/yoast.com\/product\/yoast-seo-wordpress\/ -->\n<title>Grajera II - Colegio Lourdes<\/title>\n<meta name=\"robots\" content=\"index, follow, max-snippet:-1, max-image-preview:large, max-video-preview:-1\" \/>\n<link rel=\"canonical\" href=\"https:\/\/colegiolourdes.es\/index.php\/2024\/06\/grajera-ii-2\/\" \/>\n<meta property=\"og:locale\" content=\"es_ES\" \/>\n<meta property=\"og:type\" content=\"article\" \/>\n<meta property=\"og:title\" content=\"Grajera II - Colegio Lourdes\" \/>\n<meta property=\"og:description\" content=\"Los alumnos de 4\u00ba de primaria del Colegio Lourdes han pasado dos d\u00edas incre\u00edbles en el campamento de aventuras en Grajera.\" \/>\n<meta property=\"og:url\" content=\"https:\/\/colegiolourdes.es\/index.php\/2024\/06\/grajera-ii-2\/\" \/>\n<meta property=\"og:site_name\" content=\"Colegio Lourdes\" \/>\n<meta property=\"article:publisher\" content=\"https:\/\/www.facebook.com\/colegiolourdesva\" \/>\n<meta property=\"article:published_time\" content=\"2024-06-19T11:17:49+00:00\" \/>\n<meta property=\"article:modified_time\" content=\"2025-05-05T10:07:49+00:00\" \/>\n<meta property=\"og:image\" content=\"https:\/\/colegiolourdes.es\/wp-content\/uploads\/2024\/06\/Grajera-24-II.jpg\" \/>\n\t<meta property=\"og:image:width\" content=\"601\" \/>\n\t<meta property=\"og:image:height\" content=\"800\" \/>\n\t<meta property=\"og:image:type\" content=\"image\/jpeg\" \/>\n<meta name=\"author\" content=\"Santiago de Frutos\" \/>\n<meta name=\"twitter:card\" content=\"summary_large_image\" \/>\n<meta name=\"twitter:creator\" content=\"@ColeLourdesVa\" \/>\n<meta name=\"twitter:site\" content=\"@ColeLourdesVa\" \/>\n<meta name=\"twitter:label1\" content=\"Escrito por\" \/>\n\t<meta name=\"twitter:data1\" content=\"Santiago de Frutos\" \/>\n\t<meta name=\"twitter:label2\" content=\"Tiempo de lectura\" \/>\n\t<meta name=\"twitter:data2\" content=\"2 minutos\" \/>\n<script type=\"application\/ld+json\" class=\"yoast-schema-graph\">{\"@context\":\"https:\\\/\\\/schema.org\",\"@graph\":[{\"@type\":\"Article\",\"@id\":\"https:\\\/\\\/colegiolourdes.es\\\/index.php\\\/2024\\\/06\\\/grajera-ii-2\\\/#article\",\"isPartOf\":{\"@id\":\"https:\\\/\\\/colegiolourdes.es\\\/index.php\\\/2024\\\/06\\\/grajera-ii-2\\\/\"},\"author\":{\"name\":\"Santiago de Frutos\",\"@id\":\"https:\\\/\\\/colegiolourdes.es\\\/#\\\/schema\\\/person\\\/cd04676edc59cac8a30f15eb98eb4908\"},\"headline\":\"Grajera II\",\"datePublished\":\"2024-06-19T11:17:49+00:00\",\"dateModified\":\"2025-05-05T10:07:49+00:00\",\"mainEntityOfPage\":{\"@id\":\"https:\\\/\\\/colegiolourdes.es\\\/index.php\\\/2024\\\/06\\\/grajera-ii-2\\\/\"},\"wordCount\":180,\"publisher\":{\"@id\":\"https:\\\/\\\/colegiolourdes.es\\\/#organization\"},\"image\":{\"@id\":\"https:\\\/\\\/colegiolourdes.es\\\/index.php\\\/2024\\\/06\\\/grajera-ii-2\\\/#primaryimage\"},\"thumbnailUrl\":\"https:\\\/\\\/colegiolourdes.es\\\/wp-content\\\/uploads\\\/2024\\\/06\\\/Grajera-24-II.jpg\",\"keywords\":[\"#Gracias\",\"#juntosmejor\",\"#sentimientolourdes\",\"colegio lourdes\",\"Educaci\u00f3n\",\"Mira m\u00e1s all\u00e1\",\"Somos La Salle\"],\"articleSection\":[\"Curso 2023-24\",\"Noticias\",\"Primaria\"],\"inLanguage\":\"es\"},{\"@type\":\"WebPage\",\"@id\":\"https:\\\/\\\/colegiolourdes.es\\\/index.php\\\/2024\\\/06\\\/grajera-ii-2\\\/\",\"url\":\"https:\\\/\\\/colegiolourdes.es\\\/index.php\\\/2024\\\/06\\\/grajera-ii-2\\\/\",\"name\":\"Grajera II - Colegio Lourdes\",\"isPartOf\":{\"@id\":\"https:\\\/\\\/colegiolourdes.es\\\/#website\"},\"primaryImageOfPage\":{\"@id\":\"https:\\\/\\\/colegiolourdes.es\\\/index.php\\\/2024\\\/06\\\/grajera-ii-2\\\/#primaryimage\"},\"image\":{\"@id\":\"https:\\\/\\\/colegiolourdes.es\\\/index.php\\\/2024\\\/06\\\/grajera-ii-2\\\/#primaryimage\"},\"thumbnailUrl\":\"https:\\\/\\\/colegiolourdes.es\\\/wp-content\\\/uploads\\\/2024\\\/06\\\/Grajera-24-II.jpg\",\"datePublished\":\"2024-06-19T11:17:49+00:00\",\"dateModified\":\"2025-05-05T10:07:49+00:00\",\"inLanguage\":\"es\",\"potentialAction\":[{\"@type\":\"ReadAction\",\"target\":[\"https:\\\/\\\/colegiolourdes.es\\\/index.php\\\/2024\\\/06\\\/grajera-ii-2\\\/\"]}]},{\"@type\":\"ImageObject\",\"inLanguage\":\"es\",\"@id\":\"https:\\\/\\\/colegiolourdes.es\\\/index.php\\\/2024\\\/06\\\/grajera-ii-2\\\/#primaryimage\",\"url\":\"https:\\\/\\\/colegiolourdes.es\\\/wp-content\\\/uploads\\\/2024\\\/06\\\/Grajera-24-II.jpg\",\"contentUrl\":\"https:\\\/\\\/colegiolourdes.es\\\/wp-content\\\/uploads\\\/2024\\\/06\\\/Grajera-24-II.jpg\",\"width\":601,\"height\":800,\"caption\":\"Grajera 24 - II\"},{\"@type\":\"WebSite\",\"@id\":\"https:\\\/\\\/colegiolourdes.es\\\/#website\",\"url\":\"https:\\\/\\\/colegiolourdes.es\\\/\",\"name\":\"Colegio Lourdes\",\"description\":\"Web del Colegio Nuestra Se\u00f1ora de Lourdes de Valladolid.\",\"publisher\":{\"@id\":\"https:\\\/\\\/colegiolourdes.es\\\/#organization\"},\"alternateName\":\"Colegio Nuestra Se\u00f1ora de Lourdes\",\"potentialAction\":[{\"@type\":\"SearchAction\",\"target\":{\"@type\":\"EntryPoint\",\"urlTemplate\":\"https:\\\/\\\/colegiolourdes.es\\\/?s={search_term_string}\"},\"query-input\":{\"@type\":\"PropertyValueSpecification\",\"valueRequired\":true,\"valueName\":\"search_term_string\"}}],\"inLanguage\":\"es\"},{\"@type\":\"Organization\",\"@id\":\"https:\\\/\\\/colegiolourdes.es\\\/#organization\",\"name\":\"Colegio Nuestra Se\u00f1ora de Lourdes\",\"alternateName\":\"Colegio Lourdes Valladolid\",\"url\":\"https:\\\/\\\/colegiolourdes.es\\\/\",\"logo\":{\"@type\":\"ImageObject\",\"inLanguage\":\"es\",\"@id\":\"https:\\\/\\\/colegiolourdes.es\\\/#\\\/schema\\\/logo\\\/image\\\/\",\"url\":\"https:\\\/\\\/colegiolourdes.es\\\/wp-content\\\/uploads\\\/2021\\\/11\\\/cropped-Escudo.png\",\"contentUrl\":\"https:\\\/\\\/colegiolourdes.es\\\/wp-content\\\/uploads\\\/2021\\\/11\\\/cropped-Escudo.png\",\"width\":85,\"height\":105,\"caption\":\"Colegio Nuestra Se\u00f1ora de Lourdes\"},\"image\":{\"@id\":\"https:\\\/\\\/colegiolourdes.es\\\/#\\\/schema\\\/logo\\\/image\\\/\"},\"sameAs\":[\"https:\\\/\\\/www.facebook.com\\\/colegiolourdesva\",\"https:\\\/\\\/x.com\\\/ColeLourdesVa\",\"https:\\\/\\\/www.instagram.com\\\/colegio_lourdes_valladolid\\\/\"]},{\"@type\":\"Person\",\"@id\":\"https:\\\/\\\/colegiolourdes.es\\\/#\\\/schema\\\/person\\\/cd04676edc59cac8a30f15eb98eb4908\",\"name\":\"Santiago de Frutos\",\"image\":{\"@type\":\"ImageObject\",\"inLanguage\":\"es\",\"@id\":\"https:\\\/\\\/secure.gravatar.com\\\/avatar\\\/70dada565ce0dc4d7bf0c790be8d5ba31c607451b0e237d399ecb7f01c923a50?s=96&d=mm&r=g\",\"url\":\"https:\\\/\\\/secure.gravatar.com\\\/avatar\\\/70dada565ce0dc4d7bf0c790be8d5ba31c607451b0e237d399ecb7f01c923a50?s=96&d=mm&r=g\",\"contentUrl\":\"https:\\\/\\\/secure.gravatar.com\\\/avatar\\\/70dada565ce0dc4d7bf0c790be8d5ba31c607451b0e237d399ecb7f01c923a50?s=96&d=mm&r=g\",\"caption\":\"Santiago de Frutos\"},\"url\":\"https:\\\/\\\/colegiolourdes.es\\\/index.php\\\/author\\\/santiago\\\/\"}]}<\/script>\n<!-- \/ Yoast SEO plugin. -->","yoast_head_json":{"title":"Grajera II - Colegio Lourdes","robots":{"index":"index","follow":"follow","max-snippet":"max-snippet:-1","max-image-preview":"max-image-preview:large","max-video-preview":"max-video-preview:-1"},"canonical":"https:\/\/colegiolourdes.es\/index.php\/2024\/06\/grajera-ii-2\/","og_locale":"es_ES","og_type":"article","og_title":"Grajera II - Colegio Lourdes","og_description":"Los alumnos de 4\u00ba de primaria del Colegio Lourdes han pasado dos d\u00edas incre\u00edbles en el campamento de aventuras en Grajera.","og_url":"https:\/\/colegiolourdes.es\/index.php\/2024\/06\/grajera-ii-2\/","og_site_name":"Colegio Lourdes","article_publisher":"https:\/\/www.facebook.com\/colegiolourdesva","article_published_time":"2024-06-19T11:17:49+00:00","article_modified_time":"2025-05-05T10:07:49+00:00","og_image":[{"width":601,"height":800,"url":"https:\/\/colegiolourdes.es\/wp-content\/uploads\/2024\/06\/Grajera-24-II.jpg","type":"image\/jpeg"}],"author":"Santiago de Frutos","twitter_card":"summary_large_image","twitter_creator":"@ColeLourdesVa","twitter_site":"@ColeLourdesVa","twitter_misc":{"Escrito por":"Santiago de Frutos","Tiempo de lectura":"2 minutos"},"schema":{"@context":"https:\/\/schema.org","@graph":[{"@type":"Article","@id":"https:\/\/colegiolourdes.es\/index.php\/2024\/06\/grajera-ii-2\/#article","isPartOf":{"@id":"https:\/\/colegiolourdes.es\/index.php\/2024\/06\/grajera-ii-2\/"},"author":{"name":"Santiago de Frutos","@id":"https:\/\/colegiolourdes.es\/#\/schema\/person\/cd04676edc59cac8a30f15eb98eb4908"},"headline":"Grajera II","datePublished":"2024-06-19T11:17:49+00:00","dateModified":"2025-05-05T10:07:49+00:00","mainEntityOfPage":{"@id":"https:\/\/colegiolourdes.es\/index.php\/2024\/06\/grajera-ii-2\/"},"wordCount":180,"publisher":{"@id":"https:\/\/colegiolourdes.es\/#organization"},"image":{"@id":"https:\/\/colegiolourdes.es\/index.php\/2024\/06\/grajera-ii-2\/#primaryimage"},"thumbnailUrl":"https:\/\/colegiolourdes.es\/wp-content\/uploads\/2024\/06\/Grajera-24-II.jpg","keywords":["#Gracias","#juntosmejor","#sentimientolourdes","colegio lourdes","Educaci\u00f3n","Mira m\u00e1s all\u00e1","Somos La Salle"],"articleSection":["Curso 2023-24","Noticias","Primaria"],"inLanguage":"es"},{"@type":"WebPage","@id":"https:\/\/colegiolourdes.es\/index.php\/2024\/06\/grajera-ii-2\/","url":"https:\/\/colegiolourdes.es\/index.php\/2024\/06\/grajera-ii-2\/","name":"Grajera II - Colegio Lourdes","isPartOf":{"@id":"https:\/\/colegiolourdes.es\/#website"},"primaryImageOfPage":{"@id":"https:\/\/colegiolourdes.es\/index.php\/2024\/06\/grajera-ii-2\/#primaryimage"},"image":{"@id":"https:\/\/colegiolourdes.es\/index.php\/2024\/06\/grajera-ii-2\/#primaryimage"},"thumbnailUrl":"https:\/\/colegiolourdes.es\/wp-content\/uploads\/2024\/06\/Grajera-24-II.jpg","datePublished":"2024-06-19T11:17:49+00:00","dateModified":"2025-05-05T10:07:49+00:00","inLanguage":"es","potentialAction":[{"@type":"ReadAction","target":["https:\/\/colegiolourdes.es\/index.php\/2024\/06\/grajera-ii-2\/"]}]},{"@type":"ImageObject","inLanguage":"es","@id":"https:\/\/colegiolourdes.es\/index.php\/2024\/06\/grajera-ii-2\/#primaryimage","url":"https:\/\/colegiolourdes.es\/wp-content\/uploads\/2024\/06\/Grajera-24-II.jpg","contentUrl":"https:\/\/colegiolourdes.es\/wp-content\/uploads\/2024\/06\/Grajera-24-II.jpg","width":601,"height":800,"caption":"Grajera 24 - II"},{"@type":"WebSite","@id":"https:\/\/colegiolourdes.es\/#website","url":"https:\/\/colegiolourdes.es\/","name":"Colegio Lourdes","description":"Web del Colegio Nuestra Se\u00f1ora de Lourdes de Valladolid.","publisher":{"@id":"https:\/\/colegiolourdes.es\/#organization"},"alternateName":"Colegio Nuestra Se\u00f1ora de Lourdes","potentialAction":[{"@type":"SearchAction","target":{"@type":"EntryPoint","urlTemplate":"https:\/\/colegiolourdes.es\/?s={search_term_string}"},"query-input":{"@type":"PropertyValueSpecification","valueRequired":true,"valueName":"search_term_string"}}],"inLanguage":"es"},{"@type":"Organization","@id":"https:\/\/colegiolourdes.es\/#organization","name":"Colegio Nuestra Se\u00f1ora de Lourdes","alternateName":"Colegio Lourdes Valladolid","url":"https:\/\/colegiolourdes.es\/","logo":{"@type":"ImageObject","inLanguage":"es","@id":"https:\/\/colegiolourdes.es\/#\/schema\/logo\/image\/","url":"https:\/\/colegiolourdes.es\/wp-content\/uploads\/2021\/11\/cropped-Escudo.png","contentUrl":"https:\/\/colegiolourdes.es\/wp-content\/uploads\/2021\/11\/cropped-Escudo.png","width":85,"height":105,"caption":"Colegio Nuestra Se\u00f1ora de Lourdes"},"image":{"@id":"https:\/\/colegiolourdes.es\/#\/schema\/logo\/image\/"},"sameAs":["https:\/\/www.facebook.com\/colegiolourdesva","https:\/\/x.com\/ColeLourdesVa","https:\/\/www.instagram.com\/colegio_lourdes_valladolid\/"]},{"@type":"Person","@id":"https:\/\/colegiolourdes.es\/#\/schema\/person\/cd04676edc59cac8a30f15eb98eb4908","name":"Santiago de Frutos","image":{"@type":"ImageObject","inLanguage":"es","@id":"https:\/\/secure.gravatar.com\/avatar\/70dada565ce0dc4d7bf0c790be8d5ba31c607451b0e237d399ecb7f01c923a50?s=96&d=mm&r=g","url":"https:\/\/secure.gravatar.com\/avatar\/70dada565ce0dc4d7bf0c790be8d5ba31c607451b0e237d399ecb7f01c923a50?s=96&d=mm&r=g","contentUrl":"https:\/\/secure.gravatar.com\/avatar\/70dada565ce0dc4d7bf0c790be8d5ba31c607451b0e237d399ecb7f01c923a50?s=96&d=mm&r=g","caption":"Santiago de Frutos"},"url":"https:\/\/colegiolourdes.es\/index.php\/author\/santiago\/"}]}},"_links":{"self":[{"href":"https:\/\/colegiolourdes.es\/index.php\/wp-json\/wp\/v2\/posts\/75809","targetHints":{"allow":["GET"]}}],"collection":[{"href":"https:\/\/colegiolourdes.es\/index.php\/wp-json\/wp\/v2\/posts"}],"about":[{"href":"https:\/\/colegiolourdes.es\/index.php\/wp-json\/wp\/v2\/types\/post"}],"author":[{"embeddable":true,"href":"https:\/\/colegiolourdes.es\/index.php\/wp-json\/wp\/v2\/users\/5"}],"replies":[{"embeddable":true,"href":"https:\/\/colegiolourdes.es\/index.php\/wp-json\/wp\/v2\/comments?post=75809"}],"version-history":[{"count":3,"href":"https:\/\/colegiolourdes.es\/index.php\/wp-json\/wp\/v2\/posts\/75809\/revisions"}],"predecessor-version":[{"id":75833,"href":"https:\/\/colegiolourdes.es\/index.php\/wp-json\/wp\/v2\/posts\/75809\/revisions\/75833"}],"wp:featuredmedia":[{"embeddable":true,"href":"https:\/\/colegiolourdes.es\/index.php\/wp-json\/wp\/v2\/media\/75812"}],"wp:attachment":[{"href":"https:\/\/colegiolourdes.es\/index.php\/wp-json\/wp\/v2\/media?parent=75809"}],"wp:term":[{"taxonomy":"category","embeddable":true,"href":"https:\/\/colegiolourdes.es\/index.php\/wp-json\/wp\/v2\/categories?post=75809"},{"taxonomy":"post_tag","embeddable":true,"href":"https:\/\/colegiolourdes.es\/index.php\/wp-json\/wp\/v2\/tags?post=75809"}],"curies":[{"name":"wp","href":"https:\/\/api.w.org\/{rel}","templated":true}]}}