{"id":8713,"date":"2021-09-03T11:08:12","date_gmt":"2021-09-03T11:08:12","guid":{"rendered":"https:\/\/colegiolourdes.es\/?p=8713"},"modified":"2025-05-05T11:47:31","modified_gmt":"2025-05-05T09:47:31","slug":"curso-de-formacion-hara-en-arcas-reales","status":"publish","type":"post","link":"https:\/\/colegiolourdes.es\/index.php\/2021\/09\/curso-de-formacion-hara-en-arcas-reales\/","title":{"rendered":"Curso de formaci\u00f3n Hara en Arcas Reales"},"content":{"rendered":"<div class=\"brz-root__container brz-reset-all brz brz-root__container-page\">\n<section id=\"_yrvsfvlogiajavdycwhmcjjjxqqsgknzujmj\" class=\"brz-section brz-css-zru93u brz-css-rlhc9q\">\n<div class=\"brz-section__content brz-section--fullWidth brz-css-hkidmw brz-css-1qvvxhv\" data-brz-custom-id=\"xvulwemrintftpyxnalowtqrdztcyhukfycq\">\n<div class=\"brz-bg\">\n<div class=\"brz-bg-image\"><\/div>\n<\/div>\n<div class=\"brz-container brz-css-1rw7276 brz-css-7of9c2\"><\/div>\n<\/div>\n<\/section>\n<section id=\"_usvxkzznfouchmprmxelmqghismnvqthksoj\" class=\"brz-section brz-css-zru93u\">\n<div class=\"brz-section__content brz-section--boxed brz-css-hkidmw brz-css-1j44glc\" data-brz-custom-id=\"ttcwciacelltcqvptvmlsqtkdickkdcmvvpz\">\n<div class=\"brz-bg\">\n<div class=\"brz-bg-color\"><\/div>\n<\/div>\n<div class=\"brz-container brz-css-1rw7276\">\n<div class=\"brz-row__container brz-css-b5ll7h\" data-brz-custom-id=\"odnhniqlksgvpuoaagadxmcihwjtzfotqhdn\">\n<div class=\"brz-bg\"><\/div>\n<div class=\"brz-row brz-css-145hcnu\">\n<div class=\"brz-columns brz-css-1c6rpqq brz-css-x4hln3\" data-brz-custom-id=\"fwjlktqbiqluxcovurfuatvbywkxyfhogwlo\">\n<div class=\"brz-bg\"><\/div>\n<div class=\"brz-column__items brz-css-1jk733q brz-css-ux5ml5\">\n<div id=\"\" class=\"brz-css-ihn7qa brz-css-1nzcg02 brz-wrapper\">\n<div class=\"brz-video brz-youtube-video brz-video-on-controls-hidden brz-css-7mjxk2\" data-brz-custom-id=\"iiojqbtnvnryhybklxsuonmzlvzigyhbskuo\">\n<div class=\"brz-video-content\" data-loop=\"false\" data-muted=\"false\" data-autoplay=\"off\">\n<div class=\"video-wrapper brz-image-fix-16-9\">\n<div class=\"brz-video-data brz-hidden\" data-src=\"https:\/\/www.youtube.com\/embed\/TvvFZ6xUcrA?autoplay=0&amp;controls=1&amp;start=0&amp;end=0&amp;modestbranding=0&amp;wmode=transparent&amp;enablejsapi=1&amp;loop=0&amp;rel=0&amp;mute=0\" data-population=\"\" data-controls=\"true\" data-branding=\"true\" data-intro=\"true\" data-start=\"0\" data-end=\"0\" data-loop=\"false\" data-autoplay=\"off\"><\/div>\n<\/div>\n<\/div>\n<\/div>\n<\/div>\n<div id=\"\" class=\"brz-css-ihn7qa brz-css-1n6qxx0 brz-wrapper\">\n<div class=\"brz-line brz-line-default brz-css-xe4005 brz-css-6ccfhr\" data-brz-custom-id=\"vliuesgdrevykahxptxxfedszejwzktdmzho\">\n<hr class=\"brz-hr\"><\/div>\n<\/div>\n<div id=\"\" class=\"brz-css-ihn7qa brz-wrapper\">\n<div class=\"brz-rich-text brz-rich-text__custom brz-css-cy8uoy\" data-brz-custom-id=\"litswwyhdelxjbxxfwfmspoghslvezeazwff\">\n<div data-brz-translate-text=\"1\">\n<p class=\"brz-tp-lg-paragraph brz-css-zbQU1\" data-uniq-id=\"yhdfb\" data-generated-css=\"brz-css-vgoue\">Un grupo de 26 docentes, entre los que se encontraban Laura Bertol (profesora de Primaria)&nbsp; y To\u00f1o santamar\u00eda&nbsp; (profesor de Secundaria y Bachillerato), se dieron cita en Arcas Reales del 30 de agosto al 1 de septiembre para recibir un curso de interioridad a cargo de Javier Palacios Alonso y el H. Rafael Palomera. Dando a\u00fan los primeros pasos en el arranque del curso, la jornada formativa del d\u00eda 30 gir\u00f3 en torno a la presentaci\u00f3n de la interioridad como pr\u00e1ctica nuclear en la escuela lasaliana. \u201c\u00bfSe puede hacer interioridad en este momento en el que vivimos?\u201d -preguntaba Javier Palacios, a lo que \u00e9l mismo respond\u00eda: \u00a1se debe!<\/p>\n<p class=\"brz-tp-lg-paragraph brz-css-s95zU\" data-uniq-id=\"xheze\" data-generated-css=\"brz-css-afrhh\"><\/p>\n<p class=\"brz-tp-lg-paragraph brz-css-gzBxm\" data-uniq-id=\"wlncd\" data-generated-css=\"brz-css-dnnvx\">Educar en la interioridad es educar en la respiraci\u00f3n, en la postura, en la expresi\u00f3n corporal y en el ser persona; as\u00ed comenzaba la meditaci\u00f3n de la ma\u00f1ana del d\u00eda 31, jornada en la que se pusieron en pr\u00e1ctica algunas din\u00e1micas que forman parte del itinerario Hara de los centros educativos. <em>La revoluci\u00f3n de la toalla, Toda vida es sagrada y Me abandono a ti<\/em> fueron las sesiones abordadas por los asistentes, que tambi\u00e9n tuvieron tiempo para profundizar en el baile como actividad \u00f3ptima para la expresi\u00f3n corporal.<\/p>\n<p class=\"brz-tp-lg-paragraph brz-css-ilgug\" data-uniq-id=\"nisar\" data-generated-css=\"brz-css-zfyao\"><\/p>\n<p class=\"brz-tp-lg-paragraph brz-css-tGue2\" data-uniq-id=\"mcldh\" data-generated-css=\"brz-css-uefcc\">Finalmente, el d\u00eda 1 de septiembre se puso la guinda del encuentro con tres espacios en los que se trabajaron las relajaciones activas de Jacobson, la importancia del gesto y las indicaciones esenciales que tiene que seguir un contexto Hara para favorecer el desarrollo de la pr\u00e1ctica con alumnos, familia y educadores. \u201cEl primer paso para conocer a los dem\u00e1s es conocerse a uno mismo\u201d -conclu\u00eda Javier Palacios, y la interioridad al estilo Hara forma parte de la realidad integral de escuela hacia la que caminan los centros La Salle.<\/p>\n<\/div>\n<\/div>\n<\/div>\n<\/div>\n<\/div>\n<div class=\"brz-columns brz-css-1c6rpqq brz-css-sczqj9\" data-brz-custom-id=\"nnjareluuchlwlnntdambikoxqnembvzwtha\">\n<div class=\"brz-bg\"><\/div>\n<div class=\"brz-column__items brz-css-1jk733q brz-css-145wvhf\">\n<div id=\"\" class=\"brz-css-ihn7qa brz-css-b8p1kz brz-wrapper\">\n<div class=\"brz-rich-text brz-rich-text__custom brz-css-cy8uoy\" data-brz-custom-id=\"jfvvmyqvwcwefqtohxvaohefzmyvfrnmollf\">\n<div data-brz-translate-text=\"1\">\n<p class=\"brz-fs-xs-30 brz-text-lg-left brz-lh-lg-1 brz-fw-lg-400 brz-fs-lg-99 brz-ff-montserrat brz-ls-lg-m_1_5 brz-fs-sm-30 brz-css-c0umC\" data-uniq-id=\"prnew\" data-generated-css=\"brz-css-ksrfr\"><span class=\"brz-cp-color1\">Agos2021<\/span><\/p>\n<\/div>\n<\/div>\n<\/div>\n<div id=\"\" class=\"brz-css-ihn7qa brz-css-kxafcz brz-wrapper\">\n<div class=\"brz-line brz-line-default brz-css-xe4005 brz-css-2bggrw\" data-brz-custom-id=\"obpomlrxvicsgmxkadacgnbezwwcushdouje\">\n<hr class=\"brz-hr\"><\/div>\n<\/div>\n<div id=\"\" class=\"brz-css-ihn7qa brz-wrapper\">\n<div class=\"brz-rich-text brz-rich-text__custom brz-css-cy8uoy\" data-brz-custom-id=\"ibuozhewvxqopfoqqiatgizsnreoosabiyer\">\n<div data-brz-translate-text=\"1\">\n<p class=\"brz-tp-lg-button brz-text-lg-left brz-css-nvClY\" data-uniq-id=\"vkqpi\" data-generated-css=\"brz-css-zfaiw\"><strong class=\"brz-cp-color1\">PROFESORADO<\/strong><\/p>\n<\/div>\n<\/div>\n<\/div>\n<\/div>\n<\/div>\n<\/div>\n<\/div>\n<div id=\"\" class=\"brz-css-ihn7qa brz-css-yzbm86 brz-css-g2q6v1 brz-wrapper\">\n<div class=\"brz-spacer brz-css-vjd5u4\"><\/div>\n<\/div>\n<div id=\"\" class=\"brz-css-ihn7qa brz-wrapper\">\n<div class=\"brz-image brz-css-1qbk4fj\" data-brz-custom-id=\"pcuklbsgbmcpplxzqsbwifnjqokewpybmdty\"><a class=\"brz-a\" href=\"https:\/\/colegiolourdes.es\/wp-content\/uploads\/2021\/09\/2021.08.31-Colegio-Formacion.Hara_.jpg\" target=\"_self\" rel=\"noopener\" data-brz-link-type=\"lightBox\"><img decoding=\"async\" class=\"brz-img\" src=\"https:\/\/colegiolourdes.es\/wp-content\/uploads\/brizy\/imgs\/2021.08.31-Colegio-Formacion.Hara_-1170x780x0x152x1170x460x1630667222.jpg\" alt=\"\" loading=\"lazy\"><\/a><\/div>\n<\/div>\n<\/div>\n<\/div>\n<\/section>\n<\/div>\n<p>    <!-- version:1736998490 --><\/p>\n","protected":false},"excerpt":{"rendered":"<p>Un grupo de 26 docentes, entre los que se encontraban Laura Bertol y To\u00f1o Santamar\u00eda, recibieron un curso de interioridad a cargo de Javier Palacios Alonso y el H. Rafael Palomera. <\/p>\n","protected":false},"author":5,"featured_media":8714,"comment_status":"closed","ping_status":"closed","sticky":false,"template":"brizy-blank-template.php","format":"standard","meta":{"footnotes":""},"categories":[38,3],"tags":[42,15,45,46,17,18],"class_list":["post-8713","post","type-post","status-publish","format-standard","has-post-thumbnail","hentry","category-curso-2021-22","category-noticias","tag-sentimientolourdes","tag-colegio-lourdes","tag-estas-en-casa","tag-hara","tag-mira-mas-alla","tag-somos-la-salle","entry"],"yoast_head":"<!-- This site is optimized with the Yoast SEO plugin v27.5 - https:\/\/yoast.com\/product\/yoast-seo-wordpress\/ -->\n<title>Curso de formaci\u00f3n Hara en Arcas Reales - Colegio Lourdes<\/title>\n<meta name=\"robots\" content=\"index, follow, max-snippet:-1, max-image-preview:large, max-video-preview:-1\" \/>\n<link rel=\"canonical\" href=\"https:\/\/colegiolourdes.es\/index.php\/2021\/09\/curso-de-formacion-hara-en-arcas-reales\/\" \/>\n<meta property=\"og:locale\" content=\"es_ES\" \/>\n<meta property=\"og:type\" content=\"article\" \/>\n<meta property=\"og:title\" content=\"Curso de formaci\u00f3n Hara en Arcas Reales - Colegio Lourdes\" \/>\n<meta property=\"og:description\" content=\"Un grupo de 26 docentes, entre los que se encontraban Laura Bertol y To\u00f1o Santamar\u00eda, recibieron un curso de interioridad a cargo de Javier Palacios Alonso y el H. Rafael Palomera.\" \/>\n<meta property=\"og:url\" content=\"https:\/\/colegiolourdes.es\/index.php\/2021\/09\/curso-de-formacion-hara-en-arcas-reales\/\" \/>\n<meta property=\"og:site_name\" content=\"Colegio Lourdes\" \/>\n<meta property=\"article:publisher\" content=\"https:\/\/www.facebook.com\/colegiolourdesva\" \/>\n<meta property=\"article:published_time\" content=\"2021-09-03T11:08:12+00:00\" \/>\n<meta property=\"article:modified_time\" content=\"2025-05-05T09:47:31+00:00\" \/>\n<meta property=\"og:image\" content=\"https:\/\/colegiolourdes.es\/wp-content\/uploads\/2021\/09\/2021-08-31-Formacion-Hara-miniatura-horizontal.jpg\" \/>\n\t<meta property=\"og:image:width\" content=\"1920\" \/>\n\t<meta property=\"og:image:height\" content=\"1080\" \/>\n\t<meta property=\"og:image:type\" content=\"image\/jpeg\" \/>\n<meta name=\"author\" content=\"Santiago de Frutos\" \/>\n<meta name=\"twitter:card\" content=\"summary_large_image\" \/>\n<meta name=\"twitter:creator\" content=\"@ColeLourdesVa\" \/>\n<meta name=\"twitter:site\" content=\"@ColeLourdesVa\" \/>\n<meta name=\"twitter:label1\" content=\"Escrito por\" \/>\n\t<meta name=\"twitter:data1\" content=\"Santiago de Frutos\" \/>\n\t<meta name=\"twitter:label2\" content=\"Tiempo de lectura\" \/>\n\t<meta name=\"twitter:data2\" content=\"1 minuto\" \/>\n<script type=\"application\/ld+json\" class=\"yoast-schema-graph\">{\"@context\":\"https:\\\/\\\/schema.org\",\"@graph\":[{\"@type\":\"Article\",\"@id\":\"https:\\\/\\\/colegiolourdes.es\\\/index.php\\\/2021\\\/09\\\/curso-de-formacion-hara-en-arcas-reales\\\/#article\",\"isPartOf\":{\"@id\":\"https:\\\/\\\/colegiolourdes.es\\\/index.php\\\/2021\\\/09\\\/curso-de-formacion-hara-en-arcas-reales\\\/\"},\"author\":{\"name\":\"Santiago de Frutos\",\"@id\":\"https:\\\/\\\/colegiolourdes.es\\\/#\\\/schema\\\/person\\\/fc68a6813395da4c795f5103ba1f53b6\"},\"headline\":\"Curso de formaci\u00f3n Hara en Arcas Reales\",\"datePublished\":\"2021-09-03T11:08:12+00:00\",\"dateModified\":\"2025-05-05T09:47:31+00:00\",\"mainEntityOfPage\":{\"@id\":\"https:\\\/\\\/colegiolourdes.es\\\/index.php\\\/2021\\\/09\\\/curso-de-formacion-hara-en-arcas-reales\\\/\"},\"wordCount\":313,\"publisher\":{\"@id\":\"https:\\\/\\\/colegiolourdes.es\\\/#organization\"},\"image\":{\"@id\":\"https:\\\/\\\/colegiolourdes.es\\\/index.php\\\/2021\\\/09\\\/curso-de-formacion-hara-en-arcas-reales\\\/#primaryimage\"},\"thumbnailUrl\":\"https:\\\/\\\/colegiolourdes.es\\\/wp-content\\\/uploads\\\/2021\\\/09\\\/2021-08-31-Formacion-Hara-miniatura-horizontal.jpg\",\"keywords\":[\"#sentimientolourdes\",\"colegio lourdes\",\"Est\u00e1s en Casa\",\"Hara\",\"Mira m\u00e1s all\u00e1\",\"Somos La Salle\"],\"articleSection\":[\"Curso 2021-22\",\"Noticias\"],\"inLanguage\":\"es\"},{\"@type\":\"WebPage\",\"@id\":\"https:\\\/\\\/colegiolourdes.es\\\/index.php\\\/2021\\\/09\\\/curso-de-formacion-hara-en-arcas-reales\\\/\",\"url\":\"https:\\\/\\\/colegiolourdes.es\\\/index.php\\\/2021\\\/09\\\/curso-de-formacion-hara-en-arcas-reales\\\/\",\"name\":\"Curso de formaci\u00f3n Hara en Arcas Reales - Colegio Lourdes\",\"isPartOf\":{\"@id\":\"https:\\\/\\\/colegiolourdes.es\\\/#website\"},\"primaryImageOfPage\":{\"@id\":\"https:\\\/\\\/colegiolourdes.es\\\/index.php\\\/2021\\\/09\\\/curso-de-formacion-hara-en-arcas-reales\\\/#primaryimage\"},\"image\":{\"@id\":\"https:\\\/\\\/colegiolourdes.es\\\/index.php\\\/2021\\\/09\\\/curso-de-formacion-hara-en-arcas-reales\\\/#primaryimage\"},\"thumbnailUrl\":\"https:\\\/\\\/colegiolourdes.es\\\/wp-content\\\/uploads\\\/2021\\\/09\\\/2021-08-31-Formacion-Hara-miniatura-horizontal.jpg\",\"datePublished\":\"2021-09-03T11:08:12+00:00\",\"dateModified\":\"2025-05-05T09:47:31+00:00\",\"inLanguage\":\"es\",\"potentialAction\":[{\"@type\":\"ReadAction\",\"target\":[\"https:\\\/\\\/colegiolourdes.es\\\/index.php\\\/2021\\\/09\\\/curso-de-formacion-hara-en-arcas-reales\\\/\"]}]},{\"@type\":\"ImageObject\",\"inLanguage\":\"es\",\"@id\":\"https:\\\/\\\/colegiolourdes.es\\\/index.php\\\/2021\\\/09\\\/curso-de-formacion-hara-en-arcas-reales\\\/#primaryimage\",\"url\":\"https:\\\/\\\/colegiolourdes.es\\\/wp-content\\\/uploads\\\/2021\\\/09\\\/2021-08-31-Formacion-Hara-miniatura-horizontal.jpg\",\"contentUrl\":\"https:\\\/\\\/colegiolourdes.es\\\/wp-content\\\/uploads\\\/2021\\\/09\\\/2021-08-31-Formacion-Hara-miniatura-horizontal.jpg\",\"width\":1920,\"height\":1080},{\"@type\":\"WebSite\",\"@id\":\"https:\\\/\\\/colegiolourdes.es\\\/#website\",\"url\":\"https:\\\/\\\/colegiolourdes.es\\\/\",\"name\":\"Colegio Lourdes\",\"description\":\"Web del Colegio Nuestra Se\u00f1ora de Lourdes de Valladolid.\",\"publisher\":{\"@id\":\"https:\\\/\\\/colegiolourdes.es\\\/#organization\"},\"alternateName\":\"Colegio Nuestra Se\u00f1ora de Lourdes\",\"potentialAction\":[{\"@type\":\"SearchAction\",\"target\":{\"@type\":\"EntryPoint\",\"urlTemplate\":\"https:\\\/\\\/colegiolourdes.es\\\/?s={search_term_string}\"},\"query-input\":{\"@type\":\"PropertyValueSpecification\",\"valueRequired\":true,\"valueName\":\"search_term_string\"}}],\"inLanguage\":\"es\"},{\"@type\":\"Organization\",\"@id\":\"https:\\\/\\\/colegiolourdes.es\\\/#organization\",\"name\":\"Colegio Nuestra Se\u00f1ora de Lourdes\",\"alternateName\":\"Colegio Lourdes Valladolid\",\"url\":\"https:\\\/\\\/colegiolourdes.es\\\/\",\"logo\":{\"@type\":\"ImageObject\",\"inLanguage\":\"es\",\"@id\":\"https:\\\/\\\/colegiolourdes.es\\\/#\\\/schema\\\/logo\\\/image\\\/\",\"url\":\"https:\\\/\\\/colegiolourdes.es\\\/wp-content\\\/uploads\\\/2021\\\/11\\\/cropped-Escudo.png\",\"contentUrl\":\"https:\\\/\\\/colegiolourdes.es\\\/wp-content\\\/uploads\\\/2021\\\/11\\\/cropped-Escudo.png\",\"width\":85,\"height\":105,\"caption\":\"Colegio Nuestra Se\u00f1ora de Lourdes\"},\"image\":{\"@id\":\"https:\\\/\\\/colegiolourdes.es\\\/#\\\/schema\\\/logo\\\/image\\\/\"},\"sameAs\":[\"https:\\\/\\\/www.facebook.com\\\/colegiolourdesva\",\"https:\\\/\\\/x.com\\\/ColeLourdesVa\",\"https:\\\/\\\/www.instagram.com\\\/colegio_lourdes_valladolid\\\/\"]},{\"@type\":\"Person\",\"@id\":\"https:\\\/\\\/colegiolourdes.es\\\/#\\\/schema\\\/person\\\/fc68a6813395da4c795f5103ba1f53b6\",\"name\":\"Santiago de Frutos\",\"image\":{\"@type\":\"ImageObject\",\"inLanguage\":\"es\",\"@id\":\"https:\\\/\\\/secure.gravatar.com\\\/avatar\\\/70dada565ce0dc4d7bf0c790be8d5ba31c607451b0e237d399ecb7f01c923a50?s=96&d=mm&r=g\",\"url\":\"https:\\\/\\\/secure.gravatar.com\\\/avatar\\\/70dada565ce0dc4d7bf0c790be8d5ba31c607451b0e237d399ecb7f01c923a50?s=96&d=mm&r=g\",\"contentUrl\":\"https:\\\/\\\/secure.gravatar.com\\\/avatar\\\/70dada565ce0dc4d7bf0c790be8d5ba31c607451b0e237d399ecb7f01c923a50?s=96&d=mm&r=g\",\"caption\":\"Santiago de Frutos\"},\"url\":\"https:\\\/\\\/colegiolourdes.es\\\/index.php\\\/author\\\/santiago\\\/\"}]}<\/script>\n<!-- \/ Yoast SEO plugin. -->","yoast_head_json":{"title":"Curso de formaci\u00f3n Hara en Arcas Reales - Colegio Lourdes","robots":{"index":"index","follow":"follow","max-snippet":"max-snippet:-1","max-image-preview":"max-image-preview:large","max-video-preview":"max-video-preview:-1"},"canonical":"https:\/\/colegiolourdes.es\/index.php\/2021\/09\/curso-de-formacion-hara-en-arcas-reales\/","og_locale":"es_ES","og_type":"article","og_title":"Curso de formaci\u00f3n Hara en Arcas Reales - Colegio Lourdes","og_description":"Un grupo de 26 docentes, entre los que se encontraban Laura Bertol y To\u00f1o Santamar\u00eda, recibieron un curso de interioridad a cargo de Javier Palacios Alonso y el H. Rafael Palomera.","og_url":"https:\/\/colegiolourdes.es\/index.php\/2021\/09\/curso-de-formacion-hara-en-arcas-reales\/","og_site_name":"Colegio Lourdes","article_publisher":"https:\/\/www.facebook.com\/colegiolourdesva","article_published_time":"2021-09-03T11:08:12+00:00","article_modified_time":"2025-05-05T09:47:31+00:00","og_image":[{"width":1920,"height":1080,"url":"https:\/\/colegiolourdes.es\/wp-content\/uploads\/2021\/09\/2021-08-31-Formacion-Hara-miniatura-horizontal.jpg","type":"image\/jpeg"}],"author":"Santiago de Frutos","twitter_card":"summary_large_image","twitter_creator":"@ColeLourdesVa","twitter_site":"@ColeLourdesVa","twitter_misc":{"Escrito por":"Santiago de Frutos","Tiempo de lectura":"1 minuto"},"schema":{"@context":"https:\/\/schema.org","@graph":[{"@type":"Article","@id":"https:\/\/colegiolourdes.es\/index.php\/2021\/09\/curso-de-formacion-hara-en-arcas-reales\/#article","isPartOf":{"@id":"https:\/\/colegiolourdes.es\/index.php\/2021\/09\/curso-de-formacion-hara-en-arcas-reales\/"},"author":{"name":"Santiago de Frutos","@id":"https:\/\/colegiolourdes.es\/#\/schema\/person\/fc68a6813395da4c795f5103ba1f53b6"},"headline":"Curso de formaci\u00f3n Hara en Arcas Reales","datePublished":"2021-09-03T11:08:12+00:00","dateModified":"2025-05-05T09:47:31+00:00","mainEntityOfPage":{"@id":"https:\/\/colegiolourdes.es\/index.php\/2021\/09\/curso-de-formacion-hara-en-arcas-reales\/"},"wordCount":313,"publisher":{"@id":"https:\/\/colegiolourdes.es\/#organization"},"image":{"@id":"https:\/\/colegiolourdes.es\/index.php\/2021\/09\/curso-de-formacion-hara-en-arcas-reales\/#primaryimage"},"thumbnailUrl":"https:\/\/colegiolourdes.es\/wp-content\/uploads\/2021\/09\/2021-08-31-Formacion-Hara-miniatura-horizontal.jpg","keywords":["#sentimientolourdes","colegio lourdes","Est\u00e1s en Casa","Hara","Mira m\u00e1s all\u00e1","Somos La Salle"],"articleSection":["Curso 2021-22","Noticias"],"inLanguage":"es"},{"@type":"WebPage","@id":"https:\/\/colegiolourdes.es\/index.php\/2021\/09\/curso-de-formacion-hara-en-arcas-reales\/","url":"https:\/\/colegiolourdes.es\/index.php\/2021\/09\/curso-de-formacion-hara-en-arcas-reales\/","name":"Curso de formaci\u00f3n Hara en Arcas Reales - Colegio Lourdes","isPartOf":{"@id":"https:\/\/colegiolourdes.es\/#website"},"primaryImageOfPage":{"@id":"https:\/\/colegiolourdes.es\/index.php\/2021\/09\/curso-de-formacion-hara-en-arcas-reales\/#primaryimage"},"image":{"@id":"https:\/\/colegiolourdes.es\/index.php\/2021\/09\/curso-de-formacion-hara-en-arcas-reales\/#primaryimage"},"thumbnailUrl":"https:\/\/colegiolourdes.es\/wp-content\/uploads\/2021\/09\/2021-08-31-Formacion-Hara-miniatura-horizontal.jpg","datePublished":"2021-09-03T11:08:12+00:00","dateModified":"2025-05-05T09:47:31+00:00","inLanguage":"es","potentialAction":[{"@type":"ReadAction","target":["https:\/\/colegiolourdes.es\/index.php\/2021\/09\/curso-de-formacion-hara-en-arcas-reales\/"]}]},{"@type":"ImageObject","inLanguage":"es","@id":"https:\/\/colegiolourdes.es\/index.php\/2021\/09\/curso-de-formacion-hara-en-arcas-reales\/#primaryimage","url":"https:\/\/colegiolourdes.es\/wp-content\/uploads\/2021\/09\/2021-08-31-Formacion-Hara-miniatura-horizontal.jpg","contentUrl":"https:\/\/colegiolourdes.es\/wp-content\/uploads\/2021\/09\/2021-08-31-Formacion-Hara-miniatura-horizontal.jpg","width":1920,"height":1080},{"@type":"WebSite","@id":"https:\/\/colegiolourdes.es\/#website","url":"https:\/\/colegiolourdes.es\/","name":"Colegio Lourdes","description":"Web del Colegio Nuestra Se\u00f1ora de Lourdes de Valladolid.","publisher":{"@id":"https:\/\/colegiolourdes.es\/#organization"},"alternateName":"Colegio Nuestra Se\u00f1ora de Lourdes","potentialAction":[{"@type":"SearchAction","target":{"@type":"EntryPoint","urlTemplate":"https:\/\/colegiolourdes.es\/?s={search_term_string}"},"query-input":{"@type":"PropertyValueSpecification","valueRequired":true,"valueName":"search_term_string"}}],"inLanguage":"es"},{"@type":"Organization","@id":"https:\/\/colegiolourdes.es\/#organization","name":"Colegio Nuestra Se\u00f1ora de Lourdes","alternateName":"Colegio Lourdes Valladolid","url":"https:\/\/colegiolourdes.es\/","logo":{"@type":"ImageObject","inLanguage":"es","@id":"https:\/\/colegiolourdes.es\/#\/schema\/logo\/image\/","url":"https:\/\/colegiolourdes.es\/wp-content\/uploads\/2021\/11\/cropped-Escudo.png","contentUrl":"https:\/\/colegiolourdes.es\/wp-content\/uploads\/2021\/11\/cropped-Escudo.png","width":85,"height":105,"caption":"Colegio Nuestra Se\u00f1ora de Lourdes"},"image":{"@id":"https:\/\/colegiolourdes.es\/#\/schema\/logo\/image\/"},"sameAs":["https:\/\/www.facebook.com\/colegiolourdesva","https:\/\/x.com\/ColeLourdesVa","https:\/\/www.instagram.com\/colegio_lourdes_valladolid\/"]},{"@type":"Person","@id":"https:\/\/colegiolourdes.es\/#\/schema\/person\/fc68a6813395da4c795f5103ba1f53b6","name":"Santiago de Frutos","image":{"@type":"ImageObject","inLanguage":"es","@id":"https:\/\/secure.gravatar.com\/avatar\/70dada565ce0dc4d7bf0c790be8d5ba31c607451b0e237d399ecb7f01c923a50?s=96&d=mm&r=g","url":"https:\/\/secure.gravatar.com\/avatar\/70dada565ce0dc4d7bf0c790be8d5ba31c607451b0e237d399ecb7f01c923a50?s=96&d=mm&r=g","contentUrl":"https:\/\/secure.gravatar.com\/avatar\/70dada565ce0dc4d7bf0c790be8d5ba31c607451b0e237d399ecb7f01c923a50?s=96&d=mm&r=g","caption":"Santiago de Frutos"},"url":"https:\/\/colegiolourdes.es\/index.php\/author\/santiago\/"}]}},"_links":{"self":[{"href":"https:\/\/colegiolourdes.es\/index.php\/wp-json\/wp\/v2\/posts\/8713","targetHints":{"allow":["GET"]}}],"collection":[{"href":"https:\/\/colegiolourdes.es\/index.php\/wp-json\/wp\/v2\/posts"}],"about":[{"href":"https:\/\/colegiolourdes.es\/index.php\/wp-json\/wp\/v2\/types\/post"}],"author":[{"embeddable":true,"href":"https:\/\/colegiolourdes.es\/index.php\/wp-json\/wp\/v2\/users\/5"}],"replies":[{"embeddable":true,"href":"https:\/\/colegiolourdes.es\/index.php\/wp-json\/wp\/v2\/comments?post=8713"}],"version-history":[{"count":4,"href":"https:\/\/colegiolourdes.es\/index.php\/wp-json\/wp\/v2\/posts\/8713\/revisions"}],"predecessor-version":[{"id":8780,"href":"https:\/\/colegiolourdes.es\/index.php\/wp-json\/wp\/v2\/posts\/8713\/revisions\/8780"}],"wp:featuredmedia":[{"embeddable":true,"href":"https:\/\/colegiolourdes.es\/index.php\/wp-json\/wp\/v2\/media\/8714"}],"wp:attachment":[{"href":"https:\/\/colegiolourdes.es\/index.php\/wp-json\/wp\/v2\/media?parent=8713"}],"wp:term":[{"taxonomy":"category","embeddable":true,"href":"https:\/\/colegiolourdes.es\/index.php\/wp-json\/wp\/v2\/categories?post=8713"},{"taxonomy":"post_tag","embeddable":true,"href":"https:\/\/colegiolourdes.es\/index.php\/wp-json\/wp\/v2\/tags?post=8713"}],"curies":[{"name":"wp","href":"https:\/\/api.w.org\/{rel}","templated":true}]}}