{"id":9501,"date":"2021-09-19T16:33:24","date_gmt":"2021-09-19T16:33:24","guid":{"rendered":"https:\/\/colegiolourdes.es\/?p=9501"},"modified":"2025-05-05T11:48:04","modified_gmt":"2025-05-05T09:48:04","slug":"curso-de-formacion-inicial-de-profesores-nuevos","status":"publish","type":"post","link":"https:\/\/colegiolourdes.es\/index.php\/2021\/09\/curso-de-formacion-inicial-de-profesores-nuevos\/","title":{"rendered":"Formaci\u00f3n inicial de profesores nuevos"},"content":{"rendered":"<div class=\"brz-root__container brz-reset-all brz brz-root__container-page\">\n<section id=\"_yrvsfvlogiajavdycwhmcjjjxqqsgknzujmj\" class=\"brz-section brz-css-zru93u brz-css-rlhc9q\">\n<div class=\"brz-section__content brz-section--fullWidth brz-css-hkidmw brz-css-wvecou\" data-brz-custom-id=\"xvulwemrintftpyxnalowtqrdztcyhukfycq\">\n<div class=\"brz-bg\">\n<div class=\"brz-bg-image\"><\/div>\n<\/div>\n<div class=\"brz-container brz-css-1rw7276 brz-css-7of9c2\"><\/div>\n<\/div>\n<\/section>\n<section id=\"_usvxkzznfouchmprmxelmqghismnvqthksoj\" class=\"brz-section brz-css-zru93u\">\n<div class=\"brz-section__content brz-section--boxed brz-css-hkidmw brz-css-1j44glc\" data-brz-custom-id=\"ttcwciacelltcqvptvmlsqtkdickkdcmvvpz\">\n<div class=\"brz-bg\">\n<div class=\"brz-bg-color\"><\/div>\n<\/div>\n<div class=\"brz-container brz-css-1rw7276\">\n<div class=\"brz-row__container brz-css-b5ll7h\" data-brz-custom-id=\"odnhniqlksgvpuoaagadxmcihwjtzfotqhdn\">\n<div class=\"brz-bg\"><\/div>\n<div class=\"brz-row brz-css-145hcnu\">\n<div class=\"brz-columns brz-css-1c6rpqq brz-css-x4hln3\" data-brz-custom-id=\"fwjlktqbiqluxcovurfuatvbywkxyfhogwlo\">\n<div class=\"brz-bg\"><\/div>\n<div class=\"brz-column__items brz-css-1jk733q brz-css-ux5ml5\">\n<div id=\"\" class=\"brz-css-ihn7qa brz-css-1nzcg02 brz-wrapper\">\n<div class=\"brz-video brz-youtube-video brz-video-on-controls-hidden brz-css-7mjxk2\" data-brz-custom-id=\"iiojqbtnvnryhybklxsuonmzlvzigyhbskuo\">\n<div class=\"brz-video-content\" data-loop=\"false\" data-muted=\"false\" data-autoplay=\"off\">\n<div class=\"video-wrapper brz-image-fix-16-9\">\n<div class=\"brz-video-data brz-hidden\" data-src=\"https:\/\/www.youtube.com\/embed\/bMGD-GYad20?autoplay=0&amp;controls=1&amp;start=0&amp;end=0&amp;modestbranding=0&amp;wmode=transparent&amp;enablejsapi=1&amp;loop=0&amp;rel=0&amp;mute=0\" data-population=\"\" data-controls=\"true\" data-branding=\"true\" data-intro=\"true\" data-start=\"0\" data-end=\"0\" data-loop=\"false\" data-autoplay=\"off\"><\/div>\n<\/div>\n<\/div>\n<\/div>\n<\/div>\n<div id=\"\" class=\"brz-css-ihn7qa brz-css-1n6qxx0 brz-wrapper\">\n<div class=\"brz-line brz-line-default brz-css-xe4005 brz-css-6ccfhr\" data-brz-custom-id=\"vliuesgdrevykahxptxxfedszejwzktdmzho\">\n<hr class=\"brz-hr\"><\/div>\n<\/div>\n<div id=\"\" class=\"brz-css-ihn7qa brz-wrapper\">\n<div class=\"brz-rich-text brz-rich-text__custom brz-css-cy8uoy\" data-brz-custom-id=\"litswwyhdelxjbxxfwfmspoghslvezeazwff\">\n<div data-brz-translate-text=\"1\">\n<p class=\"brz-tp-lg-paragraph brz-text-lg-center brz-css-d1LtR\" data-uniq-id=\"acldj\" data-generated-css=\"brz-css-cesvv\"><em>Un equipo de 20 profesores, procedentes de los diferentes centros educativos de la zona noroeste de la Pen\u00ednsula, participaron del primer m\u00f3dulo formaci\u00f3n inicial que La Salle planifica para las nuevas incorporaciones docentes.<\/em><\/p>\n<p class=\"brz-tp-lg-paragraph brz-text-lg-center brz-css-pUJY9\" data-uniq-id=\"hvvgn\" data-generated-css=\"brz-css-jiqwe\">&nbsp;<\/p>\n<p class=\"brz-tp-lg-paragraph brz-css-tsnlY\" data-uniq-id=\"mzzsz\" data-generated-css=\"brz-css-ektnq\">Los d\u00edas 17 y 18 de septiembre, los profesores de primer a\u00f1o de la zona noroeste han participado en el encuentro de formaci\u00f3n inicial en la residencia de Arcas Reales, Valladolid. El grupo de asistentes, integrado por 20 docentes, comienza su andadura en el programa de formaci\u00f3n continua para el acompa\u00f1amiento y crecimiento personal de las nuevas incorporaciones en el \u00e1mbito educativo.<\/p>\n<p class=\"brz-tp-lg-paragraph brz-css-l1s8P\" data-uniq-id=\"htrxd\" data-generated-css=\"brz-css-rjiiz\">&nbsp;<\/p>\n<p class=\"brz-tp-lg-paragraph brz-css-qdiYt\" data-uniq-id=\"udgfp\" data-generated-css=\"brz-css-rhnco\">El plan de formaci\u00f3n asignado para este encuentro, se ha centrado en la inmersi\u00f3n de los asistentes en los principios fundantes del Instituto; una mirada a los or\u00edgenes que abarca la proyecci\u00f3n educativa de La Salle en el mundo, los valores que integran la escuela de hoy y las actitudes centrales del educador lasaliano. Tambi\u00e9n hubo tiempo, en un plano pr\u00e1ctico, para la reflexi\u00f3n cooperativa de los participantes acerca del papel de la escuela en el contexto presente.<\/p>\n<p class=\"brz-tp-lg-paragraph brz-css-mEnkL\" data-uniq-id=\"koldr\" data-generated-css=\"brz-css-brhio\">&nbsp;<\/p>\n<p class=\"brz-tp-lg-paragraph brz-css-b57ON\" data-uniq-id=\"lpvge\" data-generated-css=\"brz-css-gpfwg\"><span>La Salle es una instituci\u00f3n educativa mundial, con m\u00e1s de 300 a\u00f1os de historia, cuya misi\u00f3n se centra en educar a ni\u00f1os y j\u00f3venes. Actualmente, tiene presencia en m\u00e1s de 77 pa\u00edses y cuenta con 1.000 centros educativos y 60 universidades<\/span>.<\/p>\n<\/div>\n<\/div>\n<\/div>\n<\/div>\n<\/div>\n<div class=\"brz-columns brz-css-1c6rpqq brz-css-190bci2\" data-brz-custom-id=\"nnjareluuchlwlnntdambikoxqnembvzwtha\">\n<div class=\"brz-bg\"><\/div>\n<div class=\"brz-column__items brz-css-1jk733q brz-css-145wvhf\">\n<div id=\"\" class=\"brz-css-ihn7qa brz-css-b8p1kz brz-wrapper\">\n<div class=\"brz-rich-text brz-rich-text__custom brz-css-cy8uoy\" data-brz-custom-id=\"jfvvmyqvwcwefqtohxvaohefzmyvfrnmollf\">\n<div data-brz-translate-text=\"1\">\n<p class=\"brz-fs-sm-30 brz-ls-lg-m_1_5 brz-ff-montserrat brz-fs-lg-99 brz-fw-lg-400 brz-lh-lg-1 brz-text-lg-left brz-fs-xs-30 brz-css-qnfsf\" data-generated-css=\"brz-css-cdofq\" data-uniq-id=\"brsmt\"><span class=\"brz-cp-color1\">Sept2021<\/span><\/p>\n<\/div>\n<\/div>\n<\/div>\n<div id=\"\" class=\"brz-css-ihn7qa brz-css-kxafcz brz-wrapper\">\n<div class=\"brz-line brz-line-default brz-css-xe4005 brz-css-2bggrw\" data-brz-custom-id=\"obpomlrxvicsgmxkadacgnbezwwcushdouje\">\n<hr class=\"brz-hr\"><\/div>\n<\/div>\n<div id=\"\" class=\"brz-css-ihn7qa brz-wrapper\">\n<div class=\"brz-rich-text brz-rich-text__custom brz-css-cy8uoy\" data-brz-custom-id=\"ibuozhewvxqopfoqqiatgizsnreoosabiyer\">\n<div data-brz-translate-text=\"1\">\n<p class=\"brz-tp-lg-button brz-text-lg-left brz-css-hM6Vz\" data-uniq-id=\"vkqpi\" data-generated-css=\"brz-css-zfaiw\"><strong class=\"brz-cp-color1\">PROFESORADO<\/strong><\/p>\n<\/div>\n<\/div>\n<\/div>\n<\/div>\n<\/div>\n<\/div>\n<\/div>\n<div id=\"\" class=\"brz-css-ihn7qa brz-css-yzbm86 brz-css-g2q6v1 brz-wrapper\">\n<div class=\"brz-spacer brz-css-vjd5u4\"><\/div>\n<\/div>\n<div id=\"\" class=\"brz-css-ihn7qa brz-wrapper\">\n<div class=\"brz-image brz-css-1qbk4fj\" data-brz-custom-id=\"pcuklbsgbmcpplxzqsbwifnjqokewpybmdty\"><a class=\"brz-a\" href=\"https:\/\/colegiolourdes.es\/wp-content\/uploads\/2021\/09\/2021.09.14-Colegio-Profesores.Nuevos.jpg\" target=\"_self\" rel=\"noopener\" data-brz-link-type=\"lightBox\"><img decoding=\"async\" class=\"brz-img\" src=\"https:\/\/colegiolourdes.es\/wp-content\/uploads\/brizy\/imgs\/2021.09.14-Colegio-Profesores.Nuevos-1170x1560x0x562x1170x468x1632068928.jpg\" alt=\"\" loading=\"lazy\"><\/a><\/div>\n<\/div>\n<\/div>\n<\/div>\n<\/section>\n<\/div>\n<p>    <!-- version:1736998503 --><\/p>\n","protected":false},"excerpt":{"rendered":"<p>Un equipo de 20 profesores, participaron del primer m\u00f3dulo formaci\u00f3n inicial que La Salle planifica para las nuevas incorporaciones docentes.<\/p>\n","protected":false},"author":5,"featured_media":9502,"comment_status":"closed","ping_status":"closed","sticky":false,"template":"brizy-blank-template.php","format":"standard","meta":{"footnotes":""},"categories":[38,3],"tags":[42,15,45,46,17,18],"class_list":["post-9501","post","type-post","status-publish","format-standard","has-post-thumbnail","hentry","category-curso-2021-22","category-noticias","tag-sentimientolourdes","tag-colegio-lourdes","tag-estas-en-casa","tag-hara","tag-mira-mas-alla","tag-somos-la-salle","entry"],"yoast_head":"<!-- This site is optimized with the Yoast SEO plugin v27.5 - https:\/\/yoast.com\/product\/yoast-seo-wordpress\/ -->\n<title>Formaci\u00f3n inicial de profesores nuevos - Colegio Lourdes<\/title>\n<meta name=\"robots\" content=\"index, follow, max-snippet:-1, max-image-preview:large, max-video-preview:-1\" \/>\n<link rel=\"canonical\" href=\"https:\/\/colegiolourdes.es\/index.php\/2021\/09\/curso-de-formacion-inicial-de-profesores-nuevos\/\" \/>\n<meta property=\"og:locale\" content=\"es_ES\" \/>\n<meta property=\"og:type\" content=\"article\" \/>\n<meta property=\"og:title\" content=\"Formaci\u00f3n inicial de profesores nuevos - Colegio Lourdes\" \/>\n<meta property=\"og:description\" content=\"Un equipo de 20 profesores, participaron del primer m\u00f3dulo formaci\u00f3n inicial que La Salle planifica para las nuevas incorporaciones docentes.\" \/>\n<meta property=\"og:url\" content=\"https:\/\/colegiolourdes.es\/index.php\/2021\/09\/curso-de-formacion-inicial-de-profesores-nuevos\/\" \/>\n<meta property=\"og:site_name\" content=\"Colegio Lourdes\" \/>\n<meta property=\"article:publisher\" content=\"https:\/\/www.facebook.com\/colegiolourdesva\" \/>\n<meta property=\"article:published_time\" content=\"2021-09-19T16:33:24+00:00\" \/>\n<meta property=\"article:modified_time\" content=\"2025-05-05T09:48:04+00:00\" \/>\n<meta property=\"og:image\" content=\"https:\/\/colegiolourdes.es\/wp-content\/uploads\/2021\/09\/2021.09.14-Colegio-Profesores.Nuevos.jpg\" \/>\n\t<meta property=\"og:image:width\" content=\"1512\" \/>\n\t<meta property=\"og:image:height\" content=\"2016\" \/>\n\t<meta property=\"og:image:type\" content=\"image\/jpeg\" \/>\n<meta name=\"author\" content=\"Santiago de Frutos\" \/>\n<meta name=\"twitter:card\" content=\"summary_large_image\" \/>\n<meta name=\"twitter:creator\" content=\"@ColeLourdesVa\" \/>\n<meta name=\"twitter:site\" content=\"@ColeLourdesVa\" \/>\n<meta name=\"twitter:label1\" content=\"Escrito por\" \/>\n\t<meta name=\"twitter:data1\" content=\"Santiago de Frutos\" \/>\n\t<meta name=\"twitter:label2\" content=\"Tiempo de lectura\" \/>\n\t<meta name=\"twitter:data2\" content=\"2 minutos\" \/>\n<script type=\"application\/ld+json\" class=\"yoast-schema-graph\">{\"@context\":\"https:\\\/\\\/schema.org\",\"@graph\":[{\"@type\":\"Article\",\"@id\":\"https:\\\/\\\/colegiolourdes.es\\\/index.php\\\/2021\\\/09\\\/curso-de-formacion-inicial-de-profesores-nuevos\\\/#article\",\"isPartOf\":{\"@id\":\"https:\\\/\\\/colegiolourdes.es\\\/index.php\\\/2021\\\/09\\\/curso-de-formacion-inicial-de-profesores-nuevos\\\/\"},\"author\":{\"name\":\"Santiago de Frutos\",\"@id\":\"https:\\\/\\\/colegiolourdes.es\\\/#\\\/schema\\\/person\\\/fc68a6813395da4c795f5103ba1f53b6\"},\"headline\":\"Formaci\u00f3n inicial de profesores nuevos\",\"datePublished\":\"2021-09-19T16:33:24+00:00\",\"dateModified\":\"2025-05-05T09:48:04+00:00\",\"mainEntityOfPage\":{\"@id\":\"https:\\\/\\\/colegiolourdes.es\\\/index.php\\\/2021\\\/09\\\/curso-de-formacion-inicial-de-profesores-nuevos\\\/\"},\"wordCount\":240,\"publisher\":{\"@id\":\"https:\\\/\\\/colegiolourdes.es\\\/#organization\"},\"image\":{\"@id\":\"https:\\\/\\\/colegiolourdes.es\\\/index.php\\\/2021\\\/09\\\/curso-de-formacion-inicial-de-profesores-nuevos\\\/#primaryimage\"},\"thumbnailUrl\":\"https:\\\/\\\/colegiolourdes.es\\\/wp-content\\\/uploads\\\/2021\\\/09\\\/2021.09.14-Colegio-Profesores.Nuevos.jpg\",\"keywords\":[\"#sentimientolourdes\",\"colegio lourdes\",\"Est\u00e1s en Casa\",\"Hara\",\"Mira m\u00e1s all\u00e1\",\"Somos La Salle\"],\"articleSection\":[\"Curso 2021-22\",\"Noticias\"],\"inLanguage\":\"es\"},{\"@type\":\"WebPage\",\"@id\":\"https:\\\/\\\/colegiolourdes.es\\\/index.php\\\/2021\\\/09\\\/curso-de-formacion-inicial-de-profesores-nuevos\\\/\",\"url\":\"https:\\\/\\\/colegiolourdes.es\\\/index.php\\\/2021\\\/09\\\/curso-de-formacion-inicial-de-profesores-nuevos\\\/\",\"name\":\"Formaci\u00f3n inicial de profesores nuevos - Colegio Lourdes\",\"isPartOf\":{\"@id\":\"https:\\\/\\\/colegiolourdes.es\\\/#website\"},\"primaryImageOfPage\":{\"@id\":\"https:\\\/\\\/colegiolourdes.es\\\/index.php\\\/2021\\\/09\\\/curso-de-formacion-inicial-de-profesores-nuevos\\\/#primaryimage\"},\"image\":{\"@id\":\"https:\\\/\\\/colegiolourdes.es\\\/index.php\\\/2021\\\/09\\\/curso-de-formacion-inicial-de-profesores-nuevos\\\/#primaryimage\"},\"thumbnailUrl\":\"https:\\\/\\\/colegiolourdes.es\\\/wp-content\\\/uploads\\\/2021\\\/09\\\/2021.09.14-Colegio-Profesores.Nuevos.jpg\",\"datePublished\":\"2021-09-19T16:33:24+00:00\",\"dateModified\":\"2025-05-05T09:48:04+00:00\",\"inLanguage\":\"es\",\"potentialAction\":[{\"@type\":\"ReadAction\",\"target\":[\"https:\\\/\\\/colegiolourdes.es\\\/index.php\\\/2021\\\/09\\\/curso-de-formacion-inicial-de-profesores-nuevos\\\/\"]}]},{\"@type\":\"ImageObject\",\"inLanguage\":\"es\",\"@id\":\"https:\\\/\\\/colegiolourdes.es\\\/index.php\\\/2021\\\/09\\\/curso-de-formacion-inicial-de-profesores-nuevos\\\/#primaryimage\",\"url\":\"https:\\\/\\\/colegiolourdes.es\\\/wp-content\\\/uploads\\\/2021\\\/09\\\/2021.09.14-Colegio-Profesores.Nuevos.jpg\",\"contentUrl\":\"https:\\\/\\\/colegiolourdes.es\\\/wp-content\\\/uploads\\\/2021\\\/09\\\/2021.09.14-Colegio-Profesores.Nuevos.jpg\",\"width\":1512,\"height\":2016},{\"@type\":\"WebSite\",\"@id\":\"https:\\\/\\\/colegiolourdes.es\\\/#website\",\"url\":\"https:\\\/\\\/colegiolourdes.es\\\/\",\"name\":\"Colegio Lourdes\",\"description\":\"Web del Colegio Nuestra Se\u00f1ora de Lourdes de Valladolid.\",\"publisher\":{\"@id\":\"https:\\\/\\\/colegiolourdes.es\\\/#organization\"},\"alternateName\":\"Colegio Nuestra Se\u00f1ora de Lourdes\",\"potentialAction\":[{\"@type\":\"SearchAction\",\"target\":{\"@type\":\"EntryPoint\",\"urlTemplate\":\"https:\\\/\\\/colegiolourdes.es\\\/?s={search_term_string}\"},\"query-input\":{\"@type\":\"PropertyValueSpecification\",\"valueRequired\":true,\"valueName\":\"search_term_string\"}}],\"inLanguage\":\"es\"},{\"@type\":\"Organization\",\"@id\":\"https:\\\/\\\/colegiolourdes.es\\\/#organization\",\"name\":\"Colegio Nuestra Se\u00f1ora de Lourdes\",\"alternateName\":\"Colegio Lourdes Valladolid\",\"url\":\"https:\\\/\\\/colegiolourdes.es\\\/\",\"logo\":{\"@type\":\"ImageObject\",\"inLanguage\":\"es\",\"@id\":\"https:\\\/\\\/colegiolourdes.es\\\/#\\\/schema\\\/logo\\\/image\\\/\",\"url\":\"https:\\\/\\\/colegiolourdes.es\\\/wp-content\\\/uploads\\\/2021\\\/11\\\/cropped-Escudo.png\",\"contentUrl\":\"https:\\\/\\\/colegiolourdes.es\\\/wp-content\\\/uploads\\\/2021\\\/11\\\/cropped-Escudo.png\",\"width\":85,\"height\":105,\"caption\":\"Colegio Nuestra Se\u00f1ora de Lourdes\"},\"image\":{\"@id\":\"https:\\\/\\\/colegiolourdes.es\\\/#\\\/schema\\\/logo\\\/image\\\/\"},\"sameAs\":[\"https:\\\/\\\/www.facebook.com\\\/colegiolourdesva\",\"https:\\\/\\\/x.com\\\/ColeLourdesVa\",\"https:\\\/\\\/www.instagram.com\\\/colegio_lourdes_valladolid\\\/\"]},{\"@type\":\"Person\",\"@id\":\"https:\\\/\\\/colegiolourdes.es\\\/#\\\/schema\\\/person\\\/fc68a6813395da4c795f5103ba1f53b6\",\"name\":\"Santiago de Frutos\",\"image\":{\"@type\":\"ImageObject\",\"inLanguage\":\"es\",\"@id\":\"https:\\\/\\\/secure.gravatar.com\\\/avatar\\\/70dada565ce0dc4d7bf0c790be8d5ba31c607451b0e237d399ecb7f01c923a50?s=96&d=mm&r=g\",\"url\":\"https:\\\/\\\/secure.gravatar.com\\\/avatar\\\/70dada565ce0dc4d7bf0c790be8d5ba31c607451b0e237d399ecb7f01c923a50?s=96&d=mm&r=g\",\"contentUrl\":\"https:\\\/\\\/secure.gravatar.com\\\/avatar\\\/70dada565ce0dc4d7bf0c790be8d5ba31c607451b0e237d399ecb7f01c923a50?s=96&d=mm&r=g\",\"caption\":\"Santiago de Frutos\"},\"url\":\"https:\\\/\\\/colegiolourdes.es\\\/index.php\\\/author\\\/santiago\\\/\"}]}<\/script>\n<!-- \/ Yoast SEO plugin. -->","yoast_head_json":{"title":"Formaci\u00f3n inicial de profesores nuevos - Colegio Lourdes","robots":{"index":"index","follow":"follow","max-snippet":"max-snippet:-1","max-image-preview":"max-image-preview:large","max-video-preview":"max-video-preview:-1"},"canonical":"https:\/\/colegiolourdes.es\/index.php\/2021\/09\/curso-de-formacion-inicial-de-profesores-nuevos\/","og_locale":"es_ES","og_type":"article","og_title":"Formaci\u00f3n inicial de profesores nuevos - Colegio Lourdes","og_description":"Un equipo de 20 profesores, participaron del primer m\u00f3dulo formaci\u00f3n inicial que La Salle planifica para las nuevas incorporaciones docentes.","og_url":"https:\/\/colegiolourdes.es\/index.php\/2021\/09\/curso-de-formacion-inicial-de-profesores-nuevos\/","og_site_name":"Colegio Lourdes","article_publisher":"https:\/\/www.facebook.com\/colegiolourdesva","article_published_time":"2021-09-19T16:33:24+00:00","article_modified_time":"2025-05-05T09:48:04+00:00","og_image":[{"width":1512,"height":2016,"url":"https:\/\/colegiolourdes.es\/wp-content\/uploads\/2021\/09\/2021.09.14-Colegio-Profesores.Nuevos.jpg","type":"image\/jpeg"}],"author":"Santiago de Frutos","twitter_card":"summary_large_image","twitter_creator":"@ColeLourdesVa","twitter_site":"@ColeLourdesVa","twitter_misc":{"Escrito por":"Santiago de Frutos","Tiempo de lectura":"2 minutos"},"schema":{"@context":"https:\/\/schema.org","@graph":[{"@type":"Article","@id":"https:\/\/colegiolourdes.es\/index.php\/2021\/09\/curso-de-formacion-inicial-de-profesores-nuevos\/#article","isPartOf":{"@id":"https:\/\/colegiolourdes.es\/index.php\/2021\/09\/curso-de-formacion-inicial-de-profesores-nuevos\/"},"author":{"name":"Santiago de Frutos","@id":"https:\/\/colegiolourdes.es\/#\/schema\/person\/fc68a6813395da4c795f5103ba1f53b6"},"headline":"Formaci\u00f3n inicial de profesores nuevos","datePublished":"2021-09-19T16:33:24+00:00","dateModified":"2025-05-05T09:48:04+00:00","mainEntityOfPage":{"@id":"https:\/\/colegiolourdes.es\/index.php\/2021\/09\/curso-de-formacion-inicial-de-profesores-nuevos\/"},"wordCount":240,"publisher":{"@id":"https:\/\/colegiolourdes.es\/#organization"},"image":{"@id":"https:\/\/colegiolourdes.es\/index.php\/2021\/09\/curso-de-formacion-inicial-de-profesores-nuevos\/#primaryimage"},"thumbnailUrl":"https:\/\/colegiolourdes.es\/wp-content\/uploads\/2021\/09\/2021.09.14-Colegio-Profesores.Nuevos.jpg","keywords":["#sentimientolourdes","colegio lourdes","Est\u00e1s en Casa","Hara","Mira m\u00e1s all\u00e1","Somos La Salle"],"articleSection":["Curso 2021-22","Noticias"],"inLanguage":"es"},{"@type":"WebPage","@id":"https:\/\/colegiolourdes.es\/index.php\/2021\/09\/curso-de-formacion-inicial-de-profesores-nuevos\/","url":"https:\/\/colegiolourdes.es\/index.php\/2021\/09\/curso-de-formacion-inicial-de-profesores-nuevos\/","name":"Formaci\u00f3n inicial de profesores nuevos - Colegio Lourdes","isPartOf":{"@id":"https:\/\/colegiolourdes.es\/#website"},"primaryImageOfPage":{"@id":"https:\/\/colegiolourdes.es\/index.php\/2021\/09\/curso-de-formacion-inicial-de-profesores-nuevos\/#primaryimage"},"image":{"@id":"https:\/\/colegiolourdes.es\/index.php\/2021\/09\/curso-de-formacion-inicial-de-profesores-nuevos\/#primaryimage"},"thumbnailUrl":"https:\/\/colegiolourdes.es\/wp-content\/uploads\/2021\/09\/2021.09.14-Colegio-Profesores.Nuevos.jpg","datePublished":"2021-09-19T16:33:24+00:00","dateModified":"2025-05-05T09:48:04+00:00","inLanguage":"es","potentialAction":[{"@type":"ReadAction","target":["https:\/\/colegiolourdes.es\/index.php\/2021\/09\/curso-de-formacion-inicial-de-profesores-nuevos\/"]}]},{"@type":"ImageObject","inLanguage":"es","@id":"https:\/\/colegiolourdes.es\/index.php\/2021\/09\/curso-de-formacion-inicial-de-profesores-nuevos\/#primaryimage","url":"https:\/\/colegiolourdes.es\/wp-content\/uploads\/2021\/09\/2021.09.14-Colegio-Profesores.Nuevos.jpg","contentUrl":"https:\/\/colegiolourdes.es\/wp-content\/uploads\/2021\/09\/2021.09.14-Colegio-Profesores.Nuevos.jpg","width":1512,"height":2016},{"@type":"WebSite","@id":"https:\/\/colegiolourdes.es\/#website","url":"https:\/\/colegiolourdes.es\/","name":"Colegio Lourdes","description":"Web del Colegio Nuestra Se\u00f1ora de Lourdes de Valladolid.","publisher":{"@id":"https:\/\/colegiolourdes.es\/#organization"},"alternateName":"Colegio Nuestra Se\u00f1ora de Lourdes","potentialAction":[{"@type":"SearchAction","target":{"@type":"EntryPoint","urlTemplate":"https:\/\/colegiolourdes.es\/?s={search_term_string}"},"query-input":{"@type":"PropertyValueSpecification","valueRequired":true,"valueName":"search_term_string"}}],"inLanguage":"es"},{"@type":"Organization","@id":"https:\/\/colegiolourdes.es\/#organization","name":"Colegio Nuestra Se\u00f1ora de Lourdes","alternateName":"Colegio Lourdes Valladolid","url":"https:\/\/colegiolourdes.es\/","logo":{"@type":"ImageObject","inLanguage":"es","@id":"https:\/\/colegiolourdes.es\/#\/schema\/logo\/image\/","url":"https:\/\/colegiolourdes.es\/wp-content\/uploads\/2021\/11\/cropped-Escudo.png","contentUrl":"https:\/\/colegiolourdes.es\/wp-content\/uploads\/2021\/11\/cropped-Escudo.png","width":85,"height":105,"caption":"Colegio Nuestra Se\u00f1ora de Lourdes"},"image":{"@id":"https:\/\/colegiolourdes.es\/#\/schema\/logo\/image\/"},"sameAs":["https:\/\/www.facebook.com\/colegiolourdesva","https:\/\/x.com\/ColeLourdesVa","https:\/\/www.instagram.com\/colegio_lourdes_valladolid\/"]},{"@type":"Person","@id":"https:\/\/colegiolourdes.es\/#\/schema\/person\/fc68a6813395da4c795f5103ba1f53b6","name":"Santiago de Frutos","image":{"@type":"ImageObject","inLanguage":"es","@id":"https:\/\/secure.gravatar.com\/avatar\/70dada565ce0dc4d7bf0c790be8d5ba31c607451b0e237d399ecb7f01c923a50?s=96&d=mm&r=g","url":"https:\/\/secure.gravatar.com\/avatar\/70dada565ce0dc4d7bf0c790be8d5ba31c607451b0e237d399ecb7f01c923a50?s=96&d=mm&r=g","contentUrl":"https:\/\/secure.gravatar.com\/avatar\/70dada565ce0dc4d7bf0c790be8d5ba31c607451b0e237d399ecb7f01c923a50?s=96&d=mm&r=g","caption":"Santiago de Frutos"},"url":"https:\/\/colegiolourdes.es\/index.php\/author\/santiago\/"}]}},"_links":{"self":[{"href":"https:\/\/colegiolourdes.es\/index.php\/wp-json\/wp\/v2\/posts\/9501","targetHints":{"allow":["GET"]}}],"collection":[{"href":"https:\/\/colegiolourdes.es\/index.php\/wp-json\/wp\/v2\/posts"}],"about":[{"href":"https:\/\/colegiolourdes.es\/index.php\/wp-json\/wp\/v2\/types\/post"}],"author":[{"embeddable":true,"href":"https:\/\/colegiolourdes.es\/index.php\/wp-json\/wp\/v2\/users\/5"}],"replies":[{"embeddable":true,"href":"https:\/\/colegiolourdes.es\/index.php\/wp-json\/wp\/v2\/comments?post=9501"}],"version-history":[{"count":9,"href":"https:\/\/colegiolourdes.es\/index.php\/wp-json\/wp\/v2\/posts\/9501\/revisions"}],"predecessor-version":[{"id":9539,"href":"https:\/\/colegiolourdes.es\/index.php\/wp-json\/wp\/v2\/posts\/9501\/revisions\/9539"}],"wp:featuredmedia":[{"embeddable":true,"href":"https:\/\/colegiolourdes.es\/index.php\/wp-json\/wp\/v2\/media\/9502"}],"wp:attachment":[{"href":"https:\/\/colegiolourdes.es\/index.php\/wp-json\/wp\/v2\/media?parent=9501"}],"wp:term":[{"taxonomy":"category","embeddable":true,"href":"https:\/\/colegiolourdes.es\/index.php\/wp-json\/wp\/v2\/categories?post=9501"},{"taxonomy":"post_tag","embeddable":true,"href":"https:\/\/colegiolourdes.es\/index.php\/wp-json\/wp\/v2\/tags?post=9501"}],"curies":[{"name":"wp","href":"https:\/\/api.w.org\/{rel}","templated":true}]}}